{"id":5900,"date":"2020-05-21T08:43:13","date_gmt":"2020-05-21T08:43:13","guid":{"rendered":"https:\/\/www.clusteraudiovisual.cat\/la-nueva-realidad-de-los-festivales-con-la-aparicion-de-la-covid-19\/"},"modified":"2020-05-21T08:43:13","modified_gmt":"2020-05-21T08:43:13","slug":"la-nueva-realidad-de-los-festivales-con-la-aparicion-de-la-covid-19","status":"publish","type":"post","link":"https:\/\/www.clusteraudiovisual.cat\/es\/la-nueva-realidad-de-los-festivales-con-la-aparicion-de-la-covid-19\/","title":{"rendered":"La nueva realidad de los festivales con la aparici\u00f3n de la Covid-19"},"content":{"rendered":"<p>La nueva realidad de los festivales con la aparici\u00f3n de la Covid-19 es el t\u00edtulo de una de las charlas profesionales incluidas en el programa profesional del festival DocsBarcelona que ha sido posible gracias al apoyo del Cluster Audiovisual de Catalu\u00f1a.<\/p>\n<p>Cinco representantes de diferentes festivales de cine de Espa\u00f1a han explicado c\u00f3mo ha reaccionado cada festival ante el estado de alarma. El acto ha sido moderado por Elena Subir\u00e0.<\/p>\n<p>La conferencia comenz\u00f3 con Subir\u00e0 poniendo de relieve el singular aumento de conferencias durante el estado de alarma y abriendo la ronda de participaci\u00f3n preguntando a los ponentes sobre las diferentes decisiones que han tenido que tomar sus festivales.<\/p>\n<p>Casimiro Torreiro, miembro del equipo de direcci\u00f3n del Festival de M\u00e1laga, ha comenzado explicando que el virus los arroll\u00f3 con las preparaciones del festival de M\u00e1laga haciendo que hubiera muy poco tiempo para poder tomar decisiones. Han optado por aplazar el festival en agosto aunque con el riesgo de que coincidir\u00e1 con la famosa Feria de M\u00e1laga y que habr\u00e1 una cantidad de profesionales que no podr\u00e1n asistir, en especial, los latinoamericanos.<\/p>\n<p>El director del de A Film Festival, Carlos R\u00edos, explic\u00f3 que, en su caso, plantearon la cancelaci\u00f3n pero nunca posponer. Finalmente decidieron hacer el festival en un formato online a trav\u00e9s de la plataforma Filmin. As\u00ed han podido salvar la programaci\u00f3n y las pel\u00edculas se han podido ver y disfrutar.<\/p>\n<p>Helena Alabart ha comentado que tambi\u00e9n se pens\u00f3 posponer el DocsBarcelona, \u200b\u200bes la Productora Ejecutiva, pero que siempre se tuvo muy claro que hab\u00eda que hacer creando un espacio para el contacto profesional, ya que sin ello el festival no tiene sentido.<\/p>\n<p>Jaume Ripoll, cofundador y responsable de contenido de Filmin, ha hecho menci\u00f3n en el Festival Atl\u00e1ntida: se mantendr\u00e1 la parte presencial que tradicionalmente se hace en Mallorca, que se destinar\u00e1 al p\u00fablico de la isla, y se har\u00e1 de manera paralela una modalidad online.<\/p>\n<p>Desde el Festival de San Sebasti\u00e1n, Jos\u00e9 Luis Rebordinos ha comentado que la cita que \u00e9l dirige debe ser presencial, ya que juegan con premieres mundiales y europeas que exigen un pase inicial a la gran pantalla. As\u00ed pues, las pel\u00edculas se exhibir\u00e1n en cine aunque para adecuarse a la nueva normalidad se pasar\u00e1n con un 50% de ocupaci\u00f3n y trabajar\u00e1n de manera online el tema de industria. Esperan muchos invitados europeos y asi\u00e1ticos, pocos americanos y casi ninguna procedente de Am\u00e9rica Latina y la tradicional alfombra roja ser\u00e1 dif\u00edcil de mantener.<\/p>\n<p>Seguidamente se ha debatido sobre la oportunidad del formato online para un festival desde el punto de vista de las pel\u00edculas. Para el festival de A es una manera de dar visibilidad al cine de autor e independiente que dif\u00edcilmente tiene estrenos en salas comerciales, al igual que para Filmin, que apuesta por crear el mejor canal de exhibici\u00f3n para las pel\u00edculas. Para el festival de San Sebasti\u00e1n, sin embargo, es una opci\u00f3n buena pero que nunca puede sustituir a la actividad presencial y se debe luchar para que las dos modalidades no sean excluyentes y para crear espacios h\u00edbridos.<\/p>\n","protected":false},"excerpt":{"rendered":"<p>La nueva realidad de los festivales con la aparici\u00f3n de la Covid-19 es el t\u00edtulo de una de las charlas profesionales incluidas en el programa profesional del festival DocsBarcelona que [&hellip;]<\/p>\n","protected":false},"author":1,"featured_media":24059,"comment_status":"open","ping_status":"open","sticky":false,"template":"","format":"standard","meta":{"_acf_changed":false,"footnotes":""},"categories":[21],"tags":[],"class_list":["post-5900","post","type-post","status-publish","format-standard","has-post-thumbnail","hentry","category-actualidad"],"acf":[],"yoast_head":"<!-- This site is optimized with the Yoast SEO plugin v27.0 - https:\/\/yoast.com\/product\/yoast-seo-wordpress\/ -->\n<title>La nueva realidad de los festivales con la aparici\u00f3n de la Covid-19 - Cl\u00faster Audiovisual<\/title>\n<meta name=\"robots\" content=\"index, follow, max-snippet:-1, max-image-preview:large, max-video-preview:-1\" \/>\n<link rel=\"canonical\" href=\"https:\/\/www.clusteraudiovisual.cat\/es\/la-nueva-realidad-de-los-festivales-con-la-aparicion-de-la-covid-19\/\" \/>\n<meta property=\"og:locale\" content=\"es_ES\" \/>\n<meta property=\"og:type\" content=\"article\" \/>\n<meta property=\"og:title\" content=\"La nueva realidad de los festivales con la aparici\u00f3n de la Covid-19 - Cl\u00faster Audiovisual\" \/>\n<meta property=\"og:description\" content=\"La nueva realidad de los festivales con la aparici\u00f3n de la Covid-19 es el t\u00edtulo de una de las charlas profesionales incluidas en el programa profesional del festival DocsBarcelona que [&hellip;]\" \/>\n<meta property=\"og:url\" content=\"https:\/\/www.clusteraudiovisual.cat\/es\/la-nueva-realidad-de-los-festivales-con-la-aparicion-de-la-covid-19\/\" \/>\n<meta property=\"og:site_name\" content=\"Cl\u00faster Audiovisual\" \/>\n<meta property=\"article:published_time\" content=\"2020-05-21T08:43:13+00:00\" \/>\n<meta name=\"author\" content=\"admin\" \/>\n<meta name=\"twitter:card\" content=\"summary_large_image\" \/>\n<meta name=\"twitter:label1\" content=\"Escrito por\" \/>\n\t<meta name=\"twitter:data1\" content=\"admin\" \/>\n\t<meta name=\"twitter:label2\" content=\"Tiempo de lectura\" \/>\n\t<meta name=\"twitter:data2\" content=\"3 minutos\" \/>\n<script type=\"application\/ld+json\" class=\"yoast-schema-graph\">{\"@context\":\"https:\/\/schema.org\",\"@graph\":[{\"@type\":\"Article\",\"@id\":\"https:\/\/www.clusteraudiovisual.cat\/es\/la-nueva-realidad-de-los-festivales-con-la-aparicion-de-la-covid-19\/#article\",\"isPartOf\":{\"@id\":\"https:\/\/www.clusteraudiovisual.cat\/es\/la-nueva-realidad-de-los-festivales-con-la-aparicion-de-la-covid-19\/\"},\"author\":{\"name\":\"admin\",\"@id\":\"https:\/\/www.clusteraudiovisual.cat\/es\/#\/schema\/person\/23e1e732da72779cfc4fd7842583d17d\"},\"headline\":\"La nueva realidad de los festivales con la aparici\u00f3n de la Covid-19\",\"datePublished\":\"2020-05-21T08:43:13+00:00\",\"mainEntityOfPage\":{\"@id\":\"https:\/\/www.clusteraudiovisual.cat\/es\/la-nueva-realidad-de-los-festivales-con-la-aparicion-de-la-covid-19\/\"},\"wordCount\":558,\"commentCount\":0,\"image\":{\"@id\":\"https:\/\/www.clusteraudiovisual.cat\/es\/la-nueva-realidad-de-los-festivales-con-la-aparicion-de-la-covid-19\/#primaryimage\"},\"thumbnailUrl\":\"https:\/\/www.clusteraudiovisual.cat\/wp-content\/uploads\/2020\/05\/Noticia_2020_DocsBarcelonaCOVID.jpg\",\"articleSection\":[\"Actualidad\"],\"inLanguage\":\"es\",\"potentialAction\":[{\"@type\":\"CommentAction\",\"name\":\"Comment\",\"target\":[\"https:\/\/www.clusteraudiovisual.cat\/es\/la-nueva-realidad-de-los-festivales-con-la-aparicion-de-la-covid-19\/#respond\"]}]},{\"@type\":\"WebPage\",\"@id\":\"https:\/\/www.clusteraudiovisual.cat\/es\/la-nueva-realidad-de-los-festivales-con-la-aparicion-de-la-covid-19\/\",\"url\":\"https:\/\/www.clusteraudiovisual.cat\/es\/la-nueva-realidad-de-los-festivales-con-la-aparicion-de-la-covid-19\/\",\"name\":\"La nueva realidad de los festivales con la aparici\u00f3n de la Covid-19 - Cl\u00faster Audiovisual\",\"isPartOf\":{\"@id\":\"https:\/\/www.clusteraudiovisual.cat\/es\/#website\"},\"primaryImageOfPage\":{\"@id\":\"https:\/\/www.clusteraudiovisual.cat\/es\/la-nueva-realidad-de-los-festivales-con-la-aparicion-de-la-covid-19\/#primaryimage\"},\"image\":{\"@id\":\"https:\/\/www.clusteraudiovisual.cat\/es\/la-nueva-realidad-de-los-festivales-con-la-aparicion-de-la-covid-19\/#primaryimage\"},\"thumbnailUrl\":\"https:\/\/www.clusteraudiovisual.cat\/wp-content\/uploads\/2020\/05\/Noticia_2020_DocsBarcelonaCOVID.jpg\",\"datePublished\":\"2020-05-21T08:43:13+00:00\",\"author\":{\"@id\":\"https:\/\/www.clusteraudiovisual.cat\/es\/#\/schema\/person\/23e1e732da72779cfc4fd7842583d17d\"},\"inLanguage\":\"es\",\"potentialAction\":[{\"@type\":\"ReadAction\",\"target\":[\"https:\/\/www.clusteraudiovisual.cat\/es\/la-nueva-realidad-de-los-festivales-con-la-aparicion-de-la-covid-19\/\"]}]},{\"@type\":\"ImageObject\",\"inLanguage\":\"es\",\"@id\":\"https:\/\/www.clusteraudiovisual.cat\/es\/la-nueva-realidad-de-los-festivales-con-la-aparicion-de-la-covid-19\/#primaryimage\",\"url\":\"https:\/\/www.clusteraudiovisual.cat\/wp-content\/uploads\/2020\/05\/Noticia_2020_DocsBarcelonaCOVID.jpg\",\"contentUrl\":\"https:\/\/www.clusteraudiovisual.cat\/wp-content\/uploads\/2020\/05\/Noticia_2020_DocsBarcelonaCOVID.jpg\",\"width\":1200,\"height\":650},{\"@type\":\"WebSite\",\"@id\":\"https:\/\/www.clusteraudiovisual.cat\/es\/#website\",\"url\":\"https:\/\/www.clusteraudiovisual.cat\/es\/\",\"name\":\"Cl\u00faster Audiovisual\",\"description\":\"Associaci\u00f3 d&#039;empreses que integren el sector audiovisual.\",\"potentialAction\":[{\"@type\":\"SearchAction\",\"target\":{\"@type\":\"EntryPoint\",\"urlTemplate\":\"https:\/\/www.clusteraudiovisual.cat\/es\/?s={search_term_string}\"},\"query-input\":{\"@type\":\"PropertyValueSpecification\",\"valueRequired\":true,\"valueName\":\"search_term_string\"}}],\"inLanguage\":\"es\"},{\"@type\":\"Person\",\"@id\":\"https:\/\/www.clusteraudiovisual.cat\/es\/#\/schema\/person\/23e1e732da72779cfc4fd7842583d17d\",\"name\":\"admin\",\"sameAs\":[\"https:\/\/www.clusteraudiovisual.cat\"],\"url\":\"https:\/\/www.clusteraudiovisual.cat\/es\/author\/admin\/\"}]}<\/script>\n<!-- \/ Yoast SEO plugin. -->","yoast_head_json":{"title":"La nueva realidad de los festivales con la aparici\u00f3n de la Covid-19 - Cl\u00faster Audiovisual","robots":{"index":"index","follow":"follow","max-snippet":"max-snippet:-1","max-image-preview":"max-image-preview:large","max-video-preview":"max-video-preview:-1"},"canonical":"https:\/\/www.clusteraudiovisual.cat\/es\/la-nueva-realidad-de-los-festivales-con-la-aparicion-de-la-covid-19\/","og_locale":"es_ES","og_type":"article","og_title":"La nueva realidad de los festivales con la aparici\u00f3n de la Covid-19 - Cl\u00faster Audiovisual","og_description":"La nueva realidad de los festivales con la aparici\u00f3n de la Covid-19 es el t\u00edtulo de una de las charlas profesionales incluidas en el programa profesional del festival DocsBarcelona que [&hellip;]","og_url":"https:\/\/www.clusteraudiovisual.cat\/es\/la-nueva-realidad-de-los-festivales-con-la-aparicion-de-la-covid-19\/","og_site_name":"Cl\u00faster Audiovisual","article_published_time":"2020-05-21T08:43:13+00:00","author":"admin","twitter_card":"summary_large_image","twitter_misc":{"Escrito por":"admin","Tiempo de lectura":"3 minutos"},"schema":{"@context":"https:\/\/schema.org","@graph":[{"@type":"Article","@id":"https:\/\/www.clusteraudiovisual.cat\/es\/la-nueva-realidad-de-los-festivales-con-la-aparicion-de-la-covid-19\/#article","isPartOf":{"@id":"https:\/\/www.clusteraudiovisual.cat\/es\/la-nueva-realidad-de-los-festivales-con-la-aparicion-de-la-covid-19\/"},"author":{"name":"admin","@id":"https:\/\/www.clusteraudiovisual.cat\/es\/#\/schema\/person\/23e1e732da72779cfc4fd7842583d17d"},"headline":"La nueva realidad de los festivales con la aparici\u00f3n de la Covid-19","datePublished":"2020-05-21T08:43:13+00:00","mainEntityOfPage":{"@id":"https:\/\/www.clusteraudiovisual.cat\/es\/la-nueva-realidad-de-los-festivales-con-la-aparicion-de-la-covid-19\/"},"wordCount":558,"commentCount":0,"image":{"@id":"https:\/\/www.clusteraudiovisual.cat\/es\/la-nueva-realidad-de-los-festivales-con-la-aparicion-de-la-covid-19\/#primaryimage"},"thumbnailUrl":"https:\/\/www.clusteraudiovisual.cat\/wp-content\/uploads\/2020\/05\/Noticia_2020_DocsBarcelonaCOVID.jpg","articleSection":["Actualidad"],"inLanguage":"es","potentialAction":[{"@type":"CommentAction","name":"Comment","target":["https:\/\/www.clusteraudiovisual.cat\/es\/la-nueva-realidad-de-los-festivales-con-la-aparicion-de-la-covid-19\/#respond"]}]},{"@type":"WebPage","@id":"https:\/\/www.clusteraudiovisual.cat\/es\/la-nueva-realidad-de-los-festivales-con-la-aparicion-de-la-covid-19\/","url":"https:\/\/www.clusteraudiovisual.cat\/es\/la-nueva-realidad-de-los-festivales-con-la-aparicion-de-la-covid-19\/","name":"La nueva realidad de los festivales con la aparici\u00f3n de la Covid-19 - Cl\u00faster Audiovisual","isPartOf":{"@id":"https:\/\/www.clusteraudiovisual.cat\/es\/#website"},"primaryImageOfPage":{"@id":"https:\/\/www.clusteraudiovisual.cat\/es\/la-nueva-realidad-de-los-festivales-con-la-aparicion-de-la-covid-19\/#primaryimage"},"image":{"@id":"https:\/\/www.clusteraudiovisual.cat\/es\/la-nueva-realidad-de-los-festivales-con-la-aparicion-de-la-covid-19\/#primaryimage"},"thumbnailUrl":"https:\/\/www.clusteraudiovisual.cat\/wp-content\/uploads\/2020\/05\/Noticia_2020_DocsBarcelonaCOVID.jpg","datePublished":"2020-05-21T08:43:13+00:00","author":{"@id":"https:\/\/www.clusteraudiovisual.cat\/es\/#\/schema\/person\/23e1e732da72779cfc4fd7842583d17d"},"inLanguage":"es","potentialAction":[{"@type":"ReadAction","target":["https:\/\/www.clusteraudiovisual.cat\/es\/la-nueva-realidad-de-los-festivales-con-la-aparicion-de-la-covid-19\/"]}]},{"@type":"ImageObject","inLanguage":"es","@id":"https:\/\/www.clusteraudiovisual.cat\/es\/la-nueva-realidad-de-los-festivales-con-la-aparicion-de-la-covid-19\/#primaryimage","url":"https:\/\/www.clusteraudiovisual.cat\/wp-content\/uploads\/2020\/05\/Noticia_2020_DocsBarcelonaCOVID.jpg","contentUrl":"https:\/\/www.clusteraudiovisual.cat\/wp-content\/uploads\/2020\/05\/Noticia_2020_DocsBarcelonaCOVID.jpg","width":1200,"height":650},{"@type":"WebSite","@id":"https:\/\/www.clusteraudiovisual.cat\/es\/#website","url":"https:\/\/www.clusteraudiovisual.cat\/es\/","name":"Cl\u00faster Audiovisual","description":"Associaci\u00f3 d&#039;empreses que integren el sector audiovisual.","potentialAction":[{"@type":"SearchAction","target":{"@type":"EntryPoint","urlTemplate":"https:\/\/www.clusteraudiovisual.cat\/es\/?s={search_term_string}"},"query-input":{"@type":"PropertyValueSpecification","valueRequired":true,"valueName":"search_term_string"}}],"inLanguage":"es"},{"@type":"Person","@id":"https:\/\/www.clusteraudiovisual.cat\/es\/#\/schema\/person\/23e1e732da72779cfc4fd7842583d17d","name":"admin","sameAs":["https:\/\/www.clusteraudiovisual.cat"],"url":"https:\/\/www.clusteraudiovisual.cat\/es\/author\/admin\/"}]}},"_links":{"self":[{"href":"https:\/\/www.clusteraudiovisual.cat\/es\/wp-json\/wp\/v2\/posts\/5900","targetHints":{"allow":["GET"]}}],"collection":[{"href":"https:\/\/www.clusteraudiovisual.cat\/es\/wp-json\/wp\/v2\/posts"}],"about":[{"href":"https:\/\/www.clusteraudiovisual.cat\/es\/wp-json\/wp\/v2\/types\/post"}],"author":[{"embeddable":true,"href":"https:\/\/www.clusteraudiovisual.cat\/es\/wp-json\/wp\/v2\/users\/1"}],"replies":[{"embeddable":true,"href":"https:\/\/www.clusteraudiovisual.cat\/es\/wp-json\/wp\/v2\/comments?post=5900"}],"version-history":[{"count":0,"href":"https:\/\/www.clusteraudiovisual.cat\/es\/wp-json\/wp\/v2\/posts\/5900\/revisions"}],"wp:featuredmedia":[{"embeddable":true,"href":"https:\/\/www.clusteraudiovisual.cat\/es\/wp-json\/wp\/v2\/media\/24059"}],"wp:attachment":[{"href":"https:\/\/www.clusteraudiovisual.cat\/es\/wp-json\/wp\/v2\/media?parent=5900"}],"wp:term":[{"taxonomy":"category","embeddable":true,"href":"https:\/\/www.clusteraudiovisual.cat\/es\/wp-json\/wp\/v2\/categories?post=5900"},{"taxonomy":"post_tag","embeddable":true,"href":"https:\/\/www.clusteraudiovisual.cat\/es\/wp-json\/wp\/v2\/tags?post=5900"}],"curies":[{"name":"wp","href":"https:\/\/api.w.org\/{rel}","templated":true}]}}