{"id":5870,"date":"2019-05-31T22:21:45","date_gmt":"2019-05-31T22:21:45","guid":{"rendered":"https:\/\/www.clusteraudiovisual.cat\/intercluster-salut-mental\/"},"modified":"2019-05-31T22:21:45","modified_gmt":"2019-05-31T22:21:45","slug":"intercluster-salut-mental","status":"publish","type":"post","link":"https:\/\/www.clusteraudiovisual.cat\/es\/intercluster-salut-mental\/","title":{"rendered":"Jornada intercl\u00faster Salut Mental amb vuit projectes en discussi\u00f3"},"content":{"rendered":"<p dir=\"ltr\">El Cl\u00faster de Salut Mental i el Cl\u00faster Audiovisual es van trobar el passat 31 de maig en una jornada intercl\u00faster per promoure col\u00b7laboracions entre socis de les dues associacions.<\/p>\n<p dir=\"ltr\">Algunes de les iniciatives presentades per part del socis del Cl\u00faster de Salut Mental van incloure, entre d\u2019altres, projectes d\u2019alfabetitzaci\u00f3 medi\u00e0tica per prevenci\u00f3 de problemes de salut mental en l\u2019adolesc\u00e8ncia i de visibilitzaci\u00f3 audiovisual de patologies aliment\u00e0ries i de conducta.<\/p>\n<p dir=\"ltr\">La comunitat audiovisual va comptar amb la participaci\u00f3 de Nihao Films, Visyon i NewCo Audiovisual, aquests darrers amb un projecte de s\u00e8rie de ficci\u00f3 sorgit del darrer Pitching Audiovisual.<\/p>\n<p dir=\"ltr\">Les vuit idees presentades van ser treballades posteriorment pels participants en din\u00e0miques de discussi\u00f3 en grup per arribar a projectes de visibilitzaci\u00f3 de TC (Trastorns de Conducta) i TCA (Trastorns de Conducta Aliment\u00e0ria) en formats com documentals, s\u00e8ries de ficci\u00f3, web s\u00e8ries, realitat virtual o augmentada o programes de televisi\u00f3.<\/p>\n","protected":false},"excerpt":{"rendered":"<p>Per visibilitzar Trastorns de Conducta i Trastorns de Conducta Aliment\u00e0ria en formats com documentals, s\u00e8ries de ficci\u00f3, programes televisius o realitat virtual.<\/p>\n","protected":false},"author":1,"featured_media":0,"comment_status":"open","ping_status":"open","sticky":false,"template":"","format":"standard","meta":{"_acf_changed":false,"footnotes":""},"categories":[],"tags":[],"class_list":["post-5870","post","type-post","status-publish","format-standard","hentry"],"acf":[],"yoast_head":"<!-- This site is optimized with the Yoast SEO plugin v27.0 - https:\/\/yoast.com\/product\/yoast-seo-wordpress\/ -->\n<title>Jornada intercl\u00faster Salut Mental amb vuit projectes en discussi\u00f3 - Cl\u00faster Audiovisual<\/title>\n<meta name=\"robots\" content=\"index, follow, max-snippet:-1, max-image-preview:large, max-video-preview:-1\" \/>\n<link rel=\"canonical\" href=\"https:\/\/www.clusteraudiovisual.cat\/es\/intercluster-salut-mental\/\" \/>\n<meta property=\"og:locale\" content=\"es_ES\" \/>\n<meta property=\"og:type\" content=\"article\" \/>\n<meta property=\"og:title\" content=\"Jornada intercl\u00faster Salut Mental amb vuit projectes en discussi\u00f3 - Cl\u00faster Audiovisual\" \/>\n<meta property=\"og:description\" content=\"Per visibilitzar Trastorns de Conducta i Trastorns de Conducta Aliment\u00e0ria en formats com documentals, s\u00e8ries de ficci\u00f3, programes televisius o realitat virtual.\" \/>\n<meta property=\"og:url\" content=\"https:\/\/www.clusteraudiovisual.cat\/es\/intercluster-salut-mental\/\" \/>\n<meta property=\"og:site_name\" content=\"Cl\u00faster Audiovisual\" \/>\n<meta property=\"article:published_time\" content=\"2019-05-31T22:21:45+00:00\" \/>\n<meta property=\"og:image\" content=\"https:\/\/www.clusteraudiovisual.cat\/wp-content\/uploads\/2021\/02\/Sin-titulo-1.png\" \/>\n\t<meta property=\"og:image:width\" content=\"1020\" \/>\n\t<meta property=\"og:image:height\" content=\"326\" \/>\n\t<meta property=\"og:image:type\" content=\"image\/png\" \/>\n<meta name=\"author\" content=\"admin\" \/>\n<meta name=\"twitter:card\" content=\"summary_large_image\" \/>\n<meta name=\"twitter:label1\" content=\"Escrito por\" \/>\n\t<meta name=\"twitter:data1\" content=\"admin\" \/>\n\t<meta name=\"twitter:label2\" content=\"Tiempo de lectura\" \/>\n\t<meta name=\"twitter:data2\" content=\"1 minuto\" \/>\n<script type=\"application\/ld+json\" class=\"yoast-schema-graph\">{\"@context\":\"https:\/\/schema.org\",\"@graph\":[{\"@type\":\"Article\",\"@id\":\"https:\/\/www.clusteraudiovisual.cat\/es\/intercluster-salut-mental\/#article\",\"isPartOf\":{\"@id\":\"https:\/\/www.clusteraudiovisual.cat\/es\/intercluster-salut-mental\/\"},\"author\":{\"name\":\"admin\",\"@id\":\"https:\/\/www.clusteraudiovisual.cat\/es\/#\/schema\/person\/23e1e732da72779cfc4fd7842583d17d\"},\"headline\":\"Jornada intercl\u00faster Salut Mental amb vuit projectes en discussi\u00f3\",\"datePublished\":\"2019-05-31T22:21:45+00:00\",\"mainEntityOfPage\":{\"@id\":\"https:\/\/www.clusteraudiovisual.cat\/es\/intercluster-salut-mental\/\"},\"wordCount\":174,\"commentCount\":0,\"inLanguage\":\"es\",\"potentialAction\":[{\"@type\":\"CommentAction\",\"name\":\"Comment\",\"target\":[\"https:\/\/www.clusteraudiovisual.cat\/es\/intercluster-salut-mental\/#respond\"]}]},{\"@type\":\"WebPage\",\"@id\":\"https:\/\/www.clusteraudiovisual.cat\/es\/intercluster-salut-mental\/\",\"url\":\"https:\/\/www.clusteraudiovisual.cat\/es\/intercluster-salut-mental\/\",\"name\":\"Jornada intercl\u00faster Salut Mental amb vuit projectes en discussi\u00f3 - Cl\u00faster Audiovisual\",\"isPartOf\":{\"@id\":\"https:\/\/www.clusteraudiovisual.cat\/es\/#website\"},\"datePublished\":\"2019-05-31T22:21:45+00:00\",\"author\":{\"@id\":\"https:\/\/www.clusteraudiovisual.cat\/es\/#\/schema\/person\/23e1e732da72779cfc4fd7842583d17d\"},\"inLanguage\":\"es\",\"potentialAction\":[{\"@type\":\"ReadAction\",\"target\":[\"https:\/\/www.clusteraudiovisual.cat\/es\/intercluster-salut-mental\/\"]}]},{\"@type\":\"WebSite\",\"@id\":\"https:\/\/www.clusteraudiovisual.cat\/es\/#website\",\"url\":\"https:\/\/www.clusteraudiovisual.cat\/es\/\",\"name\":\"Cl\u00faster Audiovisual\",\"description\":\"Associaci\u00f3 d&#039;empreses que integren el sector audiovisual.\",\"potentialAction\":[{\"@type\":\"SearchAction\",\"target\":{\"@type\":\"EntryPoint\",\"urlTemplate\":\"https:\/\/www.clusteraudiovisual.cat\/es\/?s={search_term_string}\"},\"query-input\":{\"@type\":\"PropertyValueSpecification\",\"valueRequired\":true,\"valueName\":\"search_term_string\"}}],\"inLanguage\":\"es\"},{\"@type\":\"Person\",\"@id\":\"https:\/\/www.clusteraudiovisual.cat\/es\/#\/schema\/person\/23e1e732da72779cfc4fd7842583d17d\",\"name\":\"admin\",\"sameAs\":[\"https:\/\/www.clusteraudiovisual.cat\"],\"url\":\"https:\/\/www.clusteraudiovisual.cat\/es\/author\/admin\/\"}]}<\/script>\n<!-- \/ Yoast SEO plugin. -->","yoast_head_json":{"title":"Jornada intercl\u00faster Salut Mental amb vuit projectes en discussi\u00f3 - Cl\u00faster Audiovisual","robots":{"index":"index","follow":"follow","max-snippet":"max-snippet:-1","max-image-preview":"max-image-preview:large","max-video-preview":"max-video-preview:-1"},"canonical":"https:\/\/www.clusteraudiovisual.cat\/es\/intercluster-salut-mental\/","og_locale":"es_ES","og_type":"article","og_title":"Jornada intercl\u00faster Salut Mental amb vuit projectes en discussi\u00f3 - Cl\u00faster Audiovisual","og_description":"Per visibilitzar Trastorns de Conducta i Trastorns de Conducta Aliment\u00e0ria en formats com documentals, s\u00e8ries de ficci\u00f3, programes televisius o realitat virtual.","og_url":"https:\/\/www.clusteraudiovisual.cat\/es\/intercluster-salut-mental\/","og_site_name":"Cl\u00faster Audiovisual","article_published_time":"2019-05-31T22:21:45+00:00","og_image":[{"width":1020,"height":326,"url":"https:\/\/www.clusteraudiovisual.cat\/wp-content\/uploads\/2021\/02\/Sin-titulo-1.png","type":"image\/png"}],"author":"admin","twitter_card":"summary_large_image","twitter_misc":{"Escrito por":"admin","Tiempo de lectura":"1 minuto"},"schema":{"@context":"https:\/\/schema.org","@graph":[{"@type":"Article","@id":"https:\/\/www.clusteraudiovisual.cat\/es\/intercluster-salut-mental\/#article","isPartOf":{"@id":"https:\/\/www.clusteraudiovisual.cat\/es\/intercluster-salut-mental\/"},"author":{"name":"admin","@id":"https:\/\/www.clusteraudiovisual.cat\/es\/#\/schema\/person\/23e1e732da72779cfc4fd7842583d17d"},"headline":"Jornada intercl\u00faster Salut Mental amb vuit projectes en discussi\u00f3","datePublished":"2019-05-31T22:21:45+00:00","mainEntityOfPage":{"@id":"https:\/\/www.clusteraudiovisual.cat\/es\/intercluster-salut-mental\/"},"wordCount":174,"commentCount":0,"inLanguage":"es","potentialAction":[{"@type":"CommentAction","name":"Comment","target":["https:\/\/www.clusteraudiovisual.cat\/es\/intercluster-salut-mental\/#respond"]}]},{"@type":"WebPage","@id":"https:\/\/www.clusteraudiovisual.cat\/es\/intercluster-salut-mental\/","url":"https:\/\/www.clusteraudiovisual.cat\/es\/intercluster-salut-mental\/","name":"Jornada intercl\u00faster Salut Mental amb vuit projectes en discussi\u00f3 - Cl\u00faster Audiovisual","isPartOf":{"@id":"https:\/\/www.clusteraudiovisual.cat\/es\/#website"},"datePublished":"2019-05-31T22:21:45+00:00","author":{"@id":"https:\/\/www.clusteraudiovisual.cat\/es\/#\/schema\/person\/23e1e732da72779cfc4fd7842583d17d"},"inLanguage":"es","potentialAction":[{"@type":"ReadAction","target":["https:\/\/www.clusteraudiovisual.cat\/es\/intercluster-salut-mental\/"]}]},{"@type":"WebSite","@id":"https:\/\/www.clusteraudiovisual.cat\/es\/#website","url":"https:\/\/www.clusteraudiovisual.cat\/es\/","name":"Cl\u00faster Audiovisual","description":"Associaci\u00f3 d&#039;empreses que integren el sector audiovisual.","potentialAction":[{"@type":"SearchAction","target":{"@type":"EntryPoint","urlTemplate":"https:\/\/www.clusteraudiovisual.cat\/es\/?s={search_term_string}"},"query-input":{"@type":"PropertyValueSpecification","valueRequired":true,"valueName":"search_term_string"}}],"inLanguage":"es"},{"@type":"Person","@id":"https:\/\/www.clusteraudiovisual.cat\/es\/#\/schema\/person\/23e1e732da72779cfc4fd7842583d17d","name":"admin","sameAs":["https:\/\/www.clusteraudiovisual.cat"],"url":"https:\/\/www.clusteraudiovisual.cat\/es\/author\/admin\/"}]}},"_links":{"self":[{"href":"https:\/\/www.clusteraudiovisual.cat\/es\/wp-json\/wp\/v2\/posts\/5870","targetHints":{"allow":["GET"]}}],"collection":[{"href":"https:\/\/www.clusteraudiovisual.cat\/es\/wp-json\/wp\/v2\/posts"}],"about":[{"href":"https:\/\/www.clusteraudiovisual.cat\/es\/wp-json\/wp\/v2\/types\/post"}],"author":[{"embeddable":true,"href":"https:\/\/www.clusteraudiovisual.cat\/es\/wp-json\/wp\/v2\/users\/1"}],"replies":[{"embeddable":true,"href":"https:\/\/www.clusteraudiovisual.cat\/es\/wp-json\/wp\/v2\/comments?post=5870"}],"version-history":[{"count":0,"href":"https:\/\/www.clusteraudiovisual.cat\/es\/wp-json\/wp\/v2\/posts\/5870\/revisions"}],"wp:attachment":[{"href":"https:\/\/www.clusteraudiovisual.cat\/es\/wp-json\/wp\/v2\/media?parent=5870"}],"wp:term":[{"taxonomy":"category","embeddable":true,"href":"https:\/\/www.clusteraudiovisual.cat\/es\/wp-json\/wp\/v2\/categories?post=5870"},{"taxonomy":"post_tag","embeddable":true,"href":"https:\/\/www.clusteraudiovisual.cat\/es\/wp-json\/wp\/v2\/tags?post=5870"}],"curies":[{"name":"wp","href":"https:\/\/api.w.org\/{rel}","templated":true}]}}