{"id":5833,"date":"2018-09-21T17:39:03","date_gmt":"2018-09-21T17:39:03","guid":{"rendered":"https:\/\/www.clusteraudiovisual.cat\/els-formats-televisius-mes-innovadors-a-estudi\/"},"modified":"2018-09-21T17:39:03","modified_gmt":"2018-09-21T17:39:03","slug":"els-formats-televisius-mes-innovadors-a-estudi","status":"publish","type":"post","link":"https:\/\/www.clusteraudiovisual.cat\/es\/els-formats-televisius-mes-innovadors-a-estudi\/","title":{"rendered":"Los formatos televisivos m\u00e1s innovadores a estudio"},"content":{"rendered":"<p style=\"text-align: justify;\">En una jornada en la Sala Mompou de SGAE Catalu\u00f1a, las productoras catalanas han podido descubrir cu\u00e1les son los <strong>formatos televisivos<\/strong> m\u00e1s originales que llenan las parrillas de televisiones p\u00fablicas y privadas del \u00e1mbito internacional. La sesi\u00f3n ha sido conducida por <strong>Miquel Garcia<\/strong>, responsable del <strong>Laboratori de Nous Formats de la CCMA<\/strong>, y <strong>Manel Raya<\/strong>. Ambos han ido desgranando una treintena de programas seleccionados entre los m\u00e1s de 1.400 que ha visionado este departamento de la Corporaci\u00f3 Catalana de Mitjans Audiovisuals.<\/p>\n<p>Los conductores de la sesi\u00f3n han destacado la vertiente emotiva como denominador com\u00fan de muchos de los programas presentados.<strong> Garcia<\/strong> y <strong>Raya<\/strong> tambi\u00e9n han expuesto que muchos de los realities y datings visionados exploran los l\u00edmites morales de la sociedad y del espectador.<\/p>\n<p>El encuentro ha tenido muy buena acogida entre el sector audiovisual, ya que este an\u00e1lisis es una herramienta muy \u00fatil para el desarrollo estrat\u00e9gico de nuevos productos.<\/p>\n<p><iframe loading=\"lazy\" src=\"https:\/\/www.youtube.com\/embed\/rRnC-id_JGo\" height=\"450\" width=\"800\" allowfullscreen=\"\" frameborder=\"0\"><\/iframe><\/p>\n","protected":false},"excerpt":{"rendered":"<p>La sesi\u00f3n ha sido conducida por Miquel Garcia, responsable del Laboratori de nous formats de la CCMA, y Manel Raya. Ambos han ido desgranando una treintena de programas de \u00e9xito de televisiones p\u00fablicas y privadas de todo el mundo.<\/p>\n","protected":false},"author":1,"featured_media":4976,"comment_status":"open","ping_status":"open","sticky":false,"template":"","format":"standard","meta":{"_acf_changed":false,"footnotes":""},"categories":[21],"tags":[],"class_list":["post-5833","post","type-post","status-publish","format-standard","has-post-thumbnail","hentry","category-actualidad"],"acf":[],"yoast_head":"<!-- This site is optimized with the Yoast SEO plugin v27.0 - https:\/\/yoast.com\/product\/yoast-seo-wordpress\/ -->\n<title>Los formatos televisivos m\u00e1s innovadores a estudio - Cl\u00faster Audiovisual<\/title>\n<meta name=\"robots\" content=\"index, follow, max-snippet:-1, max-image-preview:large, max-video-preview:-1\" \/>\n<link rel=\"canonical\" href=\"https:\/\/www.clusteraudiovisual.cat\/es\/els-formats-televisius-mes-innovadors-a-estudi\/\" \/>\n<meta property=\"og:locale\" content=\"es_ES\" \/>\n<meta property=\"og:type\" content=\"article\" \/>\n<meta property=\"og:title\" content=\"Los formatos televisivos m\u00e1s innovadores a estudio - Cl\u00faster Audiovisual\" \/>\n<meta property=\"og:description\" content=\"La sesi\u00f3n ha sido conducida por Miquel Garcia, responsable del Laboratori de nous formats de la CCMA, y Manel Raya. Ambos han ido desgranando una treintena de programas de \u00e9xito de televisiones p\u00fablicas y privadas de todo el mundo.\" \/>\n<meta property=\"og:url\" content=\"https:\/\/www.clusteraudiovisual.cat\/es\/els-formats-televisius-mes-innovadors-a-estudi\/\" \/>\n<meta property=\"og:site_name\" content=\"Cl\u00faster Audiovisual\" \/>\n<meta property=\"article:published_time\" content=\"2018-09-21T17:39:03+00:00\" \/>\n<meta property=\"og:image\" content=\"https:\/\/www.clusteraudiovisual.cat\/wp-content\/uploads\/2021\/02\/FormatsTV-general.png\" \/>\n\t<meta property=\"og:image:width\" content=\"1841\" \/>\n\t<meta property=\"og:image:height\" content=\"581\" \/>\n\t<meta property=\"og:image:type\" content=\"image\/png\" \/>\n<meta name=\"author\" content=\"admin\" \/>\n<meta name=\"twitter:card\" content=\"summary_large_image\" \/>\n<meta name=\"twitter:label1\" content=\"Escrito por\" \/>\n\t<meta name=\"twitter:data1\" content=\"admin\" \/>\n\t<meta name=\"twitter:label2\" content=\"Tiempo de lectura\" \/>\n\t<meta name=\"twitter:data2\" content=\"1 minuto\" \/>\n<script type=\"application\/ld+json\" class=\"yoast-schema-graph\">{\"@context\":\"https:\/\/schema.org\",\"@graph\":[{\"@type\":\"Article\",\"@id\":\"https:\/\/www.clusteraudiovisual.cat\/es\/els-formats-televisius-mes-innovadors-a-estudi\/#article\",\"isPartOf\":{\"@id\":\"https:\/\/www.clusteraudiovisual.cat\/es\/els-formats-televisius-mes-innovadors-a-estudi\/\"},\"author\":{\"name\":\"admin\",\"@id\":\"https:\/\/www.clusteraudiovisual.cat\/es\/#\/schema\/person\/23e1e732da72779cfc4fd7842583d17d\"},\"headline\":\"Los formatos televisivos m\u00e1s innovadores a estudio\",\"datePublished\":\"2018-09-21T17:39:03+00:00\",\"mainEntityOfPage\":{\"@id\":\"https:\/\/www.clusteraudiovisual.cat\/es\/els-formats-televisius-mes-innovadors-a-estudi\/\"},\"wordCount\":170,\"commentCount\":0,\"image\":{\"@id\":\"https:\/\/www.clusteraudiovisual.cat\/es\/els-formats-televisius-mes-innovadors-a-estudi\/#primaryimage\"},\"thumbnailUrl\":\"https:\/\/www.clusteraudiovisual.cat\/wp-content\/uploads\/2021\/02\/FormatsTV-general.png\",\"articleSection\":[\"Actualidad\"],\"inLanguage\":\"es\",\"potentialAction\":[{\"@type\":\"CommentAction\",\"name\":\"Comment\",\"target\":[\"https:\/\/www.clusteraudiovisual.cat\/es\/els-formats-televisius-mes-innovadors-a-estudi\/#respond\"]}]},{\"@type\":\"WebPage\",\"@id\":\"https:\/\/www.clusteraudiovisual.cat\/es\/els-formats-televisius-mes-innovadors-a-estudi\/\",\"url\":\"https:\/\/www.clusteraudiovisual.cat\/es\/els-formats-televisius-mes-innovadors-a-estudi\/\",\"name\":\"Los formatos televisivos m\u00e1s innovadores a estudio - Cl\u00faster Audiovisual\",\"isPartOf\":{\"@id\":\"https:\/\/www.clusteraudiovisual.cat\/es\/#website\"},\"primaryImageOfPage\":{\"@id\":\"https:\/\/www.clusteraudiovisual.cat\/es\/els-formats-televisius-mes-innovadors-a-estudi\/#primaryimage\"},\"image\":{\"@id\":\"https:\/\/www.clusteraudiovisual.cat\/es\/els-formats-televisius-mes-innovadors-a-estudi\/#primaryimage\"},\"thumbnailUrl\":\"https:\/\/www.clusteraudiovisual.cat\/wp-content\/uploads\/2021\/02\/FormatsTV-general.png\",\"datePublished\":\"2018-09-21T17:39:03+00:00\",\"author\":{\"@id\":\"https:\/\/www.clusteraudiovisual.cat\/es\/#\/schema\/person\/23e1e732da72779cfc4fd7842583d17d\"},\"inLanguage\":\"es\",\"potentialAction\":[{\"@type\":\"ReadAction\",\"target\":[\"https:\/\/www.clusteraudiovisual.cat\/es\/els-formats-televisius-mes-innovadors-a-estudi\/\"]}]},{\"@type\":\"ImageObject\",\"inLanguage\":\"es\",\"@id\":\"https:\/\/www.clusteraudiovisual.cat\/es\/els-formats-televisius-mes-innovadors-a-estudi\/#primaryimage\",\"url\":\"https:\/\/www.clusteraudiovisual.cat\/wp-content\/uploads\/2021\/02\/FormatsTV-general.png\",\"contentUrl\":\"https:\/\/www.clusteraudiovisual.cat\/wp-content\/uploads\/2021\/02\/FormatsTV-general.png\",\"width\":1841,\"height\":581},{\"@type\":\"WebSite\",\"@id\":\"https:\/\/www.clusteraudiovisual.cat\/es\/#website\",\"url\":\"https:\/\/www.clusteraudiovisual.cat\/es\/\",\"name\":\"Cl\u00faster Audiovisual\",\"description\":\"Associaci\u00f3 d&#039;empreses que integren el sector audiovisual.\",\"potentialAction\":[{\"@type\":\"SearchAction\",\"target\":{\"@type\":\"EntryPoint\",\"urlTemplate\":\"https:\/\/www.clusteraudiovisual.cat\/es\/?s={search_term_string}\"},\"query-input\":{\"@type\":\"PropertyValueSpecification\",\"valueRequired\":true,\"valueName\":\"search_term_string\"}}],\"inLanguage\":\"es\"},{\"@type\":\"Person\",\"@id\":\"https:\/\/www.clusteraudiovisual.cat\/es\/#\/schema\/person\/23e1e732da72779cfc4fd7842583d17d\",\"name\":\"admin\",\"sameAs\":[\"https:\/\/www.clusteraudiovisual.cat\"],\"url\":\"https:\/\/www.clusteraudiovisual.cat\/es\/author\/admin\/\"}]}<\/script>\n<!-- \/ Yoast SEO plugin. -->","yoast_head_json":{"title":"Los formatos televisivos m\u00e1s innovadores a estudio - Cl\u00faster Audiovisual","robots":{"index":"index","follow":"follow","max-snippet":"max-snippet:-1","max-image-preview":"max-image-preview:large","max-video-preview":"max-video-preview:-1"},"canonical":"https:\/\/www.clusteraudiovisual.cat\/es\/els-formats-televisius-mes-innovadors-a-estudi\/","og_locale":"es_ES","og_type":"article","og_title":"Los formatos televisivos m\u00e1s innovadores a estudio - Cl\u00faster Audiovisual","og_description":"La sesi\u00f3n ha sido conducida por Miquel Garcia, responsable del Laboratori de nous formats de la CCMA, y Manel Raya. Ambos han ido desgranando una treintena de programas de \u00e9xito de televisiones p\u00fablicas y privadas de todo el mundo.","og_url":"https:\/\/www.clusteraudiovisual.cat\/es\/els-formats-televisius-mes-innovadors-a-estudi\/","og_site_name":"Cl\u00faster Audiovisual","article_published_time":"2018-09-21T17:39:03+00:00","og_image":[{"width":1841,"height":581,"url":"https:\/\/www.clusteraudiovisual.cat\/wp-content\/uploads\/2021\/02\/FormatsTV-general.png","type":"image\/png"}],"author":"admin","twitter_card":"summary_large_image","twitter_misc":{"Escrito por":"admin","Tiempo de lectura":"1 minuto"},"schema":{"@context":"https:\/\/schema.org","@graph":[{"@type":"Article","@id":"https:\/\/www.clusteraudiovisual.cat\/es\/els-formats-televisius-mes-innovadors-a-estudi\/#article","isPartOf":{"@id":"https:\/\/www.clusteraudiovisual.cat\/es\/els-formats-televisius-mes-innovadors-a-estudi\/"},"author":{"name":"admin","@id":"https:\/\/www.clusteraudiovisual.cat\/es\/#\/schema\/person\/23e1e732da72779cfc4fd7842583d17d"},"headline":"Los formatos televisivos m\u00e1s innovadores a estudio","datePublished":"2018-09-21T17:39:03+00:00","mainEntityOfPage":{"@id":"https:\/\/www.clusteraudiovisual.cat\/es\/els-formats-televisius-mes-innovadors-a-estudi\/"},"wordCount":170,"commentCount":0,"image":{"@id":"https:\/\/www.clusteraudiovisual.cat\/es\/els-formats-televisius-mes-innovadors-a-estudi\/#primaryimage"},"thumbnailUrl":"https:\/\/www.clusteraudiovisual.cat\/wp-content\/uploads\/2021\/02\/FormatsTV-general.png","articleSection":["Actualidad"],"inLanguage":"es","potentialAction":[{"@type":"CommentAction","name":"Comment","target":["https:\/\/www.clusteraudiovisual.cat\/es\/els-formats-televisius-mes-innovadors-a-estudi\/#respond"]}]},{"@type":"WebPage","@id":"https:\/\/www.clusteraudiovisual.cat\/es\/els-formats-televisius-mes-innovadors-a-estudi\/","url":"https:\/\/www.clusteraudiovisual.cat\/es\/els-formats-televisius-mes-innovadors-a-estudi\/","name":"Los formatos televisivos m\u00e1s innovadores a estudio - Cl\u00faster Audiovisual","isPartOf":{"@id":"https:\/\/www.clusteraudiovisual.cat\/es\/#website"},"primaryImageOfPage":{"@id":"https:\/\/www.clusteraudiovisual.cat\/es\/els-formats-televisius-mes-innovadors-a-estudi\/#primaryimage"},"image":{"@id":"https:\/\/www.clusteraudiovisual.cat\/es\/els-formats-televisius-mes-innovadors-a-estudi\/#primaryimage"},"thumbnailUrl":"https:\/\/www.clusteraudiovisual.cat\/wp-content\/uploads\/2021\/02\/FormatsTV-general.png","datePublished":"2018-09-21T17:39:03+00:00","author":{"@id":"https:\/\/www.clusteraudiovisual.cat\/es\/#\/schema\/person\/23e1e732da72779cfc4fd7842583d17d"},"inLanguage":"es","potentialAction":[{"@type":"ReadAction","target":["https:\/\/www.clusteraudiovisual.cat\/es\/els-formats-televisius-mes-innovadors-a-estudi\/"]}]},{"@type":"ImageObject","inLanguage":"es","@id":"https:\/\/www.clusteraudiovisual.cat\/es\/els-formats-televisius-mes-innovadors-a-estudi\/#primaryimage","url":"https:\/\/www.clusteraudiovisual.cat\/wp-content\/uploads\/2021\/02\/FormatsTV-general.png","contentUrl":"https:\/\/www.clusteraudiovisual.cat\/wp-content\/uploads\/2021\/02\/FormatsTV-general.png","width":1841,"height":581},{"@type":"WebSite","@id":"https:\/\/www.clusteraudiovisual.cat\/es\/#website","url":"https:\/\/www.clusteraudiovisual.cat\/es\/","name":"Cl\u00faster Audiovisual","description":"Associaci\u00f3 d&#039;empreses que integren el sector audiovisual.","potentialAction":[{"@type":"SearchAction","target":{"@type":"EntryPoint","urlTemplate":"https:\/\/www.clusteraudiovisual.cat\/es\/?s={search_term_string}"},"query-input":{"@type":"PropertyValueSpecification","valueRequired":true,"valueName":"search_term_string"}}],"inLanguage":"es"},{"@type":"Person","@id":"https:\/\/www.clusteraudiovisual.cat\/es\/#\/schema\/person\/23e1e732da72779cfc4fd7842583d17d","name":"admin","sameAs":["https:\/\/www.clusteraudiovisual.cat"],"url":"https:\/\/www.clusteraudiovisual.cat\/es\/author\/admin\/"}]}},"_links":{"self":[{"href":"https:\/\/www.clusteraudiovisual.cat\/es\/wp-json\/wp\/v2\/posts\/5833","targetHints":{"allow":["GET"]}}],"collection":[{"href":"https:\/\/www.clusteraudiovisual.cat\/es\/wp-json\/wp\/v2\/posts"}],"about":[{"href":"https:\/\/www.clusteraudiovisual.cat\/es\/wp-json\/wp\/v2\/types\/post"}],"author":[{"embeddable":true,"href":"https:\/\/www.clusteraudiovisual.cat\/es\/wp-json\/wp\/v2\/users\/1"}],"replies":[{"embeddable":true,"href":"https:\/\/www.clusteraudiovisual.cat\/es\/wp-json\/wp\/v2\/comments?post=5833"}],"version-history":[{"count":0,"href":"https:\/\/www.clusteraudiovisual.cat\/es\/wp-json\/wp\/v2\/posts\/5833\/revisions"}],"wp:featuredmedia":[{"embeddable":true,"href":"https:\/\/www.clusteraudiovisual.cat\/es\/wp-json\/wp\/v2\/media\/4976"}],"wp:attachment":[{"href":"https:\/\/www.clusteraudiovisual.cat\/es\/wp-json\/wp\/v2\/media?parent=5833"}],"wp:term":[{"taxonomy":"category","embeddable":true,"href":"https:\/\/www.clusteraudiovisual.cat\/es\/wp-json\/wp\/v2\/categories?post=5833"},{"taxonomy":"post_tag","embeddable":true,"href":"https:\/\/www.clusteraudiovisual.cat\/es\/wp-json\/wp\/v2\/tags?post=5833"}],"curies":[{"name":"wp","href":"https:\/\/api.w.org\/{rel}","templated":true}]}}