{"id":5825,"date":"2018-12-05T12:50:27","date_gmt":"2018-12-05T12:50:27","guid":{"rendered":"https:\/\/www.clusteraudiovisual.cat\/broadcaster-cellnex-i-microgestio-on-the\/"},"modified":"2022-08-01T10:34:46","modified_gmt":"2022-08-01T10:34:46","slug":"broadcaster-cellnex-i-microgestio-on-the","status":"publish","type":"post","link":"https:\/\/www.clusteraudiovisual.cat\/es\/broadcaster-cellnex-i-microgestio-on-the\/","title":{"rendered":"Broadcaster, Cellnex y Microgesti\u00f3 se presentan en el \u00faltimo desayuno de socios del a\u00f1o"},"content":{"rendered":"<p>El pasado martes 4 de diciembre se celebr\u00f3 el \u00faltimo desayuno de socios del 2018 con la presencia de\u00a0<strong>Broadcaster, Cellnex y Microgesti\u00f3<\/strong>. Como es habitual en estas jornadas, tres empresas socias del Cluster tuvieron la oportunidad de presentarse ante otros socios y, posteriormente, iniciaron un desayuno con din\u00e1micas de networking que les permiti\u00f3 compartir ideas, intereses y buscar nuevos negocios .<\/p>\n<p>El primero en presentar fue\u00a0<strong>Josep Morales<\/strong>\u00a0de\u00a0<a href=\"https:\/\/microgestio.com\/\" target=\"_blank\" rel=\"noopener\"><strong>Microgesti\u00f3<\/strong><\/a>, empresa que lleva m\u00e1s de 30 a\u00f1os ofreciendo servicios integrales de productos Apple a empresas e instituciones. Microgesti\u00f3 lanz\u00f3 ideas de futuro y proponer soluciones a los nuevos retos; el abandono del uso del ordenador y las opciones de almacenamiento existentes.<\/p>\n<p>Los siguientes en presentar fueron\u00a0<strong>Noem\u00ed Cun\u00ed y Valti Roda<\/strong>, que nos explicaron la transformaci\u00f3n hacia agencia que ha sufrido la productora\u00a0<a href=\"http:\/\/www.broadcaster.media\/es\/\" target=\"_blank\" rel=\"noopener\"><strong>Broadcaster<\/strong><\/a>. Pusieron mucho \u00e9nfasis en como de productivos son estos desayunos que se organizan desde el\u00a0<strong>Cl\u00faster Audiovisual<\/strong>, ya que, de uno de los networkings anteriores, naci\u00f3\u00a0<strong>BAS (Broadcaster Audiovisual Services)<\/strong>, productora audiovisual bajo el paraguas de Broadcaster.<\/p>\n<p>Para finalizar, hemos contado tambi\u00e9n con la presencia de<strong>\u00a0Jaume Pujol\u00a0<\/strong>de<a href=\"https:\/\/www.cellnextelecom.com\/\" target=\"_blank\" rel=\"noopener\"><strong>\u00a0Cellnex Telecom<\/strong><\/a>. Expertos en infraestructuras para telecomunicaciones, han expuesto los retos en los que trabajan actualmente y que pueden dar la vuelta al sector tal como lo conocemos: el desarrollo del\u00a0<strong>5G<\/strong>\u00a0y la nueva plataforma televisiva\u00a0<a href=\"https:\/\/www.lovestv.es\/\" target=\"_blank\" rel=\"noopener\"><strong>LoVesTV<\/strong><\/a>.<\/p>\n","protected":false},"excerpt":{"rendered":"<p>El pasado martes 4 de diciembre se celebr\u00f3 el \u00faltimo desayuno de socios del 2018 con la presencia de Broadcaster, Cellnex y Microgesti\u00f3<\/p>\n","protected":false},"author":1,"featured_media":23754,"comment_status":"open","ping_status":"open","sticky":false,"template":"","format":"standard","meta":{"_acf_changed":false,"footnotes":""},"categories":[21],"tags":[],"class_list":["post-5825","post","type-post","status-publish","format-standard","has-post-thumbnail","hentry","category-actualidad"],"acf":[],"yoast_head":"<!-- This site is optimized with the Yoast SEO plugin v27.0 - https:\/\/yoast.com\/product\/yoast-seo-wordpress\/ -->\n<title>Broadcaster, Cellnex y Microgesti\u00f3 se presentan en el \u00faltimo desayuno de socios del a\u00f1o - Cl\u00faster Audiovisual<\/title>\n<meta name=\"robots\" content=\"index, follow, max-snippet:-1, max-image-preview:large, max-video-preview:-1\" \/>\n<link rel=\"canonical\" href=\"https:\/\/www.clusteraudiovisual.cat\/es\/broadcaster-cellnex-i-microgestio-on-the\/\" \/>\n<meta property=\"og:locale\" content=\"es_ES\" \/>\n<meta property=\"og:type\" content=\"article\" \/>\n<meta property=\"og:title\" content=\"Broadcaster, Cellnex y Microgesti\u00f3 se presentan en el \u00faltimo desayuno de socios del a\u00f1o - Cl\u00faster Audiovisual\" \/>\n<meta property=\"og:description\" content=\"El pasado martes 4 de diciembre se celebr\u00f3 el \u00faltimo desayuno de socios del 2018 con la presencia de Broadcaster, Cellnex y Microgesti\u00f3\" \/>\n<meta property=\"og:url\" content=\"https:\/\/www.clusteraudiovisual.cat\/es\/broadcaster-cellnex-i-microgestio-on-the\/\" \/>\n<meta property=\"og:site_name\" content=\"Cl\u00faster Audiovisual\" \/>\n<meta property=\"article:published_time\" content=\"2018-12-05T12:50:27+00:00\" \/>\n<meta property=\"article:modified_time\" content=\"2022-08-01T10:34:46+00:00\" \/>\n<meta property=\"og:image\" content=\"https:\/\/www.clusteraudiovisual.cat\/wp-content\/uploads\/2018\/12\/2018-esmorzar-socis-noticia-1.jpg\" \/>\n\t<meta property=\"og:image:width\" content=\"720\" \/>\n\t<meta property=\"og:image:height\" content=\"250\" \/>\n\t<meta property=\"og:image:type\" content=\"image\/jpeg\" \/>\n<meta name=\"author\" content=\"admin\" \/>\n<meta name=\"twitter:card\" content=\"summary_large_image\" \/>\n<meta name=\"twitter:label1\" content=\"Escrito por\" \/>\n\t<meta name=\"twitter:data1\" content=\"admin\" \/>\n\t<meta name=\"twitter:label2\" content=\"Tiempo de lectura\" \/>\n\t<meta name=\"twitter:data2\" content=\"2 minutos\" \/>\n<script type=\"application\/ld+json\" class=\"yoast-schema-graph\">{\"@context\":\"https:\/\/schema.org\",\"@graph\":[{\"@type\":\"Article\",\"@id\":\"https:\/\/www.clusteraudiovisual.cat\/es\/broadcaster-cellnex-i-microgestio-on-the\/#article\",\"isPartOf\":{\"@id\":\"https:\/\/www.clusteraudiovisual.cat\/es\/broadcaster-cellnex-i-microgestio-on-the\/\"},\"author\":{\"name\":\"admin\",\"@id\":\"https:\/\/www.clusteraudiovisual.cat\/es\/#\/schema\/person\/23e1e732da72779cfc4fd7842583d17d\"},\"headline\":\"Broadcaster, Cellnex y Microgesti\u00f3 se presentan en el \u00faltimo desayuno de socios del a\u00f1o\",\"datePublished\":\"2018-12-05T12:50:27+00:00\",\"dateModified\":\"2022-08-01T10:34:46+00:00\",\"mainEntityOfPage\":{\"@id\":\"https:\/\/www.clusteraudiovisual.cat\/es\/broadcaster-cellnex-i-microgestio-on-the\/\"},\"wordCount\":239,\"commentCount\":0,\"image\":{\"@id\":\"https:\/\/www.clusteraudiovisual.cat\/es\/broadcaster-cellnex-i-microgestio-on-the\/#primaryimage\"},\"thumbnailUrl\":\"https:\/\/www.clusteraudiovisual.cat\/wp-content\/uploads\/2018\/12\/2018-esmorzar-socis-noticia-1.jpg\",\"articleSection\":[\"Actualidad\"],\"inLanguage\":\"es\",\"potentialAction\":[{\"@type\":\"CommentAction\",\"name\":\"Comment\",\"target\":[\"https:\/\/www.clusteraudiovisual.cat\/es\/broadcaster-cellnex-i-microgestio-on-the\/#respond\"]}]},{\"@type\":\"WebPage\",\"@id\":\"https:\/\/www.clusteraudiovisual.cat\/es\/broadcaster-cellnex-i-microgestio-on-the\/\",\"url\":\"https:\/\/www.clusteraudiovisual.cat\/es\/broadcaster-cellnex-i-microgestio-on-the\/\",\"name\":\"Broadcaster, Cellnex y Microgesti\u00f3 se presentan en el \u00faltimo desayuno de socios del a\u00f1o - Cl\u00faster Audiovisual\",\"isPartOf\":{\"@id\":\"https:\/\/www.clusteraudiovisual.cat\/es\/#website\"},\"primaryImageOfPage\":{\"@id\":\"https:\/\/www.clusteraudiovisual.cat\/es\/broadcaster-cellnex-i-microgestio-on-the\/#primaryimage\"},\"image\":{\"@id\":\"https:\/\/www.clusteraudiovisual.cat\/es\/broadcaster-cellnex-i-microgestio-on-the\/#primaryimage\"},\"thumbnailUrl\":\"https:\/\/www.clusteraudiovisual.cat\/wp-content\/uploads\/2018\/12\/2018-esmorzar-socis-noticia-1.jpg\",\"datePublished\":\"2018-12-05T12:50:27+00:00\",\"dateModified\":\"2022-08-01T10:34:46+00:00\",\"author\":{\"@id\":\"https:\/\/www.clusteraudiovisual.cat\/es\/#\/schema\/person\/23e1e732da72779cfc4fd7842583d17d\"},\"inLanguage\":\"es\",\"potentialAction\":[{\"@type\":\"ReadAction\",\"target\":[\"https:\/\/www.clusteraudiovisual.cat\/es\/broadcaster-cellnex-i-microgestio-on-the\/\"]}]},{\"@type\":\"ImageObject\",\"inLanguage\":\"es\",\"@id\":\"https:\/\/www.clusteraudiovisual.cat\/es\/broadcaster-cellnex-i-microgestio-on-the\/#primaryimage\",\"url\":\"https:\/\/www.clusteraudiovisual.cat\/wp-content\/uploads\/2018\/12\/2018-esmorzar-socis-noticia-1.jpg\",\"contentUrl\":\"https:\/\/www.clusteraudiovisual.cat\/wp-content\/uploads\/2018\/12\/2018-esmorzar-socis-noticia-1.jpg\",\"width\":720,\"height\":250},{\"@type\":\"WebSite\",\"@id\":\"https:\/\/www.clusteraudiovisual.cat\/es\/#website\",\"url\":\"https:\/\/www.clusteraudiovisual.cat\/es\/\",\"name\":\"Cl\u00faster Audiovisual\",\"description\":\"Associaci\u00f3 d&#039;empreses que integren el sector audiovisual.\",\"potentialAction\":[{\"@type\":\"SearchAction\",\"target\":{\"@type\":\"EntryPoint\",\"urlTemplate\":\"https:\/\/www.clusteraudiovisual.cat\/es\/?s={search_term_string}\"},\"query-input\":{\"@type\":\"PropertyValueSpecification\",\"valueRequired\":true,\"valueName\":\"search_term_string\"}}],\"inLanguage\":\"es\"},{\"@type\":\"Person\",\"@id\":\"https:\/\/www.clusteraudiovisual.cat\/es\/#\/schema\/person\/23e1e732da72779cfc4fd7842583d17d\",\"name\":\"admin\",\"sameAs\":[\"https:\/\/www.clusteraudiovisual.cat\"],\"url\":\"https:\/\/www.clusteraudiovisual.cat\/es\/author\/admin\/\"}]}<\/script>\n<!-- \/ Yoast SEO plugin. -->","yoast_head_json":{"title":"Broadcaster, Cellnex y Microgesti\u00f3 se presentan en el \u00faltimo desayuno de socios del a\u00f1o - Cl\u00faster Audiovisual","robots":{"index":"index","follow":"follow","max-snippet":"max-snippet:-1","max-image-preview":"max-image-preview:large","max-video-preview":"max-video-preview:-1"},"canonical":"https:\/\/www.clusteraudiovisual.cat\/es\/broadcaster-cellnex-i-microgestio-on-the\/","og_locale":"es_ES","og_type":"article","og_title":"Broadcaster, Cellnex y Microgesti\u00f3 se presentan en el \u00faltimo desayuno de socios del a\u00f1o - Cl\u00faster Audiovisual","og_description":"El pasado martes 4 de diciembre se celebr\u00f3 el \u00faltimo desayuno de socios del 2018 con la presencia de Broadcaster, Cellnex y Microgesti\u00f3","og_url":"https:\/\/www.clusteraudiovisual.cat\/es\/broadcaster-cellnex-i-microgestio-on-the\/","og_site_name":"Cl\u00faster Audiovisual","article_published_time":"2018-12-05T12:50:27+00:00","article_modified_time":"2022-08-01T10:34:46+00:00","og_image":[{"width":720,"height":250,"url":"https:\/\/www.clusteraudiovisual.cat\/wp-content\/uploads\/2018\/12\/2018-esmorzar-socis-noticia-1.jpg","type":"image\/jpeg"}],"author":"admin","twitter_card":"summary_large_image","twitter_misc":{"Escrito por":"admin","Tiempo de lectura":"2 minutos"},"schema":{"@context":"https:\/\/schema.org","@graph":[{"@type":"Article","@id":"https:\/\/www.clusteraudiovisual.cat\/es\/broadcaster-cellnex-i-microgestio-on-the\/#article","isPartOf":{"@id":"https:\/\/www.clusteraudiovisual.cat\/es\/broadcaster-cellnex-i-microgestio-on-the\/"},"author":{"name":"admin","@id":"https:\/\/www.clusteraudiovisual.cat\/es\/#\/schema\/person\/23e1e732da72779cfc4fd7842583d17d"},"headline":"Broadcaster, Cellnex y Microgesti\u00f3 se presentan en el \u00faltimo desayuno de socios del a\u00f1o","datePublished":"2018-12-05T12:50:27+00:00","dateModified":"2022-08-01T10:34:46+00:00","mainEntityOfPage":{"@id":"https:\/\/www.clusteraudiovisual.cat\/es\/broadcaster-cellnex-i-microgestio-on-the\/"},"wordCount":239,"commentCount":0,"image":{"@id":"https:\/\/www.clusteraudiovisual.cat\/es\/broadcaster-cellnex-i-microgestio-on-the\/#primaryimage"},"thumbnailUrl":"https:\/\/www.clusteraudiovisual.cat\/wp-content\/uploads\/2018\/12\/2018-esmorzar-socis-noticia-1.jpg","articleSection":["Actualidad"],"inLanguage":"es","potentialAction":[{"@type":"CommentAction","name":"Comment","target":["https:\/\/www.clusteraudiovisual.cat\/es\/broadcaster-cellnex-i-microgestio-on-the\/#respond"]}]},{"@type":"WebPage","@id":"https:\/\/www.clusteraudiovisual.cat\/es\/broadcaster-cellnex-i-microgestio-on-the\/","url":"https:\/\/www.clusteraudiovisual.cat\/es\/broadcaster-cellnex-i-microgestio-on-the\/","name":"Broadcaster, Cellnex y Microgesti\u00f3 se presentan en el \u00faltimo desayuno de socios del a\u00f1o - Cl\u00faster Audiovisual","isPartOf":{"@id":"https:\/\/www.clusteraudiovisual.cat\/es\/#website"},"primaryImageOfPage":{"@id":"https:\/\/www.clusteraudiovisual.cat\/es\/broadcaster-cellnex-i-microgestio-on-the\/#primaryimage"},"image":{"@id":"https:\/\/www.clusteraudiovisual.cat\/es\/broadcaster-cellnex-i-microgestio-on-the\/#primaryimage"},"thumbnailUrl":"https:\/\/www.clusteraudiovisual.cat\/wp-content\/uploads\/2018\/12\/2018-esmorzar-socis-noticia-1.jpg","datePublished":"2018-12-05T12:50:27+00:00","dateModified":"2022-08-01T10:34:46+00:00","author":{"@id":"https:\/\/www.clusteraudiovisual.cat\/es\/#\/schema\/person\/23e1e732da72779cfc4fd7842583d17d"},"inLanguage":"es","potentialAction":[{"@type":"ReadAction","target":["https:\/\/www.clusteraudiovisual.cat\/es\/broadcaster-cellnex-i-microgestio-on-the\/"]}]},{"@type":"ImageObject","inLanguage":"es","@id":"https:\/\/www.clusteraudiovisual.cat\/es\/broadcaster-cellnex-i-microgestio-on-the\/#primaryimage","url":"https:\/\/www.clusteraudiovisual.cat\/wp-content\/uploads\/2018\/12\/2018-esmorzar-socis-noticia-1.jpg","contentUrl":"https:\/\/www.clusteraudiovisual.cat\/wp-content\/uploads\/2018\/12\/2018-esmorzar-socis-noticia-1.jpg","width":720,"height":250},{"@type":"WebSite","@id":"https:\/\/www.clusteraudiovisual.cat\/es\/#website","url":"https:\/\/www.clusteraudiovisual.cat\/es\/","name":"Cl\u00faster Audiovisual","description":"Associaci\u00f3 d&#039;empreses que integren el sector audiovisual.","potentialAction":[{"@type":"SearchAction","target":{"@type":"EntryPoint","urlTemplate":"https:\/\/www.clusteraudiovisual.cat\/es\/?s={search_term_string}"},"query-input":{"@type":"PropertyValueSpecification","valueRequired":true,"valueName":"search_term_string"}}],"inLanguage":"es"},{"@type":"Person","@id":"https:\/\/www.clusteraudiovisual.cat\/es\/#\/schema\/person\/23e1e732da72779cfc4fd7842583d17d","name":"admin","sameAs":["https:\/\/www.clusteraudiovisual.cat"],"url":"https:\/\/www.clusteraudiovisual.cat\/es\/author\/admin\/"}]}},"_links":{"self":[{"href":"https:\/\/www.clusteraudiovisual.cat\/es\/wp-json\/wp\/v2\/posts\/5825","targetHints":{"allow":["GET"]}}],"collection":[{"href":"https:\/\/www.clusteraudiovisual.cat\/es\/wp-json\/wp\/v2\/posts"}],"about":[{"href":"https:\/\/www.clusteraudiovisual.cat\/es\/wp-json\/wp\/v2\/types\/post"}],"author":[{"embeddable":true,"href":"https:\/\/www.clusteraudiovisual.cat\/es\/wp-json\/wp\/v2\/users\/1"}],"replies":[{"embeddable":true,"href":"https:\/\/www.clusteraudiovisual.cat\/es\/wp-json\/wp\/v2\/comments?post=5825"}],"version-history":[{"count":0,"href":"https:\/\/www.clusteraudiovisual.cat\/es\/wp-json\/wp\/v2\/posts\/5825\/revisions"}],"wp:featuredmedia":[{"embeddable":true,"href":"https:\/\/www.clusteraudiovisual.cat\/es\/wp-json\/wp\/v2\/media\/23754"}],"wp:attachment":[{"href":"https:\/\/www.clusteraudiovisual.cat\/es\/wp-json\/wp\/v2\/media?parent=5825"}],"wp:term":[{"taxonomy":"category","embeddable":true,"href":"https:\/\/www.clusteraudiovisual.cat\/es\/wp-json\/wp\/v2\/categories?post=5825"},{"taxonomy":"post_tag","embeddable":true,"href":"https:\/\/www.clusteraudiovisual.cat\/es\/wp-json\/wp\/v2\/tags?post=5825"}],"curies":[{"name":"wp","href":"https:\/\/api.w.org\/{rel}","templated":true}]}}