{"id":5821,"date":"2018-11-26T17:30:57","date_gmt":"2018-11-26T17:30:57","guid":{"rendered":"https:\/\/www.clusteraudiovisual.cat\/el-pacto-del-territorio-toma-forma-para-unificar-y-fortalecer-elaudiovisual-catalan\/"},"modified":"2022-08-01T10:43:23","modified_gmt":"2022-08-01T10:43:23","slug":"el-pacto-del-territorio-toma-forma-para-unificar-y-fortalecer-elaudiovisual-catalan","status":"publish","type":"post","link":"https:\/\/www.clusteraudiovisual.cat\/es\/el-pacto-del-territorio-toma-forma-para-unificar-y-fortalecer-elaudiovisual-catalan\/","title":{"rendered":"El Pacto del Territorio toma forma para unificar y fortalecer el audiovisual catal\u00e1n"},"content":{"rendered":"<p>Esta ma\u00f1ana, varios representantes de empresas y parques audiovisuales situados en diferentes puntos del territorio catal\u00e1n se han reunido en Barcelona a fin de trazar los primeros pasos del proyecto <strong>Pacto del Territorio<\/strong> impulsado por el <strong>Cluster Audiovisual de Catalunya<\/strong>.<\/p>\n<p>El<strong> Pacto del Territorio<\/strong> surge de la manifestaci\u00f3n reiterada por parte de <strong>equipamientos audiovisuales y tecnol\u00f3gicos<\/strong> dispersados \u200b\u200bpor el territorio de la necesidad de hacer conocimiento y mantener contacto con otros organismos con el objetivo de establecer sinergias y estudiar posibles colaboraciones. Como respuesta, el <strong>Cluster Audiovisual de Catalunya<\/strong> ha impulsado la creaci\u00f3n de una estrategia com\u00fan que posibilite actividades de promoci\u00f3n a escala internacional, el intercambio de experiencias y conocimientos entre las empresas participantes, y el desarrollo de proyectos y captaci\u00f3n de fondos de \u00f3rganos europeos, entre otros.<\/p>\n<p>Al encuentro han asistido representantes de <strong><a href=\"http:\/\/www.neapolis.cat\/\">Ne\u00e0polis<\/a><\/strong> (Vilanova i la Geltr\u00fa), <strong><a href=\"http:\/\/rocaumbert.com\/audiovisuals\/\">Roca Umber<\/a>t<\/strong> (Granollers), <strong><a href=\"https:\/\/www.parcaudiovisual.cat\/es\/\" target=\"_blank\" rel=\"noopener\">Parque Audiovisual de Catalu\u00f1a<\/a><\/strong> (Terrassa), <a href=\"https:\/\/torrebarrina.l-h.cat\/inici_2.aspx\"><strong>Torre Barrina<\/strong><\/a> (Hospitalet de Llobregat) y <strong><a href=\"https:\/\/www.citilab.eu\/\">Citilab<\/a><\/strong> (Cornell\u00e0). Estas empresas ven en el Pacto del Territorio un motor para dinamizar sus espacios adem\u00e1s de la oportunidad de vehicular, bajo un mismo paraguas, peticiones a la administraci\u00f3n p\u00fablica como incentivos fiscales para atraer producciones audiovisuales dentro del territorio catal\u00e1n.<\/p>\n<p>El Pacto del Territorio pretende extenderse por toda Catalu\u00f1a y aglutinar el mayor n\u00famero posible de <strong>parques y empresas audiovisuales del espacio catal\u00e1n<\/strong>. Pr\u00f3ximamente, se articular\u00e1 un documento con todos los organismos adheridos y se detallar\u00e1n los servicios ofrecidos para difundir, a modo de cat\u00e1logo, la diversidad existente.<\/p>\n<p>&nbsp;<\/p>\n<p>Esta actividad se encuentra dentro del programa de innovaci\u00f3n digital, audiovisual y nuevas tecnolog\u00edas del cl\u00faster audiovisual de Catalu\u00f1a.<\/p>\n<p>Con el apoyo<br \/>\n<a href=\"https:\/\/www.clusteraudiovisual.cat\/wp-content\/uploads\/2021\/02\/logoDipuPres-e1519380443383.png\"><img loading=\"lazy\" decoding=\"async\" class=\"alignleft size-full wp-image-2423\" src=\"https:\/\/www.clusteraudiovisual.cat\/wp-content\/uploads\/2021\/02\/logoDipuPres-e1519380443383.png\" alt=\"logoDipuPres\" width=\"573\" height=\"80\" \/><\/a><\/p>\n","protected":false},"excerpt":{"rendered":"<p>El Pacto del Territorio surge de la manifestaci\u00f3n reiterada por parte de equipamientos audiovisuales y tecnol\u00f3gicos dispersados \u200b\u200bpor el territorio de la necesidad de hacer conocimiento y mantener contacto con otros organismos con el objetivo de establecer sinergias y estudiar posibles colaboraciones<\/p>\n","protected":false},"author":1,"featured_media":23762,"comment_status":"open","ping_status":"open","sticky":false,"template":"","format":"standard","meta":{"_acf_changed":false,"footnotes":""},"categories":[21],"tags":[],"class_list":["post-5821","post","type-post","status-publish","format-standard","has-post-thumbnail","hentry","category-actualidad"],"acf":[],"yoast_head":"<!-- This site is optimized with the Yoast SEO plugin v27.0 - https:\/\/yoast.com\/product\/yoast-seo-wordpress\/ -->\n<title>El Pacto del Territorio toma forma para unificar y fortalecer el audiovisual catal\u00e1n - Cl\u00faster Audiovisual<\/title>\n<meta name=\"robots\" content=\"index, follow, max-snippet:-1, max-image-preview:large, max-video-preview:-1\" \/>\n<link rel=\"canonical\" href=\"https:\/\/www.clusteraudiovisual.cat\/es\/el-pacto-del-territorio-toma-forma-para-unificar-y-fortalecer-elaudiovisual-catalan\/\" \/>\n<meta property=\"og:locale\" content=\"es_ES\" \/>\n<meta property=\"og:type\" content=\"article\" \/>\n<meta property=\"og:title\" content=\"El Pacto del Territorio toma forma para unificar y fortalecer el audiovisual catal\u00e1n - Cl\u00faster Audiovisual\" \/>\n<meta property=\"og:description\" content=\"El Pacto del Territorio surge de la manifestaci\u00f3n reiterada por parte de equipamientos audiovisuales y tecnol\u00f3gicos dispersados \u200b\u200bpor el territorio de la necesidad de hacer conocimiento y mantener contacto con otros organismos con el objetivo de establecer sinergias y estudiar posibles colaboraciones\" \/>\n<meta property=\"og:url\" content=\"https:\/\/www.clusteraudiovisual.cat\/es\/el-pacto-del-territorio-toma-forma-para-unificar-y-fortalecer-elaudiovisual-catalan\/\" \/>\n<meta property=\"og:site_name\" content=\"Cl\u00faster Audiovisual\" \/>\n<meta property=\"article:published_time\" content=\"2018-11-26T17:30:57+00:00\" \/>\n<meta property=\"article:modified_time\" content=\"2022-08-01T10:43:23+00:00\" \/>\n<meta property=\"og:image\" content=\"https:\/\/www.clusteraudiovisual.cat\/wp-content\/uploads\/2018\/11\/2018-pacte-territori-noticia.jpg\" \/>\n\t<meta property=\"og:image:width\" content=\"720\" \/>\n\t<meta property=\"og:image:height\" content=\"250\" \/>\n\t<meta property=\"og:image:type\" content=\"image\/jpeg\" \/>\n<meta name=\"author\" content=\"admin\" \/>\n<meta name=\"twitter:card\" content=\"summary_large_image\" \/>\n<meta name=\"twitter:label1\" content=\"Escrito por\" \/>\n\t<meta name=\"twitter:data1\" content=\"admin\" \/>\n\t<meta name=\"twitter:label2\" content=\"Tiempo de lectura\" \/>\n\t<meta name=\"twitter:data2\" content=\"2 minutos\" \/>\n<script type=\"application\/ld+json\" class=\"yoast-schema-graph\">{\"@context\":\"https:\/\/schema.org\",\"@graph\":[{\"@type\":\"Article\",\"@id\":\"https:\/\/www.clusteraudiovisual.cat\/es\/el-pacto-del-territorio-toma-forma-para-unificar-y-fortalecer-elaudiovisual-catalan\/#article\",\"isPartOf\":{\"@id\":\"https:\/\/www.clusteraudiovisual.cat\/es\/el-pacto-del-territorio-toma-forma-para-unificar-y-fortalecer-elaudiovisual-catalan\/\"},\"author\":{\"name\":\"admin\",\"@id\":\"https:\/\/www.clusteraudiovisual.cat\/es\/#\/schema\/person\/23e1e732da72779cfc4fd7842583d17d\"},\"headline\":\"El Pacto del Territorio toma forma para unificar y fortalecer el audiovisual catal\u00e1n\",\"datePublished\":\"2018-11-26T17:30:57+00:00\",\"dateModified\":\"2022-08-01T10:43:23+00:00\",\"mainEntityOfPage\":{\"@id\":\"https:\/\/www.clusteraudiovisual.cat\/es\/el-pacto-del-territorio-toma-forma-para-unificar-y-fortalecer-elaudiovisual-catalan\/\"},\"wordCount\":305,\"commentCount\":0,\"image\":{\"@id\":\"https:\/\/www.clusteraudiovisual.cat\/es\/el-pacto-del-territorio-toma-forma-para-unificar-y-fortalecer-elaudiovisual-catalan\/#primaryimage\"},\"thumbnailUrl\":\"https:\/\/www.clusteraudiovisual.cat\/wp-content\/uploads\/2018\/11\/2018-pacte-territori-noticia.jpg\",\"articleSection\":[\"Actualidad\"],\"inLanguage\":\"es\",\"potentialAction\":[{\"@type\":\"CommentAction\",\"name\":\"Comment\",\"target\":[\"https:\/\/www.clusteraudiovisual.cat\/es\/el-pacto-del-territorio-toma-forma-para-unificar-y-fortalecer-elaudiovisual-catalan\/#respond\"]}]},{\"@type\":\"WebPage\",\"@id\":\"https:\/\/www.clusteraudiovisual.cat\/es\/el-pacto-del-territorio-toma-forma-para-unificar-y-fortalecer-elaudiovisual-catalan\/\",\"url\":\"https:\/\/www.clusteraudiovisual.cat\/es\/el-pacto-del-territorio-toma-forma-para-unificar-y-fortalecer-elaudiovisual-catalan\/\",\"name\":\"El Pacto del Territorio toma forma para unificar y fortalecer el audiovisual catal\u00e1n - Cl\u00faster Audiovisual\",\"isPartOf\":{\"@id\":\"https:\/\/www.clusteraudiovisual.cat\/es\/#website\"},\"primaryImageOfPage\":{\"@id\":\"https:\/\/www.clusteraudiovisual.cat\/es\/el-pacto-del-territorio-toma-forma-para-unificar-y-fortalecer-elaudiovisual-catalan\/#primaryimage\"},\"image\":{\"@id\":\"https:\/\/www.clusteraudiovisual.cat\/es\/el-pacto-del-territorio-toma-forma-para-unificar-y-fortalecer-elaudiovisual-catalan\/#primaryimage\"},\"thumbnailUrl\":\"https:\/\/www.clusteraudiovisual.cat\/wp-content\/uploads\/2018\/11\/2018-pacte-territori-noticia.jpg\",\"datePublished\":\"2018-11-26T17:30:57+00:00\",\"dateModified\":\"2022-08-01T10:43:23+00:00\",\"author\":{\"@id\":\"https:\/\/www.clusteraudiovisual.cat\/es\/#\/schema\/person\/23e1e732da72779cfc4fd7842583d17d\"},\"inLanguage\":\"es\",\"potentialAction\":[{\"@type\":\"ReadAction\",\"target\":[\"https:\/\/www.clusteraudiovisual.cat\/es\/el-pacto-del-territorio-toma-forma-para-unificar-y-fortalecer-elaudiovisual-catalan\/\"]}]},{\"@type\":\"ImageObject\",\"inLanguage\":\"es\",\"@id\":\"https:\/\/www.clusteraudiovisual.cat\/es\/el-pacto-del-territorio-toma-forma-para-unificar-y-fortalecer-elaudiovisual-catalan\/#primaryimage\",\"url\":\"https:\/\/www.clusteraudiovisual.cat\/wp-content\/uploads\/2018\/11\/2018-pacte-territori-noticia.jpg\",\"contentUrl\":\"https:\/\/www.clusteraudiovisual.cat\/wp-content\/uploads\/2018\/11\/2018-pacte-territori-noticia.jpg\",\"width\":720,\"height\":250},{\"@type\":\"WebSite\",\"@id\":\"https:\/\/www.clusteraudiovisual.cat\/es\/#website\",\"url\":\"https:\/\/www.clusteraudiovisual.cat\/es\/\",\"name\":\"Cl\u00faster Audiovisual\",\"description\":\"Associaci\u00f3 d&#039;empreses que integren el sector audiovisual.\",\"potentialAction\":[{\"@type\":\"SearchAction\",\"target\":{\"@type\":\"EntryPoint\",\"urlTemplate\":\"https:\/\/www.clusteraudiovisual.cat\/es\/?s={search_term_string}\"},\"query-input\":{\"@type\":\"PropertyValueSpecification\",\"valueRequired\":true,\"valueName\":\"search_term_string\"}}],\"inLanguage\":\"es\"},{\"@type\":\"Person\",\"@id\":\"https:\/\/www.clusteraudiovisual.cat\/es\/#\/schema\/person\/23e1e732da72779cfc4fd7842583d17d\",\"name\":\"admin\",\"sameAs\":[\"https:\/\/www.clusteraudiovisual.cat\"],\"url\":\"https:\/\/www.clusteraudiovisual.cat\/es\/author\/admin\/\"}]}<\/script>\n<!-- \/ Yoast SEO plugin. -->","yoast_head_json":{"title":"El Pacto del Territorio toma forma para unificar y fortalecer el audiovisual catal\u00e1n - Cl\u00faster Audiovisual","robots":{"index":"index","follow":"follow","max-snippet":"max-snippet:-1","max-image-preview":"max-image-preview:large","max-video-preview":"max-video-preview:-1"},"canonical":"https:\/\/www.clusteraudiovisual.cat\/es\/el-pacto-del-territorio-toma-forma-para-unificar-y-fortalecer-elaudiovisual-catalan\/","og_locale":"es_ES","og_type":"article","og_title":"El Pacto del Territorio toma forma para unificar y fortalecer el audiovisual catal\u00e1n - Cl\u00faster Audiovisual","og_description":"El Pacto del Territorio surge de la manifestaci\u00f3n reiterada por parte de equipamientos audiovisuales y tecnol\u00f3gicos dispersados \u200b\u200bpor el territorio de la necesidad de hacer conocimiento y mantener contacto con otros organismos con el objetivo de establecer sinergias y estudiar posibles colaboraciones","og_url":"https:\/\/www.clusteraudiovisual.cat\/es\/el-pacto-del-territorio-toma-forma-para-unificar-y-fortalecer-elaudiovisual-catalan\/","og_site_name":"Cl\u00faster Audiovisual","article_published_time":"2018-11-26T17:30:57+00:00","article_modified_time":"2022-08-01T10:43:23+00:00","og_image":[{"width":720,"height":250,"url":"https:\/\/www.clusteraudiovisual.cat\/wp-content\/uploads\/2018\/11\/2018-pacte-territori-noticia.jpg","type":"image\/jpeg"}],"author":"admin","twitter_card":"summary_large_image","twitter_misc":{"Escrito por":"admin","Tiempo de lectura":"2 minutos"},"schema":{"@context":"https:\/\/schema.org","@graph":[{"@type":"Article","@id":"https:\/\/www.clusteraudiovisual.cat\/es\/el-pacto-del-territorio-toma-forma-para-unificar-y-fortalecer-elaudiovisual-catalan\/#article","isPartOf":{"@id":"https:\/\/www.clusteraudiovisual.cat\/es\/el-pacto-del-territorio-toma-forma-para-unificar-y-fortalecer-elaudiovisual-catalan\/"},"author":{"name":"admin","@id":"https:\/\/www.clusteraudiovisual.cat\/es\/#\/schema\/person\/23e1e732da72779cfc4fd7842583d17d"},"headline":"El Pacto del Territorio toma forma para unificar y fortalecer el audiovisual catal\u00e1n","datePublished":"2018-11-26T17:30:57+00:00","dateModified":"2022-08-01T10:43:23+00:00","mainEntityOfPage":{"@id":"https:\/\/www.clusteraudiovisual.cat\/es\/el-pacto-del-territorio-toma-forma-para-unificar-y-fortalecer-elaudiovisual-catalan\/"},"wordCount":305,"commentCount":0,"image":{"@id":"https:\/\/www.clusteraudiovisual.cat\/es\/el-pacto-del-territorio-toma-forma-para-unificar-y-fortalecer-elaudiovisual-catalan\/#primaryimage"},"thumbnailUrl":"https:\/\/www.clusteraudiovisual.cat\/wp-content\/uploads\/2018\/11\/2018-pacte-territori-noticia.jpg","articleSection":["Actualidad"],"inLanguage":"es","potentialAction":[{"@type":"CommentAction","name":"Comment","target":["https:\/\/www.clusteraudiovisual.cat\/es\/el-pacto-del-territorio-toma-forma-para-unificar-y-fortalecer-elaudiovisual-catalan\/#respond"]}]},{"@type":"WebPage","@id":"https:\/\/www.clusteraudiovisual.cat\/es\/el-pacto-del-territorio-toma-forma-para-unificar-y-fortalecer-elaudiovisual-catalan\/","url":"https:\/\/www.clusteraudiovisual.cat\/es\/el-pacto-del-territorio-toma-forma-para-unificar-y-fortalecer-elaudiovisual-catalan\/","name":"El Pacto del Territorio toma forma para unificar y fortalecer el audiovisual catal\u00e1n - Cl\u00faster Audiovisual","isPartOf":{"@id":"https:\/\/www.clusteraudiovisual.cat\/es\/#website"},"primaryImageOfPage":{"@id":"https:\/\/www.clusteraudiovisual.cat\/es\/el-pacto-del-territorio-toma-forma-para-unificar-y-fortalecer-elaudiovisual-catalan\/#primaryimage"},"image":{"@id":"https:\/\/www.clusteraudiovisual.cat\/es\/el-pacto-del-territorio-toma-forma-para-unificar-y-fortalecer-elaudiovisual-catalan\/#primaryimage"},"thumbnailUrl":"https:\/\/www.clusteraudiovisual.cat\/wp-content\/uploads\/2018\/11\/2018-pacte-territori-noticia.jpg","datePublished":"2018-11-26T17:30:57+00:00","dateModified":"2022-08-01T10:43:23+00:00","author":{"@id":"https:\/\/www.clusteraudiovisual.cat\/es\/#\/schema\/person\/23e1e732da72779cfc4fd7842583d17d"},"inLanguage":"es","potentialAction":[{"@type":"ReadAction","target":["https:\/\/www.clusteraudiovisual.cat\/es\/el-pacto-del-territorio-toma-forma-para-unificar-y-fortalecer-elaudiovisual-catalan\/"]}]},{"@type":"ImageObject","inLanguage":"es","@id":"https:\/\/www.clusteraudiovisual.cat\/es\/el-pacto-del-territorio-toma-forma-para-unificar-y-fortalecer-elaudiovisual-catalan\/#primaryimage","url":"https:\/\/www.clusteraudiovisual.cat\/wp-content\/uploads\/2018\/11\/2018-pacte-territori-noticia.jpg","contentUrl":"https:\/\/www.clusteraudiovisual.cat\/wp-content\/uploads\/2018\/11\/2018-pacte-territori-noticia.jpg","width":720,"height":250},{"@type":"WebSite","@id":"https:\/\/www.clusteraudiovisual.cat\/es\/#website","url":"https:\/\/www.clusteraudiovisual.cat\/es\/","name":"Cl\u00faster Audiovisual","description":"Associaci\u00f3 d&#039;empreses que integren el sector audiovisual.","potentialAction":[{"@type":"SearchAction","target":{"@type":"EntryPoint","urlTemplate":"https:\/\/www.clusteraudiovisual.cat\/es\/?s={search_term_string}"},"query-input":{"@type":"PropertyValueSpecification","valueRequired":true,"valueName":"search_term_string"}}],"inLanguage":"es"},{"@type":"Person","@id":"https:\/\/www.clusteraudiovisual.cat\/es\/#\/schema\/person\/23e1e732da72779cfc4fd7842583d17d","name":"admin","sameAs":["https:\/\/www.clusteraudiovisual.cat"],"url":"https:\/\/www.clusteraudiovisual.cat\/es\/author\/admin\/"}]}},"_links":{"self":[{"href":"https:\/\/www.clusteraudiovisual.cat\/es\/wp-json\/wp\/v2\/posts\/5821","targetHints":{"allow":["GET"]}}],"collection":[{"href":"https:\/\/www.clusteraudiovisual.cat\/es\/wp-json\/wp\/v2\/posts"}],"about":[{"href":"https:\/\/www.clusteraudiovisual.cat\/es\/wp-json\/wp\/v2\/types\/post"}],"author":[{"embeddable":true,"href":"https:\/\/www.clusteraudiovisual.cat\/es\/wp-json\/wp\/v2\/users\/1"}],"replies":[{"embeddable":true,"href":"https:\/\/www.clusteraudiovisual.cat\/es\/wp-json\/wp\/v2\/comments?post=5821"}],"version-history":[{"count":0,"href":"https:\/\/www.clusteraudiovisual.cat\/es\/wp-json\/wp\/v2\/posts\/5821\/revisions"}],"wp:featuredmedia":[{"embeddable":true,"href":"https:\/\/www.clusteraudiovisual.cat\/es\/wp-json\/wp\/v2\/media\/23762"}],"wp:attachment":[{"href":"https:\/\/www.clusteraudiovisual.cat\/es\/wp-json\/wp\/v2\/media?parent=5821"}],"wp:term":[{"taxonomy":"category","embeddable":true,"href":"https:\/\/www.clusteraudiovisual.cat\/es\/wp-json\/wp\/v2\/categories?post=5821"},{"taxonomy":"post_tag","embeddable":true,"href":"https:\/\/www.clusteraudiovisual.cat\/es\/wp-json\/wp\/v2\/tags?post=5821"}],"curies":[{"name":"wp","href":"https:\/\/api.w.org\/{rel}","templated":true}]}}