{"id":5785,"date":"2018-04-17T09:42:34","date_gmt":"2018-04-17T09:42:34","guid":{"rendered":"https:\/\/www.clusteraudiovisual.cat\/nou-empreses-del-cluster-i-mes-de-cent-entrevistes-al-job-market-place-del-jobbarcelona\/"},"modified":"2018-04-17T09:42:34","modified_gmt":"2018-04-17T09:42:34","slug":"nou-empreses-del-cluster-i-mes-de-cent-entrevistes-al-job-market-place-del-jobbarcelona","status":"publish","type":"post","link":"https:\/\/www.clusteraudiovisual.cat\/es\/nou-empreses-del-cluster-i-mes-de-cent-entrevistes-al-job-market-place-del-jobbarcelona\/","title":{"rendered":"Nueve empresas del Cl\u00faster y m\u00e1s de cien entrevistas en el Job Market Place del JobBarcelona"},"content":{"rendered":"<p>El Cluster Audiovisual ha coorganizado con\u00a0<a href=\"http:\/\/www.barcelonactiva.cat\/barcelonactiva\/cat\/\">Barcelona Activa <\/a>\u00a0una secci\u00f3n de <strong>Job Market Place<\/strong> (entrevistas de trabajo) dedicada al sector audiovisual en el <a href=\"https:\/\/www.jobarcelona.com\/\">JobBarcelona<\/a>, congreso internacional del trabajo y orientaci\u00f3n laboral. El Job Market Place ha reunido<strong>\u00a0nueve empresas asociadas al Cluster del campo de la postproducci\u00f3n, animaci\u00f3n, producci\u00f3n televisiva y cinematogr\u00e1fica, organizaci\u00f3n de festivales, etc., con ofertas laborales.<\/strong>\u00a0Ha contado con\u00a0<strong>m\u00e1s de cien entrevistas de una selecci\u00f3n de candidatos que buscan trabajo.<\/strong><\/p>\n<p>Esta sesi\u00f3n va ligada <strong>al esfuerzo que el Cluster hace para conectar el nuevo talento emergente con la industria audiovisual<\/strong>\u00a0y que tiene, como actividad principal, la organizaci\u00f3n de la <strong>Semana del Talento Audiovisual <a href=\"https:\/\/www.talentaudiovisual.cat\/inicio\">[ver web]<\/a><\/strong>. Dentro de la Setmana, que se celebra el \u00faltimo trimestre de cada a\u00f1o, tambi\u00e9n se habilita un espacio de entrevistas de trabajo, en el <a href=\"https:\/\/www.talentaudiovisual.cat\/mercado-nuevos-profesionales\">Mercado de Nuevos Profesionales.<\/a><\/p>\n<p>Las empresas del Cluster que han participado en el Job Market Place son:<\/p>\n<ul>\n<li><a href=\"https:\/\/cluster.zaapi.com\/socis\/createl\/\">Create<\/a>l<\/li>\n<li><a href=\"https:\/\/cluster.zaapi.com\/socis\/deluxe-spain\/\">Deluxe<\/a><\/li>\n<li><a href=\"https:\/\/cluster.zaapi.com\/socis\/parallel-40\/\">DocsBarcelona<\/a><\/li>\n<li><a href=\"https:\/\/cluster.zaapi.com\/socis\/lavinia-tc\/\">Lavinia<\/a><\/li>\n<li><a href=\"https:\/\/cluster.zaapi.com\/socis\/metropolitana\/\">Metropolitana<\/a><\/li>\n<li><a href=\"https:\/\/cluster.zaapi.com\/socis\/passion-pictures-barcelona\/\">Passion Pictures Barcelona<\/a><\/li>\n<li><a href=\"https:\/\/cluster.zaapi.com\/socis\/reset-tv\/\">Reset TV<\/a><\/li>\n<li><a href=\"https:\/\/cluster.zaapi.com\/socis\/veranda-tv\/\">Veranda.tv<\/a><\/li>\n<\/ul>\n<p>&nbsp;<\/p>\n<p>&nbsp;<\/p>\n","protected":false},"excerpt":{"rendered":"<p>Sesi\u00f3n de entrevistas de trabajo ligada al esfuerzo que el Cluster hace para conectar el nuevo talento emergente con la industria audiovisual<\/p>\n","protected":false},"author":1,"featured_media":4775,"comment_status":"open","ping_status":"open","sticky":false,"template":"","format":"standard","meta":{"_acf_changed":false,"footnotes":""},"categories":[21],"tags":[],"class_list":["post-5785","post","type-post","status-publish","format-standard","has-post-thumbnail","hentry","category-actualidad"],"acf":[],"yoast_head":"<!-- This site is optimized with the Yoast SEO plugin v27.0 - https:\/\/yoast.com\/product\/yoast-seo-wordpress\/ -->\n<title>Nueve empresas del Cl\u00faster y m\u00e1s de cien entrevistas en el Job Market Place del JobBarcelona - Cl\u00faster Audiovisual<\/title>\n<meta name=\"robots\" content=\"index, follow, max-snippet:-1, max-image-preview:large, max-video-preview:-1\" \/>\n<link rel=\"canonical\" href=\"https:\/\/www.clusteraudiovisual.cat\/es\/nou-empreses-del-cluster-i-mes-de-cent-entrevistes-al-job-market-place-del-jobbarcelona\/\" \/>\n<meta property=\"og:locale\" content=\"es_ES\" \/>\n<meta property=\"og:type\" content=\"article\" \/>\n<meta property=\"og:title\" content=\"Nueve empresas del Cl\u00faster y m\u00e1s de cien entrevistas en el Job Market Place del JobBarcelona - Cl\u00faster Audiovisual\" \/>\n<meta property=\"og:description\" content=\"Sesi\u00f3n de entrevistas de trabajo ligada al esfuerzo que el Cluster hace para conectar el nuevo talento emergente con la industria audiovisual\" \/>\n<meta property=\"og:url\" content=\"https:\/\/www.clusteraudiovisual.cat\/es\/nou-empreses-del-cluster-i-mes-de-cent-entrevistes-al-job-market-place-del-jobbarcelona\/\" \/>\n<meta property=\"og:site_name\" content=\"Cl\u00faster Audiovisual\" \/>\n<meta property=\"article:published_time\" content=\"2018-04-17T09:42:34+00:00\" \/>\n<meta property=\"og:image\" content=\"https:\/\/www.clusteraudiovisual.cat\/wp-content\/uploads\/2021\/02\/JobMarketPlace_2018-01.png\" \/>\n\t<meta property=\"og:image:width\" content=\"1170\" \/>\n\t<meta property=\"og:image:height\" content=\"380\" \/>\n\t<meta property=\"og:image:type\" content=\"image\/png\" \/>\n<meta name=\"author\" content=\"admin\" \/>\n<meta name=\"twitter:card\" content=\"summary_large_image\" \/>\n<meta name=\"twitter:label1\" content=\"Escrito por\" \/>\n\t<meta name=\"twitter:data1\" content=\"admin\" \/>\n\t<meta name=\"twitter:label2\" content=\"Tiempo de lectura\" \/>\n\t<meta name=\"twitter:data2\" content=\"1 minuto\" \/>\n<script type=\"application\/ld+json\" class=\"yoast-schema-graph\">{\"@context\":\"https:\/\/schema.org\",\"@graph\":[{\"@type\":\"Article\",\"@id\":\"https:\/\/www.clusteraudiovisual.cat\/es\/nou-empreses-del-cluster-i-mes-de-cent-entrevistes-al-job-market-place-del-jobbarcelona\/#article\",\"isPartOf\":{\"@id\":\"https:\/\/www.clusteraudiovisual.cat\/es\/nou-empreses-del-cluster-i-mes-de-cent-entrevistes-al-job-market-place-del-jobbarcelona\/\"},\"author\":{\"name\":\"admin\",\"@id\":\"https:\/\/www.clusteraudiovisual.cat\/es\/#\/schema\/person\/23e1e732da72779cfc4fd7842583d17d\"},\"headline\":\"Nueve empresas del Cl\u00faster y m\u00e1s de cien entrevistas en el Job Market Place del JobBarcelona\",\"datePublished\":\"2018-04-17T09:42:34+00:00\",\"mainEntityOfPage\":{\"@id\":\"https:\/\/www.clusteraudiovisual.cat\/es\/nou-empreses-del-cluster-i-mes-de-cent-entrevistes-al-job-market-place-del-jobbarcelona\/\"},\"wordCount\":196,\"commentCount\":0,\"image\":{\"@id\":\"https:\/\/www.clusteraudiovisual.cat\/es\/nou-empreses-del-cluster-i-mes-de-cent-entrevistes-al-job-market-place-del-jobbarcelona\/#primaryimage\"},\"thumbnailUrl\":\"https:\/\/www.clusteraudiovisual.cat\/wp-content\/uploads\/2021\/02\/JobMarketPlace_2018-01.png\",\"articleSection\":[\"Actualidad\"],\"inLanguage\":\"es\",\"potentialAction\":[{\"@type\":\"CommentAction\",\"name\":\"Comment\",\"target\":[\"https:\/\/www.clusteraudiovisual.cat\/es\/nou-empreses-del-cluster-i-mes-de-cent-entrevistes-al-job-market-place-del-jobbarcelona\/#respond\"]}]},{\"@type\":\"WebPage\",\"@id\":\"https:\/\/www.clusteraudiovisual.cat\/es\/nou-empreses-del-cluster-i-mes-de-cent-entrevistes-al-job-market-place-del-jobbarcelona\/\",\"url\":\"https:\/\/www.clusteraudiovisual.cat\/es\/nou-empreses-del-cluster-i-mes-de-cent-entrevistes-al-job-market-place-del-jobbarcelona\/\",\"name\":\"Nueve empresas del Cl\u00faster y m\u00e1s de cien entrevistas en el Job Market Place del JobBarcelona - Cl\u00faster Audiovisual\",\"isPartOf\":{\"@id\":\"https:\/\/www.clusteraudiovisual.cat\/es\/#website\"},\"primaryImageOfPage\":{\"@id\":\"https:\/\/www.clusteraudiovisual.cat\/es\/nou-empreses-del-cluster-i-mes-de-cent-entrevistes-al-job-market-place-del-jobbarcelona\/#primaryimage\"},\"image\":{\"@id\":\"https:\/\/www.clusteraudiovisual.cat\/es\/nou-empreses-del-cluster-i-mes-de-cent-entrevistes-al-job-market-place-del-jobbarcelona\/#primaryimage\"},\"thumbnailUrl\":\"https:\/\/www.clusteraudiovisual.cat\/wp-content\/uploads\/2021\/02\/JobMarketPlace_2018-01.png\",\"datePublished\":\"2018-04-17T09:42:34+00:00\",\"author\":{\"@id\":\"https:\/\/www.clusteraudiovisual.cat\/es\/#\/schema\/person\/23e1e732da72779cfc4fd7842583d17d\"},\"inLanguage\":\"es\",\"potentialAction\":[{\"@type\":\"ReadAction\",\"target\":[\"https:\/\/www.clusteraudiovisual.cat\/es\/nou-empreses-del-cluster-i-mes-de-cent-entrevistes-al-job-market-place-del-jobbarcelona\/\"]}]},{\"@type\":\"ImageObject\",\"inLanguage\":\"es\",\"@id\":\"https:\/\/www.clusteraudiovisual.cat\/es\/nou-empreses-del-cluster-i-mes-de-cent-entrevistes-al-job-market-place-del-jobbarcelona\/#primaryimage\",\"url\":\"https:\/\/www.clusteraudiovisual.cat\/wp-content\/uploads\/2021\/02\/JobMarketPlace_2018-01.png\",\"contentUrl\":\"https:\/\/www.clusteraudiovisual.cat\/wp-content\/uploads\/2021\/02\/JobMarketPlace_2018-01.png\",\"width\":1170,\"height\":380},{\"@type\":\"WebSite\",\"@id\":\"https:\/\/www.clusteraudiovisual.cat\/es\/#website\",\"url\":\"https:\/\/www.clusteraudiovisual.cat\/es\/\",\"name\":\"Cl\u00faster Audiovisual\",\"description\":\"Associaci\u00f3 d&#039;empreses que integren el sector audiovisual.\",\"potentialAction\":[{\"@type\":\"SearchAction\",\"target\":{\"@type\":\"EntryPoint\",\"urlTemplate\":\"https:\/\/www.clusteraudiovisual.cat\/es\/?s={search_term_string}\"},\"query-input\":{\"@type\":\"PropertyValueSpecification\",\"valueRequired\":true,\"valueName\":\"search_term_string\"}}],\"inLanguage\":\"es\"},{\"@type\":\"Person\",\"@id\":\"https:\/\/www.clusteraudiovisual.cat\/es\/#\/schema\/person\/23e1e732da72779cfc4fd7842583d17d\",\"name\":\"admin\",\"sameAs\":[\"https:\/\/www.clusteraudiovisual.cat\"],\"url\":\"https:\/\/www.clusteraudiovisual.cat\/es\/author\/admin\/\"}]}<\/script>\n<!-- \/ Yoast SEO plugin. -->","yoast_head_json":{"title":"Nueve empresas del Cl\u00faster y m\u00e1s de cien entrevistas en el Job Market Place del JobBarcelona - Cl\u00faster Audiovisual","robots":{"index":"index","follow":"follow","max-snippet":"max-snippet:-1","max-image-preview":"max-image-preview:large","max-video-preview":"max-video-preview:-1"},"canonical":"https:\/\/www.clusteraudiovisual.cat\/es\/nou-empreses-del-cluster-i-mes-de-cent-entrevistes-al-job-market-place-del-jobbarcelona\/","og_locale":"es_ES","og_type":"article","og_title":"Nueve empresas del Cl\u00faster y m\u00e1s de cien entrevistas en el Job Market Place del JobBarcelona - Cl\u00faster Audiovisual","og_description":"Sesi\u00f3n de entrevistas de trabajo ligada al esfuerzo que el Cluster hace para conectar el nuevo talento emergente con la industria audiovisual","og_url":"https:\/\/www.clusteraudiovisual.cat\/es\/nou-empreses-del-cluster-i-mes-de-cent-entrevistes-al-job-market-place-del-jobbarcelona\/","og_site_name":"Cl\u00faster Audiovisual","article_published_time":"2018-04-17T09:42:34+00:00","og_image":[{"width":1170,"height":380,"url":"https:\/\/www.clusteraudiovisual.cat\/wp-content\/uploads\/2021\/02\/JobMarketPlace_2018-01.png","type":"image\/png"}],"author":"admin","twitter_card":"summary_large_image","twitter_misc":{"Escrito por":"admin","Tiempo de lectura":"1 minuto"},"schema":{"@context":"https:\/\/schema.org","@graph":[{"@type":"Article","@id":"https:\/\/www.clusteraudiovisual.cat\/es\/nou-empreses-del-cluster-i-mes-de-cent-entrevistes-al-job-market-place-del-jobbarcelona\/#article","isPartOf":{"@id":"https:\/\/www.clusteraudiovisual.cat\/es\/nou-empreses-del-cluster-i-mes-de-cent-entrevistes-al-job-market-place-del-jobbarcelona\/"},"author":{"name":"admin","@id":"https:\/\/www.clusteraudiovisual.cat\/es\/#\/schema\/person\/23e1e732da72779cfc4fd7842583d17d"},"headline":"Nueve empresas del Cl\u00faster y m\u00e1s de cien entrevistas en el Job Market Place del JobBarcelona","datePublished":"2018-04-17T09:42:34+00:00","mainEntityOfPage":{"@id":"https:\/\/www.clusteraudiovisual.cat\/es\/nou-empreses-del-cluster-i-mes-de-cent-entrevistes-al-job-market-place-del-jobbarcelona\/"},"wordCount":196,"commentCount":0,"image":{"@id":"https:\/\/www.clusteraudiovisual.cat\/es\/nou-empreses-del-cluster-i-mes-de-cent-entrevistes-al-job-market-place-del-jobbarcelona\/#primaryimage"},"thumbnailUrl":"https:\/\/www.clusteraudiovisual.cat\/wp-content\/uploads\/2021\/02\/JobMarketPlace_2018-01.png","articleSection":["Actualidad"],"inLanguage":"es","potentialAction":[{"@type":"CommentAction","name":"Comment","target":["https:\/\/www.clusteraudiovisual.cat\/es\/nou-empreses-del-cluster-i-mes-de-cent-entrevistes-al-job-market-place-del-jobbarcelona\/#respond"]}]},{"@type":"WebPage","@id":"https:\/\/www.clusteraudiovisual.cat\/es\/nou-empreses-del-cluster-i-mes-de-cent-entrevistes-al-job-market-place-del-jobbarcelona\/","url":"https:\/\/www.clusteraudiovisual.cat\/es\/nou-empreses-del-cluster-i-mes-de-cent-entrevistes-al-job-market-place-del-jobbarcelona\/","name":"Nueve empresas del Cl\u00faster y m\u00e1s de cien entrevistas en el Job Market Place del JobBarcelona - Cl\u00faster Audiovisual","isPartOf":{"@id":"https:\/\/www.clusteraudiovisual.cat\/es\/#website"},"primaryImageOfPage":{"@id":"https:\/\/www.clusteraudiovisual.cat\/es\/nou-empreses-del-cluster-i-mes-de-cent-entrevistes-al-job-market-place-del-jobbarcelona\/#primaryimage"},"image":{"@id":"https:\/\/www.clusteraudiovisual.cat\/es\/nou-empreses-del-cluster-i-mes-de-cent-entrevistes-al-job-market-place-del-jobbarcelona\/#primaryimage"},"thumbnailUrl":"https:\/\/www.clusteraudiovisual.cat\/wp-content\/uploads\/2021\/02\/JobMarketPlace_2018-01.png","datePublished":"2018-04-17T09:42:34+00:00","author":{"@id":"https:\/\/www.clusteraudiovisual.cat\/es\/#\/schema\/person\/23e1e732da72779cfc4fd7842583d17d"},"inLanguage":"es","potentialAction":[{"@type":"ReadAction","target":["https:\/\/www.clusteraudiovisual.cat\/es\/nou-empreses-del-cluster-i-mes-de-cent-entrevistes-al-job-market-place-del-jobbarcelona\/"]}]},{"@type":"ImageObject","inLanguage":"es","@id":"https:\/\/www.clusteraudiovisual.cat\/es\/nou-empreses-del-cluster-i-mes-de-cent-entrevistes-al-job-market-place-del-jobbarcelona\/#primaryimage","url":"https:\/\/www.clusteraudiovisual.cat\/wp-content\/uploads\/2021\/02\/JobMarketPlace_2018-01.png","contentUrl":"https:\/\/www.clusteraudiovisual.cat\/wp-content\/uploads\/2021\/02\/JobMarketPlace_2018-01.png","width":1170,"height":380},{"@type":"WebSite","@id":"https:\/\/www.clusteraudiovisual.cat\/es\/#website","url":"https:\/\/www.clusteraudiovisual.cat\/es\/","name":"Cl\u00faster Audiovisual","description":"Associaci\u00f3 d&#039;empreses que integren el sector audiovisual.","potentialAction":[{"@type":"SearchAction","target":{"@type":"EntryPoint","urlTemplate":"https:\/\/www.clusteraudiovisual.cat\/es\/?s={search_term_string}"},"query-input":{"@type":"PropertyValueSpecification","valueRequired":true,"valueName":"search_term_string"}}],"inLanguage":"es"},{"@type":"Person","@id":"https:\/\/www.clusteraudiovisual.cat\/es\/#\/schema\/person\/23e1e732da72779cfc4fd7842583d17d","name":"admin","sameAs":["https:\/\/www.clusteraudiovisual.cat"],"url":"https:\/\/www.clusteraudiovisual.cat\/es\/author\/admin\/"}]}},"_links":{"self":[{"href":"https:\/\/www.clusteraudiovisual.cat\/es\/wp-json\/wp\/v2\/posts\/5785","targetHints":{"allow":["GET"]}}],"collection":[{"href":"https:\/\/www.clusteraudiovisual.cat\/es\/wp-json\/wp\/v2\/posts"}],"about":[{"href":"https:\/\/www.clusteraudiovisual.cat\/es\/wp-json\/wp\/v2\/types\/post"}],"author":[{"embeddable":true,"href":"https:\/\/www.clusteraudiovisual.cat\/es\/wp-json\/wp\/v2\/users\/1"}],"replies":[{"embeddable":true,"href":"https:\/\/www.clusteraudiovisual.cat\/es\/wp-json\/wp\/v2\/comments?post=5785"}],"version-history":[{"count":0,"href":"https:\/\/www.clusteraudiovisual.cat\/es\/wp-json\/wp\/v2\/posts\/5785\/revisions"}],"wp:featuredmedia":[{"embeddable":true,"href":"https:\/\/www.clusteraudiovisual.cat\/es\/wp-json\/wp\/v2\/media\/4775"}],"wp:attachment":[{"href":"https:\/\/www.clusteraudiovisual.cat\/es\/wp-json\/wp\/v2\/media?parent=5785"}],"wp:term":[{"taxonomy":"category","embeddable":true,"href":"https:\/\/www.clusteraudiovisual.cat\/es\/wp-json\/wp\/v2\/categories?post=5785"},{"taxonomy":"post_tag","embeddable":true,"href":"https:\/\/www.clusteraudiovisual.cat\/es\/wp-json\/wp\/v2\/tags?post=5785"}],"curies":[{"name":"wp","href":"https:\/\/api.w.org\/{rel}","templated":true}]}}