{"id":5779,"date":"2018-02-13T12:19:45","date_gmt":"2018-02-13T12:19:45","guid":{"rendered":"https:\/\/www.clusteraudiovisual.cat\/reptes-i-oportunitats-en-lambit-educatiu-i-audiviovisual\/"},"modified":"2018-02-13T12:19:45","modified_gmt":"2018-02-13T12:19:45","slug":"reptes-i-oportunitats-en-lambit-educatiu-i-audiviovisual","status":"publish","type":"post","link":"https:\/\/www.clusteraudiovisual.cat\/es\/reptes-i-oportunitats-en-lambit-educatiu-i-audiviovisual\/","title":{"rendered":"Retos y oportunidads en el \u00e1mbito educativo y audiovisual"},"content":{"rendered":"<p>Empresas de tecnolog\u00eda aplicada a la educaci\u00f3n y empresas del audiovisual se han encontrado en una sesi\u00f3n destinada a explorar nuevas formas de colaboraci\u00f3n,\u00a0 as\u00ed como evaluar las oportunidades de negocio que ofrece el \u00e1mbito de la educaci\u00f3n. La sesi\u00f3n ha sido organizada por Edutech Cluster, grupo de empresas y entidades del sector TIC Educaci\u00f3n, y el Cl\u00faster Audiovisual de Catalunya.<\/p>\n<p>Ha abierto la sesi\u00f3n, Miquel \u00c0ngel Prats, profesor titular de la URL y Director de estudios de Grado de Educaci\u00f3n Infantil en la FPCEE Blanquerna, que detall\u00f3 las principales tendencias y perspectivas en la utilizaci\u00f3n de contenidos y recursos digitales en el \u00e1mbito educativo. Al profesor Prats le siguieron las presentaciones de algunas de las empresas participantes: iClassics Education y eduscopi, por parte de Edutech.<\/p>\n<p>Por parte del Cluster, particip\u00f3\u00a0<strong><a href=\"https:\/\/minushu.com\/\">Minushu<\/a>, <\/strong>empresa especializada en la creaci\u00f3n de experiencias narrativas con tecnolog\u00edas inmersivas: realidad aumentada y realidad virtual, y\u00a0<strong><a href=\"http:\/\/createl.tv\/ca\/\">Createl<\/a>, <\/strong>productora especializada en programas de televisi\u00f3n, documentales, \u00abTV movies\u00bb y entretenimoento digital.<\/p>\n<p>La sesi\u00f3n de trabajo entre las empresas se ha basado en tres ejes principales: \u00abRealidad virtual, Realidad aumentada y educaci\u00f3n\u00bb, \u00abGamificaci\u00f3n y otros recursos participativos\u00bb y \u00abCreaci\u00f3n de contenidos audiovisuales\u00bb.<\/p>\n<p>&nbsp;<\/p>\n<p><iframe loading=\"lazy\" src=\"https:\/\/www.youtube.com\/embed\/mbZrzT7QPQ4\" height=\"400\" width=\"100%\" allowfullscreen=\"\" frameborder=\"0\"><\/iframe><\/p>\n<p>&nbsp;<\/p>\n","protected":false},"excerpt":{"rendered":"<p>Empresas de tecnolog\u00eda aplicada a la educaci\u00f3n y empresas del audiovisual se han encontrado en una sesi\u00f3n destinada a explorar nuevas formas de colaboraci\u00f3n<\/p>\n","protected":false},"author":1,"featured_media":4756,"comment_status":"open","ping_status":"open","sticky":false,"template":"","format":"standard","meta":{"_acf_changed":false,"footnotes":""},"categories":[21],"tags":[],"class_list":["post-5779","post","type-post","status-publish","format-standard","has-post-thumbnail","hentry","category-actualidad"],"acf":[],"yoast_head":"<!-- This site is optimized with the Yoast SEO plugin v27.0 - https:\/\/yoast.com\/product\/yoast-seo-wordpress\/ -->\n<title>Retos y oportunidads en el \u00e1mbito educativo y audiovisual - Cl\u00faster Audiovisual<\/title>\n<meta name=\"robots\" content=\"index, follow, max-snippet:-1, max-image-preview:large, max-video-preview:-1\" \/>\n<link rel=\"canonical\" href=\"https:\/\/www.clusteraudiovisual.cat\/es\/reptes-i-oportunitats-en-lambit-educatiu-i-audiviovisual\/\" \/>\n<meta property=\"og:locale\" content=\"es_ES\" \/>\n<meta property=\"og:type\" content=\"article\" \/>\n<meta property=\"og:title\" content=\"Retos y oportunidads en el \u00e1mbito educativo y audiovisual - Cl\u00faster Audiovisual\" \/>\n<meta property=\"og:description\" content=\"Empresas de tecnolog\u00eda aplicada a la educaci\u00f3n y empresas del audiovisual se han encontrado en una sesi\u00f3n destinada a explorar nuevas formas de colaboraci\u00f3n\" \/>\n<meta property=\"og:url\" content=\"https:\/\/www.clusteraudiovisual.cat\/es\/reptes-i-oportunitats-en-lambit-educatiu-i-audiviovisual\/\" \/>\n<meta property=\"og:site_name\" content=\"Cl\u00faster Audiovisual\" \/>\n<meta property=\"article:published_time\" content=\"2018-02-13T12:19:45+00:00\" \/>\n<meta property=\"og:image\" content=\"https:\/\/www.clusteraudiovisual.cat\/wp-content\/uploads\/2021\/02\/Edutech_carrussel_2018-01.png\" \/>\n\t<meta property=\"og:image:width\" content=\"1170\" \/>\n\t<meta property=\"og:image:height\" content=\"380\" \/>\n\t<meta property=\"og:image:type\" content=\"image\/png\" \/>\n<meta name=\"author\" content=\"admin\" \/>\n<meta name=\"twitter:card\" content=\"summary_large_image\" \/>\n<meta name=\"twitter:label1\" content=\"Escrito por\" \/>\n\t<meta name=\"twitter:data1\" content=\"admin\" \/>\n\t<meta name=\"twitter:label2\" content=\"Tiempo de lectura\" \/>\n\t<meta name=\"twitter:data2\" content=\"1 minuto\" \/>\n<script type=\"application\/ld+json\" class=\"yoast-schema-graph\">{\"@context\":\"https:\/\/schema.org\",\"@graph\":[{\"@type\":\"Article\",\"@id\":\"https:\/\/www.clusteraudiovisual.cat\/es\/reptes-i-oportunitats-en-lambit-educatiu-i-audiviovisual\/#article\",\"isPartOf\":{\"@id\":\"https:\/\/www.clusteraudiovisual.cat\/es\/reptes-i-oportunitats-en-lambit-educatiu-i-audiviovisual\/\"},\"author\":{\"name\":\"admin\",\"@id\":\"https:\/\/www.clusteraudiovisual.cat\/es\/#\/schema\/person\/23e1e732da72779cfc4fd7842583d17d\"},\"headline\":\"Retos y oportunidads en el \u00e1mbito educativo y audiovisual\",\"datePublished\":\"2018-02-13T12:19:45+00:00\",\"mainEntityOfPage\":{\"@id\":\"https:\/\/www.clusteraudiovisual.cat\/es\/reptes-i-oportunitats-en-lambit-educatiu-i-audiviovisual\/\"},\"wordCount\":221,\"commentCount\":0,\"image\":{\"@id\":\"https:\/\/www.clusteraudiovisual.cat\/es\/reptes-i-oportunitats-en-lambit-educatiu-i-audiviovisual\/#primaryimage\"},\"thumbnailUrl\":\"https:\/\/www.clusteraudiovisual.cat\/wp-content\/uploads\/2021\/02\/Edutech_carrussel_2018-01.png\",\"articleSection\":[\"Actualidad\"],\"inLanguage\":\"es\",\"potentialAction\":[{\"@type\":\"CommentAction\",\"name\":\"Comment\",\"target\":[\"https:\/\/www.clusteraudiovisual.cat\/es\/reptes-i-oportunitats-en-lambit-educatiu-i-audiviovisual\/#respond\"]}]},{\"@type\":\"WebPage\",\"@id\":\"https:\/\/www.clusteraudiovisual.cat\/es\/reptes-i-oportunitats-en-lambit-educatiu-i-audiviovisual\/\",\"url\":\"https:\/\/www.clusteraudiovisual.cat\/es\/reptes-i-oportunitats-en-lambit-educatiu-i-audiviovisual\/\",\"name\":\"Retos y oportunidads en el \u00e1mbito educativo y audiovisual - Cl\u00faster Audiovisual\",\"isPartOf\":{\"@id\":\"https:\/\/www.clusteraudiovisual.cat\/es\/#website\"},\"primaryImageOfPage\":{\"@id\":\"https:\/\/www.clusteraudiovisual.cat\/es\/reptes-i-oportunitats-en-lambit-educatiu-i-audiviovisual\/#primaryimage\"},\"image\":{\"@id\":\"https:\/\/www.clusteraudiovisual.cat\/es\/reptes-i-oportunitats-en-lambit-educatiu-i-audiviovisual\/#primaryimage\"},\"thumbnailUrl\":\"https:\/\/www.clusteraudiovisual.cat\/wp-content\/uploads\/2021\/02\/Edutech_carrussel_2018-01.png\",\"datePublished\":\"2018-02-13T12:19:45+00:00\",\"author\":{\"@id\":\"https:\/\/www.clusteraudiovisual.cat\/es\/#\/schema\/person\/23e1e732da72779cfc4fd7842583d17d\"},\"inLanguage\":\"es\",\"potentialAction\":[{\"@type\":\"ReadAction\",\"target\":[\"https:\/\/www.clusteraudiovisual.cat\/es\/reptes-i-oportunitats-en-lambit-educatiu-i-audiviovisual\/\"]}]},{\"@type\":\"ImageObject\",\"inLanguage\":\"es\",\"@id\":\"https:\/\/www.clusteraudiovisual.cat\/es\/reptes-i-oportunitats-en-lambit-educatiu-i-audiviovisual\/#primaryimage\",\"url\":\"https:\/\/www.clusteraudiovisual.cat\/wp-content\/uploads\/2021\/02\/Edutech_carrussel_2018-01.png\",\"contentUrl\":\"https:\/\/www.clusteraudiovisual.cat\/wp-content\/uploads\/2021\/02\/Edutech_carrussel_2018-01.png\",\"width\":1170,\"height\":380},{\"@type\":\"WebSite\",\"@id\":\"https:\/\/www.clusteraudiovisual.cat\/es\/#website\",\"url\":\"https:\/\/www.clusteraudiovisual.cat\/es\/\",\"name\":\"Cl\u00faster Audiovisual\",\"description\":\"Associaci\u00f3 d&#039;empreses que integren el sector audiovisual.\",\"potentialAction\":[{\"@type\":\"SearchAction\",\"target\":{\"@type\":\"EntryPoint\",\"urlTemplate\":\"https:\/\/www.clusteraudiovisual.cat\/es\/?s={search_term_string}\"},\"query-input\":{\"@type\":\"PropertyValueSpecification\",\"valueRequired\":true,\"valueName\":\"search_term_string\"}}],\"inLanguage\":\"es\"},{\"@type\":\"Person\",\"@id\":\"https:\/\/www.clusteraudiovisual.cat\/es\/#\/schema\/person\/23e1e732da72779cfc4fd7842583d17d\",\"name\":\"admin\",\"sameAs\":[\"https:\/\/www.clusteraudiovisual.cat\"],\"url\":\"https:\/\/www.clusteraudiovisual.cat\/es\/author\/admin\/\"}]}<\/script>\n<!-- \/ Yoast SEO plugin. -->","yoast_head_json":{"title":"Retos y oportunidads en el \u00e1mbito educativo y audiovisual - Cl\u00faster Audiovisual","robots":{"index":"index","follow":"follow","max-snippet":"max-snippet:-1","max-image-preview":"max-image-preview:large","max-video-preview":"max-video-preview:-1"},"canonical":"https:\/\/www.clusteraudiovisual.cat\/es\/reptes-i-oportunitats-en-lambit-educatiu-i-audiviovisual\/","og_locale":"es_ES","og_type":"article","og_title":"Retos y oportunidads en el \u00e1mbito educativo y audiovisual - Cl\u00faster Audiovisual","og_description":"Empresas de tecnolog\u00eda aplicada a la educaci\u00f3n y empresas del audiovisual se han encontrado en una sesi\u00f3n destinada a explorar nuevas formas de colaboraci\u00f3n","og_url":"https:\/\/www.clusteraudiovisual.cat\/es\/reptes-i-oportunitats-en-lambit-educatiu-i-audiviovisual\/","og_site_name":"Cl\u00faster Audiovisual","article_published_time":"2018-02-13T12:19:45+00:00","og_image":[{"width":1170,"height":380,"url":"https:\/\/www.clusteraudiovisual.cat\/wp-content\/uploads\/2021\/02\/Edutech_carrussel_2018-01.png","type":"image\/png"}],"author":"admin","twitter_card":"summary_large_image","twitter_misc":{"Escrito por":"admin","Tiempo de lectura":"1 minuto"},"schema":{"@context":"https:\/\/schema.org","@graph":[{"@type":"Article","@id":"https:\/\/www.clusteraudiovisual.cat\/es\/reptes-i-oportunitats-en-lambit-educatiu-i-audiviovisual\/#article","isPartOf":{"@id":"https:\/\/www.clusteraudiovisual.cat\/es\/reptes-i-oportunitats-en-lambit-educatiu-i-audiviovisual\/"},"author":{"name":"admin","@id":"https:\/\/www.clusteraudiovisual.cat\/es\/#\/schema\/person\/23e1e732da72779cfc4fd7842583d17d"},"headline":"Retos y oportunidads en el \u00e1mbito educativo y audiovisual","datePublished":"2018-02-13T12:19:45+00:00","mainEntityOfPage":{"@id":"https:\/\/www.clusteraudiovisual.cat\/es\/reptes-i-oportunitats-en-lambit-educatiu-i-audiviovisual\/"},"wordCount":221,"commentCount":0,"image":{"@id":"https:\/\/www.clusteraudiovisual.cat\/es\/reptes-i-oportunitats-en-lambit-educatiu-i-audiviovisual\/#primaryimage"},"thumbnailUrl":"https:\/\/www.clusteraudiovisual.cat\/wp-content\/uploads\/2021\/02\/Edutech_carrussel_2018-01.png","articleSection":["Actualidad"],"inLanguage":"es","potentialAction":[{"@type":"CommentAction","name":"Comment","target":["https:\/\/www.clusteraudiovisual.cat\/es\/reptes-i-oportunitats-en-lambit-educatiu-i-audiviovisual\/#respond"]}]},{"@type":"WebPage","@id":"https:\/\/www.clusteraudiovisual.cat\/es\/reptes-i-oportunitats-en-lambit-educatiu-i-audiviovisual\/","url":"https:\/\/www.clusteraudiovisual.cat\/es\/reptes-i-oportunitats-en-lambit-educatiu-i-audiviovisual\/","name":"Retos y oportunidads en el \u00e1mbito educativo y audiovisual - Cl\u00faster Audiovisual","isPartOf":{"@id":"https:\/\/www.clusteraudiovisual.cat\/es\/#website"},"primaryImageOfPage":{"@id":"https:\/\/www.clusteraudiovisual.cat\/es\/reptes-i-oportunitats-en-lambit-educatiu-i-audiviovisual\/#primaryimage"},"image":{"@id":"https:\/\/www.clusteraudiovisual.cat\/es\/reptes-i-oportunitats-en-lambit-educatiu-i-audiviovisual\/#primaryimage"},"thumbnailUrl":"https:\/\/www.clusteraudiovisual.cat\/wp-content\/uploads\/2021\/02\/Edutech_carrussel_2018-01.png","datePublished":"2018-02-13T12:19:45+00:00","author":{"@id":"https:\/\/www.clusteraudiovisual.cat\/es\/#\/schema\/person\/23e1e732da72779cfc4fd7842583d17d"},"inLanguage":"es","potentialAction":[{"@type":"ReadAction","target":["https:\/\/www.clusteraudiovisual.cat\/es\/reptes-i-oportunitats-en-lambit-educatiu-i-audiviovisual\/"]}]},{"@type":"ImageObject","inLanguage":"es","@id":"https:\/\/www.clusteraudiovisual.cat\/es\/reptes-i-oportunitats-en-lambit-educatiu-i-audiviovisual\/#primaryimage","url":"https:\/\/www.clusteraudiovisual.cat\/wp-content\/uploads\/2021\/02\/Edutech_carrussel_2018-01.png","contentUrl":"https:\/\/www.clusteraudiovisual.cat\/wp-content\/uploads\/2021\/02\/Edutech_carrussel_2018-01.png","width":1170,"height":380},{"@type":"WebSite","@id":"https:\/\/www.clusteraudiovisual.cat\/es\/#website","url":"https:\/\/www.clusteraudiovisual.cat\/es\/","name":"Cl\u00faster Audiovisual","description":"Associaci\u00f3 d&#039;empreses que integren el sector audiovisual.","potentialAction":[{"@type":"SearchAction","target":{"@type":"EntryPoint","urlTemplate":"https:\/\/www.clusteraudiovisual.cat\/es\/?s={search_term_string}"},"query-input":{"@type":"PropertyValueSpecification","valueRequired":true,"valueName":"search_term_string"}}],"inLanguage":"es"},{"@type":"Person","@id":"https:\/\/www.clusteraudiovisual.cat\/es\/#\/schema\/person\/23e1e732da72779cfc4fd7842583d17d","name":"admin","sameAs":["https:\/\/www.clusteraudiovisual.cat"],"url":"https:\/\/www.clusteraudiovisual.cat\/es\/author\/admin\/"}]}},"_links":{"self":[{"href":"https:\/\/www.clusteraudiovisual.cat\/es\/wp-json\/wp\/v2\/posts\/5779","targetHints":{"allow":["GET"]}}],"collection":[{"href":"https:\/\/www.clusteraudiovisual.cat\/es\/wp-json\/wp\/v2\/posts"}],"about":[{"href":"https:\/\/www.clusteraudiovisual.cat\/es\/wp-json\/wp\/v2\/types\/post"}],"author":[{"embeddable":true,"href":"https:\/\/www.clusteraudiovisual.cat\/es\/wp-json\/wp\/v2\/users\/1"}],"replies":[{"embeddable":true,"href":"https:\/\/www.clusteraudiovisual.cat\/es\/wp-json\/wp\/v2\/comments?post=5779"}],"version-history":[{"count":0,"href":"https:\/\/www.clusteraudiovisual.cat\/es\/wp-json\/wp\/v2\/posts\/5779\/revisions"}],"wp:featuredmedia":[{"embeddable":true,"href":"https:\/\/www.clusteraudiovisual.cat\/es\/wp-json\/wp\/v2\/media\/4756"}],"wp:attachment":[{"href":"https:\/\/www.clusteraudiovisual.cat\/es\/wp-json\/wp\/v2\/media?parent=5779"}],"wp:term":[{"taxonomy":"category","embeddable":true,"href":"https:\/\/www.clusteraudiovisual.cat\/es\/wp-json\/wp\/v2\/categories?post=5779"},{"taxonomy":"post_tag","embeddable":true,"href":"https:\/\/www.clusteraudiovisual.cat\/es\/wp-json\/wp\/v2\/tags?post=5779"}],"curies":[{"name":"wp","href":"https:\/\/api.w.org\/{rel}","templated":true}]}}