{"id":5777,"date":"2018-02-02T12:05:27","date_gmt":"2018-02-02T12:05:27","guid":{"rendered":"https:\/\/www.clusteraudiovisual.cat\/turisme-i-audiovisual-oportunitats-models-i-possibilitats\/"},"modified":"2018-02-02T12:05:27","modified_gmt":"2018-02-02T12:05:27","slug":"turisme-i-audiovisual-oportunitats-models-i-possibilitats","status":"publish","type":"post","link":"https:\/\/www.clusteraudiovisual.cat\/es\/turisme-i-audiovisual-oportunitats-models-i-possibilitats\/","title":{"rendered":"Turismo y audiovisual. Oportunidades, modelos y posibilidades"},"content":{"rendered":"<p>El Cluster Audiovisual ha participado, por segundo a\u00f1o consecutivo, en\u00a0el <a href=\"http:\/\/salondelcine.com\/\">Sal\u00f3n del Cine y las Series<\/a>,\u00a0espacio de encuentro de profesionales y aficionados del sector que se organiza anualmente en la Farga de L&#8217;Hospitalet. Esta vez, ha participado con la organizaci\u00f3n de <strong>\u00abTurismo y Audiovisual. Oportunidades, modelos y posibilidades.\u00bb<\/strong>, una sesi\u00f3n pensada para reflexionar sobre la relaci\u00f3n creciente entre la producci\u00f3n audiovisual y el sector tur\u00edstico.<\/p>\n<p><iframe loading=\"lazy\" src=\"https:\/\/www.youtube.com\/embed\/HC9xLHgk5Fs\" height=\"400\" width=\"100%\" allowfullscreen=\"\" frameborder=\"0\"><\/iframe><\/p>\n<p>Moderada por <strong>Pere Claveria (Terrassa Film Office \/ <a href=\"https:\/\/www.parcaudiovisual.cat\/\">Parc Audiovisual de Catalunya<\/a>), la sesi\u00f3n ha contado con Eugeni Os\u00e0car (<a href=\"https:\/\/www.cett.es\/home2011pages\/default.aspx?idIdioma=ca\">CETT-UB<\/a>), Carlota Guerrero (<a href=\"http:\/\/www.bcncatfilmcommission.com\/\">Catalunya Film Comission<\/a>), Patrick Torrent (<a href=\"http:\/\/act.gencat.cat\/\">Ag\u00e8ncia Catalana de Turisme<\/a>-ACT) y Jaume Banacolocha (<a href=\"http:\/\/www.diagonaltv.es\/ca\/\">Diagonal TV<\/a>).<\/strong><\/p>\n<p>\u00bfEn qu\u00e9 momento nos encontramos? \u00bfQu\u00e9 aporta la producci\u00f3n audiovisual en el sector tur\u00edstico en Catalu\u00f1a? \u00bfQu\u00e9 oportunidades ofrece la relaci\u00f3n entre ambas industrias?<\/p>\n<p>Los ponentes fueron optimistas pero no indulgentes. <strong>Jaume Banacolocha<\/strong>, desde su experiencia como productor de series como La Catedral del Mar, Isabel, Rep\u00fablica o Ventdelpl\u00e0, pidi\u00f3 un <strong>mayor reconocimiento de las productoras en el reparto de beneficios de aquel impacto tur\u00edstico que genera el audiovisual<\/strong>. En respuesta, <strong>Patrick Torrent<\/strong> explic\u00f3 que la ACT hace tiempo que trabaja ayudando a producciones estrat\u00e9gicas y que este reconocimiento va en aumento, ya que ahora l<strong>a ACT apuesta por un modelo tur\u00edstico de corte cultural, descentralizado<\/strong>. \u00abHasta hace poco no nos hab\u00eda hecho falta coordinarnos con otros sectores. El turismo ven\u00eda solo. Pero la enorme concentraci\u00f3n actual nos obliga a crear un nuevo modelo \u00ab. En este sentido, <strong>Carlota Guerrero<\/strong> se\u00f1alaba que <strong>el audiovisual permite atraer un turismo de mayor calidad<\/strong>, m\u00e1s curioso y dispuesto a recorrer otros lugares de Catalu\u00f1a y no s\u00f3lo el litoral y Barcelona.<\/p>\n<p><strong>Eugeni Os\u00e1car,<\/strong> como experto en turismo cinematogr\u00e1fico, puso sobre la mesa aquellas variables que son la clave de una relaci\u00f3n de \u00e9xito entre audiovisual y turismo, como son la integraci\u00f3n del territorio, las especificidades de cada producci\u00f3n y el papel de las film office.<\/p>\n","protected":false},"excerpt":{"rendered":"<p>Moderada por Pere Claveria (Terrassa Film Office \/ Parc Audiovisual de Catalunya), la sesi\u00f3n ha contado con Eugeni Os\u00e0car (CETT-UB), Carlota Guerrero (Catalunya Film Comission), Patrick Torrent (Ag\u00e8ncia Catalana de Turisme-ACT) y Jaume Banacolocha (Diagonal TV)<\/p>\n","protected":false},"author":1,"featured_media":4751,"comment_status":"open","ping_status":"open","sticky":false,"template":"","format":"standard","meta":{"_acf_changed":false,"footnotes":""},"categories":[21],"tags":[],"class_list":["post-5777","post","type-post","status-publish","format-standard","has-post-thumbnail","hentry","category-actualidad"],"acf":[],"yoast_head":"<!-- This site is optimized with the Yoast SEO plugin v27.0 - https:\/\/yoast.com\/product\/yoast-seo-wordpress\/ -->\n<title>Turismo y audiovisual. Oportunidades, modelos y posibilidades - Cl\u00faster Audiovisual<\/title>\n<meta name=\"robots\" content=\"index, follow, max-snippet:-1, max-image-preview:large, max-video-preview:-1\" \/>\n<link rel=\"canonical\" href=\"https:\/\/www.clusteraudiovisual.cat\/es\/turisme-i-audiovisual-oportunitats-models-i-possibilitats\/\" \/>\n<meta property=\"og:locale\" content=\"es_ES\" \/>\n<meta property=\"og:type\" content=\"article\" \/>\n<meta property=\"og:title\" content=\"Turismo y audiovisual. Oportunidades, modelos y posibilidades - Cl\u00faster Audiovisual\" \/>\n<meta property=\"og:description\" content=\"Moderada por Pere Claveria (Terrassa Film Office \/ Parc Audiovisual de Catalunya), la sesi\u00f3n ha contado con Eugeni Os\u00e0car (CETT-UB), Carlota Guerrero (Catalunya Film Comission), Patrick Torrent (Ag\u00e8ncia Catalana de Turisme-ACT) y Jaume Banacolocha (Diagonal TV)\" \/>\n<meta property=\"og:url\" content=\"https:\/\/www.clusteraudiovisual.cat\/es\/turisme-i-audiovisual-oportunitats-models-i-possibilitats\/\" \/>\n<meta property=\"og:site_name\" content=\"Cl\u00faster Audiovisual\" \/>\n<meta property=\"article:published_time\" content=\"2018-02-02T12:05:27+00:00\" \/>\n<meta property=\"og:image\" content=\"https:\/\/www.clusteraudiovisual.cat\/wp-content\/uploads\/2021\/02\/Turisme01-01.png\" \/>\n\t<meta property=\"og:image:width\" content=\"1170\" \/>\n\t<meta property=\"og:image:height\" content=\"380\" \/>\n\t<meta property=\"og:image:type\" content=\"image\/png\" \/>\n<meta name=\"author\" content=\"admin\" \/>\n<meta name=\"twitter:card\" content=\"summary_large_image\" \/>\n<meta name=\"twitter:label1\" content=\"Escrito por\" \/>\n\t<meta name=\"twitter:data1\" content=\"admin\" \/>\n\t<meta name=\"twitter:label2\" content=\"Tiempo de lectura\" \/>\n\t<meta name=\"twitter:data2\" content=\"2 minutos\" \/>\n<script type=\"application\/ld+json\" class=\"yoast-schema-graph\">{\"@context\":\"https:\/\/schema.org\",\"@graph\":[{\"@type\":\"Article\",\"@id\":\"https:\/\/www.clusteraudiovisual.cat\/es\/turisme-i-audiovisual-oportunitats-models-i-possibilitats\/#article\",\"isPartOf\":{\"@id\":\"https:\/\/www.clusteraudiovisual.cat\/es\/turisme-i-audiovisual-oportunitats-models-i-possibilitats\/\"},\"author\":{\"name\":\"admin\",\"@id\":\"https:\/\/www.clusteraudiovisual.cat\/es\/#\/schema\/person\/23e1e732da72779cfc4fd7842583d17d\"},\"headline\":\"Turismo y audiovisual. Oportunidades, modelos y posibilidades\",\"datePublished\":\"2018-02-02T12:05:27+00:00\",\"mainEntityOfPage\":{\"@id\":\"https:\/\/www.clusteraudiovisual.cat\/es\/turisme-i-audiovisual-oportunitats-models-i-possibilitats\/\"},\"wordCount\":351,\"commentCount\":0,\"image\":{\"@id\":\"https:\/\/www.clusteraudiovisual.cat\/es\/turisme-i-audiovisual-oportunitats-models-i-possibilitats\/#primaryimage\"},\"thumbnailUrl\":\"https:\/\/www.clusteraudiovisual.cat\/wp-content\/uploads\/2021\/02\/Turisme01-01.png\",\"articleSection\":[\"Actualidad\"],\"inLanguage\":\"es\",\"potentialAction\":[{\"@type\":\"CommentAction\",\"name\":\"Comment\",\"target\":[\"https:\/\/www.clusteraudiovisual.cat\/es\/turisme-i-audiovisual-oportunitats-models-i-possibilitats\/#respond\"]}]},{\"@type\":\"WebPage\",\"@id\":\"https:\/\/www.clusteraudiovisual.cat\/es\/turisme-i-audiovisual-oportunitats-models-i-possibilitats\/\",\"url\":\"https:\/\/www.clusteraudiovisual.cat\/es\/turisme-i-audiovisual-oportunitats-models-i-possibilitats\/\",\"name\":\"Turismo y audiovisual. Oportunidades, modelos y posibilidades - Cl\u00faster Audiovisual\",\"isPartOf\":{\"@id\":\"https:\/\/www.clusteraudiovisual.cat\/es\/#website\"},\"primaryImageOfPage\":{\"@id\":\"https:\/\/www.clusteraudiovisual.cat\/es\/turisme-i-audiovisual-oportunitats-models-i-possibilitats\/#primaryimage\"},\"image\":{\"@id\":\"https:\/\/www.clusteraudiovisual.cat\/es\/turisme-i-audiovisual-oportunitats-models-i-possibilitats\/#primaryimage\"},\"thumbnailUrl\":\"https:\/\/www.clusteraudiovisual.cat\/wp-content\/uploads\/2021\/02\/Turisme01-01.png\",\"datePublished\":\"2018-02-02T12:05:27+00:00\",\"author\":{\"@id\":\"https:\/\/www.clusteraudiovisual.cat\/es\/#\/schema\/person\/23e1e732da72779cfc4fd7842583d17d\"},\"inLanguage\":\"es\",\"potentialAction\":[{\"@type\":\"ReadAction\",\"target\":[\"https:\/\/www.clusteraudiovisual.cat\/es\/turisme-i-audiovisual-oportunitats-models-i-possibilitats\/\"]}]},{\"@type\":\"ImageObject\",\"inLanguage\":\"es\",\"@id\":\"https:\/\/www.clusteraudiovisual.cat\/es\/turisme-i-audiovisual-oportunitats-models-i-possibilitats\/#primaryimage\",\"url\":\"https:\/\/www.clusteraudiovisual.cat\/wp-content\/uploads\/2021\/02\/Turisme01-01.png\",\"contentUrl\":\"https:\/\/www.clusteraudiovisual.cat\/wp-content\/uploads\/2021\/02\/Turisme01-01.png\",\"width\":1170,\"height\":380},{\"@type\":\"WebSite\",\"@id\":\"https:\/\/www.clusteraudiovisual.cat\/es\/#website\",\"url\":\"https:\/\/www.clusteraudiovisual.cat\/es\/\",\"name\":\"Cl\u00faster Audiovisual\",\"description\":\"Associaci\u00f3 d&#039;empreses que integren el sector audiovisual.\",\"potentialAction\":[{\"@type\":\"SearchAction\",\"target\":{\"@type\":\"EntryPoint\",\"urlTemplate\":\"https:\/\/www.clusteraudiovisual.cat\/es\/?s={search_term_string}\"},\"query-input\":{\"@type\":\"PropertyValueSpecification\",\"valueRequired\":true,\"valueName\":\"search_term_string\"}}],\"inLanguage\":\"es\"},{\"@type\":\"Person\",\"@id\":\"https:\/\/www.clusteraudiovisual.cat\/es\/#\/schema\/person\/23e1e732da72779cfc4fd7842583d17d\",\"name\":\"admin\",\"sameAs\":[\"https:\/\/www.clusteraudiovisual.cat\"],\"url\":\"https:\/\/www.clusteraudiovisual.cat\/es\/author\/admin\/\"}]}<\/script>\n<!-- \/ Yoast SEO plugin. -->","yoast_head_json":{"title":"Turismo y audiovisual. Oportunidades, modelos y posibilidades - Cl\u00faster Audiovisual","robots":{"index":"index","follow":"follow","max-snippet":"max-snippet:-1","max-image-preview":"max-image-preview:large","max-video-preview":"max-video-preview:-1"},"canonical":"https:\/\/www.clusteraudiovisual.cat\/es\/turisme-i-audiovisual-oportunitats-models-i-possibilitats\/","og_locale":"es_ES","og_type":"article","og_title":"Turismo y audiovisual. Oportunidades, modelos y posibilidades - Cl\u00faster Audiovisual","og_description":"Moderada por Pere Claveria (Terrassa Film Office \/ Parc Audiovisual de Catalunya), la sesi\u00f3n ha contado con Eugeni Os\u00e0car (CETT-UB), Carlota Guerrero (Catalunya Film Comission), Patrick Torrent (Ag\u00e8ncia Catalana de Turisme-ACT) y Jaume Banacolocha (Diagonal TV)","og_url":"https:\/\/www.clusteraudiovisual.cat\/es\/turisme-i-audiovisual-oportunitats-models-i-possibilitats\/","og_site_name":"Cl\u00faster Audiovisual","article_published_time":"2018-02-02T12:05:27+00:00","og_image":[{"width":1170,"height":380,"url":"https:\/\/www.clusteraudiovisual.cat\/wp-content\/uploads\/2021\/02\/Turisme01-01.png","type":"image\/png"}],"author":"admin","twitter_card":"summary_large_image","twitter_misc":{"Escrito por":"admin","Tiempo de lectura":"2 minutos"},"schema":{"@context":"https:\/\/schema.org","@graph":[{"@type":"Article","@id":"https:\/\/www.clusteraudiovisual.cat\/es\/turisme-i-audiovisual-oportunitats-models-i-possibilitats\/#article","isPartOf":{"@id":"https:\/\/www.clusteraudiovisual.cat\/es\/turisme-i-audiovisual-oportunitats-models-i-possibilitats\/"},"author":{"name":"admin","@id":"https:\/\/www.clusteraudiovisual.cat\/es\/#\/schema\/person\/23e1e732da72779cfc4fd7842583d17d"},"headline":"Turismo y audiovisual. Oportunidades, modelos y posibilidades","datePublished":"2018-02-02T12:05:27+00:00","mainEntityOfPage":{"@id":"https:\/\/www.clusteraudiovisual.cat\/es\/turisme-i-audiovisual-oportunitats-models-i-possibilitats\/"},"wordCount":351,"commentCount":0,"image":{"@id":"https:\/\/www.clusteraudiovisual.cat\/es\/turisme-i-audiovisual-oportunitats-models-i-possibilitats\/#primaryimage"},"thumbnailUrl":"https:\/\/www.clusteraudiovisual.cat\/wp-content\/uploads\/2021\/02\/Turisme01-01.png","articleSection":["Actualidad"],"inLanguage":"es","potentialAction":[{"@type":"CommentAction","name":"Comment","target":["https:\/\/www.clusteraudiovisual.cat\/es\/turisme-i-audiovisual-oportunitats-models-i-possibilitats\/#respond"]}]},{"@type":"WebPage","@id":"https:\/\/www.clusteraudiovisual.cat\/es\/turisme-i-audiovisual-oportunitats-models-i-possibilitats\/","url":"https:\/\/www.clusteraudiovisual.cat\/es\/turisme-i-audiovisual-oportunitats-models-i-possibilitats\/","name":"Turismo y audiovisual. Oportunidades, modelos y posibilidades - Cl\u00faster Audiovisual","isPartOf":{"@id":"https:\/\/www.clusteraudiovisual.cat\/es\/#website"},"primaryImageOfPage":{"@id":"https:\/\/www.clusteraudiovisual.cat\/es\/turisme-i-audiovisual-oportunitats-models-i-possibilitats\/#primaryimage"},"image":{"@id":"https:\/\/www.clusteraudiovisual.cat\/es\/turisme-i-audiovisual-oportunitats-models-i-possibilitats\/#primaryimage"},"thumbnailUrl":"https:\/\/www.clusteraudiovisual.cat\/wp-content\/uploads\/2021\/02\/Turisme01-01.png","datePublished":"2018-02-02T12:05:27+00:00","author":{"@id":"https:\/\/www.clusteraudiovisual.cat\/es\/#\/schema\/person\/23e1e732da72779cfc4fd7842583d17d"},"inLanguage":"es","potentialAction":[{"@type":"ReadAction","target":["https:\/\/www.clusteraudiovisual.cat\/es\/turisme-i-audiovisual-oportunitats-models-i-possibilitats\/"]}]},{"@type":"ImageObject","inLanguage":"es","@id":"https:\/\/www.clusteraudiovisual.cat\/es\/turisme-i-audiovisual-oportunitats-models-i-possibilitats\/#primaryimage","url":"https:\/\/www.clusteraudiovisual.cat\/wp-content\/uploads\/2021\/02\/Turisme01-01.png","contentUrl":"https:\/\/www.clusteraudiovisual.cat\/wp-content\/uploads\/2021\/02\/Turisme01-01.png","width":1170,"height":380},{"@type":"WebSite","@id":"https:\/\/www.clusteraudiovisual.cat\/es\/#website","url":"https:\/\/www.clusteraudiovisual.cat\/es\/","name":"Cl\u00faster Audiovisual","description":"Associaci\u00f3 d&#039;empreses que integren el sector audiovisual.","potentialAction":[{"@type":"SearchAction","target":{"@type":"EntryPoint","urlTemplate":"https:\/\/www.clusteraudiovisual.cat\/es\/?s={search_term_string}"},"query-input":{"@type":"PropertyValueSpecification","valueRequired":true,"valueName":"search_term_string"}}],"inLanguage":"es"},{"@type":"Person","@id":"https:\/\/www.clusteraudiovisual.cat\/es\/#\/schema\/person\/23e1e732da72779cfc4fd7842583d17d","name":"admin","sameAs":["https:\/\/www.clusteraudiovisual.cat"],"url":"https:\/\/www.clusteraudiovisual.cat\/es\/author\/admin\/"}]}},"_links":{"self":[{"href":"https:\/\/www.clusteraudiovisual.cat\/es\/wp-json\/wp\/v2\/posts\/5777","targetHints":{"allow":["GET"]}}],"collection":[{"href":"https:\/\/www.clusteraudiovisual.cat\/es\/wp-json\/wp\/v2\/posts"}],"about":[{"href":"https:\/\/www.clusteraudiovisual.cat\/es\/wp-json\/wp\/v2\/types\/post"}],"author":[{"embeddable":true,"href":"https:\/\/www.clusteraudiovisual.cat\/es\/wp-json\/wp\/v2\/users\/1"}],"replies":[{"embeddable":true,"href":"https:\/\/www.clusteraudiovisual.cat\/es\/wp-json\/wp\/v2\/comments?post=5777"}],"version-history":[{"count":0,"href":"https:\/\/www.clusteraudiovisual.cat\/es\/wp-json\/wp\/v2\/posts\/5777\/revisions"}],"wp:featuredmedia":[{"embeddable":true,"href":"https:\/\/www.clusteraudiovisual.cat\/es\/wp-json\/wp\/v2\/media\/4751"}],"wp:attachment":[{"href":"https:\/\/www.clusteraudiovisual.cat\/es\/wp-json\/wp\/v2\/media?parent=5777"}],"wp:term":[{"taxonomy":"category","embeddable":true,"href":"https:\/\/www.clusteraudiovisual.cat\/es\/wp-json\/wp\/v2\/categories?post=5777"},{"taxonomy":"post_tag","embeddable":true,"href":"https:\/\/www.clusteraudiovisual.cat\/es\/wp-json\/wp\/v2\/tags?post=5777"}],"curies":[{"name":"wp","href":"https:\/\/api.w.org\/{rel}","templated":true}]}}