{"id":5775,"date":"2018-01-24T12:20:11","date_gmt":"2018-01-24T12:20:11","guid":{"rendered":"https:\/\/www.clusteraudiovisual.cat\/trobada-dempreses-de-laudiovisual-a-terrassa-ciutat-del-cine-per-la-unesco\/"},"modified":"2018-01-24T12:20:11","modified_gmt":"2018-01-24T12:20:11","slug":"trobada-dempreses-de-laudiovisual-a-terrassa-ciutat-del-cine-per-la-unesco","status":"publish","type":"post","link":"https:\/\/www.clusteraudiovisual.cat\/es\/trobada-dempreses-de-laudiovisual-a-terrassa-ciutat-del-cine-per-la-unesco\/","title":{"rendered":"Encuentro de empresas del audiovisual en Terrassa, ciudad del cine por la UNESCO"},"content":{"rendered":"<p><strong>Convocados por el Cluster, unos sesenta agentes del sector audiovisual han visitado el <a href=\"https:\/\/www.parcaudiovisual.cat\/\">Parque Audiovisual de Catalu<\/a>\u00f1, en Terrassa<\/strong>, aprovechando que la ciudad ha sido recientmente seleccionada por la UNESCO para integrarse en la \u201cCreative Cities Network\u201d en la secci\u00f3n FILM, un hito importante en el esfuerzo de internacionalizaci\u00f3n de la industria.<\/p>\n<p><iframe loading=\"lazy\" src=\"https:\/\/www.youtube.com\/embed\/8zqn5SzXYWE\" height=\"400\" width=\"100%\" allowfullscreen=\"\" frameborder=\"0\"><\/iframe><\/p>\n<p>La visita ha recorrido las instalaciones del Parque Audiovisual de Catalu\u00f1a, donde se ha accedido al <strong>plat\u00f3 del programa \u2018Operaci\u00f3n Triunfo\u2019 producido por <a href=\"http:\/\/www.gestmusic.es\/ca\/\">Gestmusic EndemolShine<\/a><\/strong>. Jordi Rossell, director del programa, ha expuesto los detalles t\u00e9cnicos de un<em> talent show musical<\/em> complejo como OT.<\/p>\n<p><a href=\"https:\/\/www.clusteraudiovisual.cat\/wp-content\/uploads\/2021\/02\/Parc03-01.png\"><img loading=\"lazy\" decoding=\"async\" class=\"aligncenter size-full wp-image-2393\" alt=\"Parc03-01\" src=\"https:\/\/www.clusteraudiovisual.cat\/wp-content\/uploads\/2021\/02\/Parc03-01.png\" width=\"1170\" height=\"380\" \/><\/a><\/p>\n<p><strong>La jornada tambi\u00e9n ha puesto el foco en los drones, una herramienta innovadora y en constante evoluci\u00f3n que se ha popularizado en el \u00e1mbito de la producci\u00f3n audiovisual.<\/strong> En este apartado, el experto Marc Estefanell ha hablado de los aspectos legales del vuelo de drones y la distribuidora Aircatdrone se referido a los \u00faltimos modelos y las novedades del mercado de drones.<\/p>\n<p>La productora asociada al Cluster,\u00a0<a href=\"http:\/\/www.genlockvideo.com\/\"><strong>Gen.Lock V\u00eddeo<\/strong><\/a>, ha hablado sobre les particularidades en el uso de drones de las producciones audiovisuales.<\/p>\n<p><a href=\"https:\/\/www.clusteraudiovisual.cat\/wp-content\/uploads\/2021\/02\/Parc02-01.png\"><img loading=\"lazy\" decoding=\"async\" class=\"aligncenter size-full wp-image-2394\" alt=\"Parc02-01\" src=\"https:\/\/www.clusteraudiovisual.cat\/wp-content\/uploads\/2021\/02\/Parc02-01.png\" width=\"1170\" height=\"380\" \/><\/a><\/p>\n<p>&nbsp;<\/p>\n","protected":false},"excerpt":{"rendered":"<p>Convocados por el Cluster, unos sesenta agentes del sector audiovisual han visitado el Parque Audiovisual de Catalu\u00f1, en Terrassa<\/p>\n","protected":false},"author":1,"featured_media":4738,"comment_status":"open","ping_status":"open","sticky":false,"template":"","format":"standard","meta":{"_acf_changed":false,"footnotes":""},"categories":[21],"tags":[],"class_list":["post-5775","post","type-post","status-publish","format-standard","has-post-thumbnail","hentry","category-actualidad"],"acf":[],"yoast_head":"<!-- This site is optimized with the Yoast SEO plugin v27.0 - https:\/\/yoast.com\/product\/yoast-seo-wordpress\/ -->\n<title>Encuentro de empresas del audiovisual en Terrassa, ciudad del cine por la UNESCO - Cl\u00faster Audiovisual<\/title>\n<meta name=\"robots\" content=\"index, follow, max-snippet:-1, max-image-preview:large, max-video-preview:-1\" \/>\n<link rel=\"canonical\" href=\"https:\/\/www.clusteraudiovisual.cat\/es\/trobada-dempreses-de-laudiovisual-a-terrassa-ciutat-del-cine-per-la-unesco\/\" \/>\n<meta property=\"og:locale\" content=\"es_ES\" \/>\n<meta property=\"og:type\" content=\"article\" \/>\n<meta property=\"og:title\" content=\"Encuentro de empresas del audiovisual en Terrassa, ciudad del cine por la UNESCO - Cl\u00faster Audiovisual\" \/>\n<meta property=\"og:description\" content=\"Convocados por el Cluster, unos sesenta agentes del sector audiovisual han visitado el Parque Audiovisual de Catalu\u00f1, en Terrassa\" \/>\n<meta property=\"og:url\" content=\"https:\/\/www.clusteraudiovisual.cat\/es\/trobada-dempreses-de-laudiovisual-a-terrassa-ciutat-del-cine-per-la-unesco\/\" \/>\n<meta property=\"og:site_name\" content=\"Cl\u00faster Audiovisual\" \/>\n<meta property=\"article:published_time\" content=\"2018-01-24T12:20:11+00:00\" \/>\n<meta property=\"og:image\" content=\"https:\/\/www.clusteraudiovisual.cat\/wp-content\/uploads\/2021\/02\/Parc01-01.png\" \/>\n\t<meta property=\"og:image:width\" content=\"1170\" \/>\n\t<meta property=\"og:image:height\" content=\"380\" \/>\n\t<meta property=\"og:image:type\" content=\"image\/png\" \/>\n<meta name=\"author\" content=\"admin\" \/>\n<meta name=\"twitter:card\" content=\"summary_large_image\" \/>\n<meta name=\"twitter:label1\" content=\"Escrito por\" \/>\n\t<meta name=\"twitter:data1\" content=\"admin\" \/>\n\t<meta name=\"twitter:label2\" content=\"Tiempo de lectura\" \/>\n\t<meta name=\"twitter:data2\" content=\"1 minuto\" \/>\n<script type=\"application\/ld+json\" class=\"yoast-schema-graph\">{\"@context\":\"https:\/\/schema.org\",\"@graph\":[{\"@type\":\"Article\",\"@id\":\"https:\/\/www.clusteraudiovisual.cat\/es\/trobada-dempreses-de-laudiovisual-a-terrassa-ciutat-del-cine-per-la-unesco\/#article\",\"isPartOf\":{\"@id\":\"https:\/\/www.clusteraudiovisual.cat\/es\/trobada-dempreses-de-laudiovisual-a-terrassa-ciutat-del-cine-per-la-unesco\/\"},\"author\":{\"name\":\"admin\",\"@id\":\"https:\/\/www.clusteraudiovisual.cat\/es\/#\/schema\/person\/23e1e732da72779cfc4fd7842583d17d\"},\"headline\":\"Encuentro de empresas del audiovisual en Terrassa, ciudad del cine por la UNESCO\",\"datePublished\":\"2018-01-24T12:20:11+00:00\",\"mainEntityOfPage\":{\"@id\":\"https:\/\/www.clusteraudiovisual.cat\/es\/trobada-dempreses-de-laudiovisual-a-terrassa-ciutat-del-cine-per-la-unesco\/\"},\"wordCount\":202,\"commentCount\":0,\"image\":{\"@id\":\"https:\/\/www.clusteraudiovisual.cat\/es\/trobada-dempreses-de-laudiovisual-a-terrassa-ciutat-del-cine-per-la-unesco\/#primaryimage\"},\"thumbnailUrl\":\"https:\/\/www.clusteraudiovisual.cat\/wp-content\/uploads\/2021\/02\/Parc01-01.png\",\"articleSection\":[\"Actualidad\"],\"inLanguage\":\"es\",\"potentialAction\":[{\"@type\":\"CommentAction\",\"name\":\"Comment\",\"target\":[\"https:\/\/www.clusteraudiovisual.cat\/es\/trobada-dempreses-de-laudiovisual-a-terrassa-ciutat-del-cine-per-la-unesco\/#respond\"]}]},{\"@type\":\"WebPage\",\"@id\":\"https:\/\/www.clusteraudiovisual.cat\/es\/trobada-dempreses-de-laudiovisual-a-terrassa-ciutat-del-cine-per-la-unesco\/\",\"url\":\"https:\/\/www.clusteraudiovisual.cat\/es\/trobada-dempreses-de-laudiovisual-a-terrassa-ciutat-del-cine-per-la-unesco\/\",\"name\":\"Encuentro de empresas del audiovisual en Terrassa, ciudad del cine por la UNESCO - Cl\u00faster Audiovisual\",\"isPartOf\":{\"@id\":\"https:\/\/www.clusteraudiovisual.cat\/es\/#website\"},\"primaryImageOfPage\":{\"@id\":\"https:\/\/www.clusteraudiovisual.cat\/es\/trobada-dempreses-de-laudiovisual-a-terrassa-ciutat-del-cine-per-la-unesco\/#primaryimage\"},\"image\":{\"@id\":\"https:\/\/www.clusteraudiovisual.cat\/es\/trobada-dempreses-de-laudiovisual-a-terrassa-ciutat-del-cine-per-la-unesco\/#primaryimage\"},\"thumbnailUrl\":\"https:\/\/www.clusteraudiovisual.cat\/wp-content\/uploads\/2021\/02\/Parc01-01.png\",\"datePublished\":\"2018-01-24T12:20:11+00:00\",\"author\":{\"@id\":\"https:\/\/www.clusteraudiovisual.cat\/es\/#\/schema\/person\/23e1e732da72779cfc4fd7842583d17d\"},\"inLanguage\":\"es\",\"potentialAction\":[{\"@type\":\"ReadAction\",\"target\":[\"https:\/\/www.clusteraudiovisual.cat\/es\/trobada-dempreses-de-laudiovisual-a-terrassa-ciutat-del-cine-per-la-unesco\/\"]}]},{\"@type\":\"ImageObject\",\"inLanguage\":\"es\",\"@id\":\"https:\/\/www.clusteraudiovisual.cat\/es\/trobada-dempreses-de-laudiovisual-a-terrassa-ciutat-del-cine-per-la-unesco\/#primaryimage\",\"url\":\"https:\/\/www.clusteraudiovisual.cat\/wp-content\/uploads\/2021\/02\/Parc01-01.png\",\"contentUrl\":\"https:\/\/www.clusteraudiovisual.cat\/wp-content\/uploads\/2021\/02\/Parc01-01.png\",\"width\":1170,\"height\":380},{\"@type\":\"WebSite\",\"@id\":\"https:\/\/www.clusteraudiovisual.cat\/es\/#website\",\"url\":\"https:\/\/www.clusteraudiovisual.cat\/es\/\",\"name\":\"Cl\u00faster Audiovisual\",\"description\":\"Associaci\u00f3 d&#039;empreses que integren el sector audiovisual.\",\"potentialAction\":[{\"@type\":\"SearchAction\",\"target\":{\"@type\":\"EntryPoint\",\"urlTemplate\":\"https:\/\/www.clusteraudiovisual.cat\/es\/?s={search_term_string}\"},\"query-input\":{\"@type\":\"PropertyValueSpecification\",\"valueRequired\":true,\"valueName\":\"search_term_string\"}}],\"inLanguage\":\"es\"},{\"@type\":\"Person\",\"@id\":\"https:\/\/www.clusteraudiovisual.cat\/es\/#\/schema\/person\/23e1e732da72779cfc4fd7842583d17d\",\"name\":\"admin\",\"sameAs\":[\"https:\/\/www.clusteraudiovisual.cat\"],\"url\":\"https:\/\/www.clusteraudiovisual.cat\/es\/author\/admin\/\"}]}<\/script>\n<!-- \/ Yoast SEO plugin. -->","yoast_head_json":{"title":"Encuentro de empresas del audiovisual en Terrassa, ciudad del cine por la UNESCO - Cl\u00faster Audiovisual","robots":{"index":"index","follow":"follow","max-snippet":"max-snippet:-1","max-image-preview":"max-image-preview:large","max-video-preview":"max-video-preview:-1"},"canonical":"https:\/\/www.clusteraudiovisual.cat\/es\/trobada-dempreses-de-laudiovisual-a-terrassa-ciutat-del-cine-per-la-unesco\/","og_locale":"es_ES","og_type":"article","og_title":"Encuentro de empresas del audiovisual en Terrassa, ciudad del cine por la UNESCO - Cl\u00faster Audiovisual","og_description":"Convocados por el Cluster, unos sesenta agentes del sector audiovisual han visitado el Parque Audiovisual de Catalu\u00f1, en Terrassa","og_url":"https:\/\/www.clusteraudiovisual.cat\/es\/trobada-dempreses-de-laudiovisual-a-terrassa-ciutat-del-cine-per-la-unesco\/","og_site_name":"Cl\u00faster Audiovisual","article_published_time":"2018-01-24T12:20:11+00:00","og_image":[{"width":1170,"height":380,"url":"https:\/\/www.clusteraudiovisual.cat\/wp-content\/uploads\/2021\/02\/Parc01-01.png","type":"image\/png"}],"author":"admin","twitter_card":"summary_large_image","twitter_misc":{"Escrito por":"admin","Tiempo de lectura":"1 minuto"},"schema":{"@context":"https:\/\/schema.org","@graph":[{"@type":"Article","@id":"https:\/\/www.clusteraudiovisual.cat\/es\/trobada-dempreses-de-laudiovisual-a-terrassa-ciutat-del-cine-per-la-unesco\/#article","isPartOf":{"@id":"https:\/\/www.clusteraudiovisual.cat\/es\/trobada-dempreses-de-laudiovisual-a-terrassa-ciutat-del-cine-per-la-unesco\/"},"author":{"name":"admin","@id":"https:\/\/www.clusteraudiovisual.cat\/es\/#\/schema\/person\/23e1e732da72779cfc4fd7842583d17d"},"headline":"Encuentro de empresas del audiovisual en Terrassa, ciudad del cine por la UNESCO","datePublished":"2018-01-24T12:20:11+00:00","mainEntityOfPage":{"@id":"https:\/\/www.clusteraudiovisual.cat\/es\/trobada-dempreses-de-laudiovisual-a-terrassa-ciutat-del-cine-per-la-unesco\/"},"wordCount":202,"commentCount":0,"image":{"@id":"https:\/\/www.clusteraudiovisual.cat\/es\/trobada-dempreses-de-laudiovisual-a-terrassa-ciutat-del-cine-per-la-unesco\/#primaryimage"},"thumbnailUrl":"https:\/\/www.clusteraudiovisual.cat\/wp-content\/uploads\/2021\/02\/Parc01-01.png","articleSection":["Actualidad"],"inLanguage":"es","potentialAction":[{"@type":"CommentAction","name":"Comment","target":["https:\/\/www.clusteraudiovisual.cat\/es\/trobada-dempreses-de-laudiovisual-a-terrassa-ciutat-del-cine-per-la-unesco\/#respond"]}]},{"@type":"WebPage","@id":"https:\/\/www.clusteraudiovisual.cat\/es\/trobada-dempreses-de-laudiovisual-a-terrassa-ciutat-del-cine-per-la-unesco\/","url":"https:\/\/www.clusteraudiovisual.cat\/es\/trobada-dempreses-de-laudiovisual-a-terrassa-ciutat-del-cine-per-la-unesco\/","name":"Encuentro de empresas del audiovisual en Terrassa, ciudad del cine por la UNESCO - Cl\u00faster Audiovisual","isPartOf":{"@id":"https:\/\/www.clusteraudiovisual.cat\/es\/#website"},"primaryImageOfPage":{"@id":"https:\/\/www.clusteraudiovisual.cat\/es\/trobada-dempreses-de-laudiovisual-a-terrassa-ciutat-del-cine-per-la-unesco\/#primaryimage"},"image":{"@id":"https:\/\/www.clusteraudiovisual.cat\/es\/trobada-dempreses-de-laudiovisual-a-terrassa-ciutat-del-cine-per-la-unesco\/#primaryimage"},"thumbnailUrl":"https:\/\/www.clusteraudiovisual.cat\/wp-content\/uploads\/2021\/02\/Parc01-01.png","datePublished":"2018-01-24T12:20:11+00:00","author":{"@id":"https:\/\/www.clusteraudiovisual.cat\/es\/#\/schema\/person\/23e1e732da72779cfc4fd7842583d17d"},"inLanguage":"es","potentialAction":[{"@type":"ReadAction","target":["https:\/\/www.clusteraudiovisual.cat\/es\/trobada-dempreses-de-laudiovisual-a-terrassa-ciutat-del-cine-per-la-unesco\/"]}]},{"@type":"ImageObject","inLanguage":"es","@id":"https:\/\/www.clusteraudiovisual.cat\/es\/trobada-dempreses-de-laudiovisual-a-terrassa-ciutat-del-cine-per-la-unesco\/#primaryimage","url":"https:\/\/www.clusteraudiovisual.cat\/wp-content\/uploads\/2021\/02\/Parc01-01.png","contentUrl":"https:\/\/www.clusteraudiovisual.cat\/wp-content\/uploads\/2021\/02\/Parc01-01.png","width":1170,"height":380},{"@type":"WebSite","@id":"https:\/\/www.clusteraudiovisual.cat\/es\/#website","url":"https:\/\/www.clusteraudiovisual.cat\/es\/","name":"Cl\u00faster Audiovisual","description":"Associaci\u00f3 d&#039;empreses que integren el sector audiovisual.","potentialAction":[{"@type":"SearchAction","target":{"@type":"EntryPoint","urlTemplate":"https:\/\/www.clusteraudiovisual.cat\/es\/?s={search_term_string}"},"query-input":{"@type":"PropertyValueSpecification","valueRequired":true,"valueName":"search_term_string"}}],"inLanguage":"es"},{"@type":"Person","@id":"https:\/\/www.clusteraudiovisual.cat\/es\/#\/schema\/person\/23e1e732da72779cfc4fd7842583d17d","name":"admin","sameAs":["https:\/\/www.clusteraudiovisual.cat"],"url":"https:\/\/www.clusteraudiovisual.cat\/es\/author\/admin\/"}]}},"_links":{"self":[{"href":"https:\/\/www.clusteraudiovisual.cat\/es\/wp-json\/wp\/v2\/posts\/5775","targetHints":{"allow":["GET"]}}],"collection":[{"href":"https:\/\/www.clusteraudiovisual.cat\/es\/wp-json\/wp\/v2\/posts"}],"about":[{"href":"https:\/\/www.clusteraudiovisual.cat\/es\/wp-json\/wp\/v2\/types\/post"}],"author":[{"embeddable":true,"href":"https:\/\/www.clusteraudiovisual.cat\/es\/wp-json\/wp\/v2\/users\/1"}],"replies":[{"embeddable":true,"href":"https:\/\/www.clusteraudiovisual.cat\/es\/wp-json\/wp\/v2\/comments?post=5775"}],"version-history":[{"count":0,"href":"https:\/\/www.clusteraudiovisual.cat\/es\/wp-json\/wp\/v2\/posts\/5775\/revisions"}],"wp:featuredmedia":[{"embeddable":true,"href":"https:\/\/www.clusteraudiovisual.cat\/es\/wp-json\/wp\/v2\/media\/4738"}],"wp:attachment":[{"href":"https:\/\/www.clusteraudiovisual.cat\/es\/wp-json\/wp\/v2\/media?parent=5775"}],"wp:term":[{"taxonomy":"category","embeddable":true,"href":"https:\/\/www.clusteraudiovisual.cat\/es\/wp-json\/wp\/v2\/categories?post=5775"},{"taxonomy":"post_tag","embeddable":true,"href":"https:\/\/www.clusteraudiovisual.cat\/es\/wp-json\/wp\/v2\/tags?post=5775"}],"curies":[{"name":"wp","href":"https:\/\/api.w.org\/{rel}","templated":true}]}}