{"id":5771,"date":"2017-12-19T12:32:43","date_gmt":"2017-12-19T12:32:43","guid":{"rendered":"https:\/\/www.clusteraudiovisual.cat\/miquel-rutllant-nou-president-del-cluster-audiovisual-de-catalunya\/"},"modified":"2017-12-19T12:32:43","modified_gmt":"2017-12-19T12:32:43","slug":"miquel-rutllant-nou-president-del-cluster-audiovisual-de-catalunya","status":"publish","type":"post","link":"https:\/\/www.clusteraudiovisual.cat\/es\/miquel-rutllant-nou-president-del-cluster-audiovisual-de-catalunya\/","title":{"rendered":"Miquel Rutllant, nuevo presidente del Cluster Audiovisual de Catalu\u00f1a"},"content":{"rendered":"<p style=\"text-align: center;\"><strong>Con la nueva presidencia, el Cluster abre una nueva etapa de consolidaci\u00f3n y con la mirada puesta en la internacionalizaci\u00f3n<\/strong><\/p>\n<p>Miquel Rutllant fue nombrado nuevo presidente del Cluster Audiovisual de Catalu\u00f1a, despu\u00e9s de que la asamblea de socios del pasado martes 12 de diciembre aprobara por unanimidad la propuesta de la Junta Directiva y del presidente saliente, Jordi Mendieta.<\/p>\n<p><strong>Director General de Lavinia<\/strong> desde 2012, Miquel Rutllant es ingeniero superior de telecomunicaciones por la Universidad Polit\u00e9cnica de Catalunya y MBA de IESE. Ha trabajado en las industria de las telecomunicaciones y qu\u00edmicas, y desde hace 15 a\u00f1os ha ocupado cargos de responsabilidad en distintas empresas del sector audiovisual: Director Comercial de TVC Multimedia en la Corporaci\u00f3n Catalana de Medios Audiovisuales; Director Territorial de la ingenier\u00eda audiovisual VITELSA.<\/p>\n<p>Hasta la fecha, Rutllant hab\u00eda ocupado la vicepresidencia del Cluster, y <strong>ha aceptado la presidencia con la intenci\u00f3n \u00abde continuar con la l\u00ednea marcada por el anterior presidente: m\u00e1s actividades, m\u00e1s interacci\u00f3n entre los socios, m\u00e1s colaboraci\u00f3n con otros sectores y mercados. \u00ab<\/strong><\/p>\n<p>En su presentaci\u00f3n ante la asamblea de socios, Rutllant ha destacado, tambi\u00e9n, que en<strong> su mandato quiere trabajar para fortalecer la vertiente internacional del Cluster.<\/strong> \u00abDebemos encontrar formas para que todas las empresas puedan internacionalizarse, tambi\u00e9n las peque\u00f1as y medianas empresas. El sector, ahora m\u00e1s que nunca, lo necesita. \u00bb<\/p>\n<p>El presidente saliente, Jordi Mendieta, que asumi\u00f3 la presidencia en diciembre de 2016, impuls\u00f3 una etapa de crecimiento del Cluster, que en un a\u00f1o ha crecido en n\u00famero de socios, de actividades programadas y en el n\u00famero de contactos con entidades y instituciones sectoriales tanto nacionales como internacionales. Jordi Mendieta pasa a ser vocal de la Junta Directiva.<\/p>\n<p><strong>Seg\u00fan datos oficiales, la industria audiovisual y multimedia ingresa 1.662 millones de euros: cifra que representa el 18% del audiovisual espa\u00f1ol y el 16% del sector cultural catal\u00e1n.<\/strong> Cuenta, adem\u00e1s, con 2.235 empresas y 14.047 ocupados.<\/p>\n","protected":false},"excerpt":{"rendered":"<p>Con la nueva presidencia, el Cluster abre una nueva etapa de consolidaci\u00f3n y con la mirada puesta en la internacionalizaci\u00f3n<\/p>\n","protected":false},"author":1,"featured_media":38236,"comment_status":"open","ping_status":"open","sticky":false,"template":"","format":"standard","meta":{"_acf_changed":false,"footnotes":""},"categories":[21],"tags":[],"class_list":["post-5771","post","type-post","status-publish","format-standard","has-post-thumbnail","hentry","category-actualidad"],"acf":[],"yoast_head":"<!-- This site is optimized with the Yoast SEO plugin v27.0 - https:\/\/yoast.com\/product\/yoast-seo-wordpress\/ -->\n<title>Miquel Rutllant, nuevo presidente del Cluster Audiovisual de Catalu\u00f1a - Cl\u00faster Audiovisual<\/title>\n<meta name=\"robots\" content=\"index, follow, max-snippet:-1, max-image-preview:large, max-video-preview:-1\" \/>\n<link rel=\"canonical\" href=\"https:\/\/www.clusteraudiovisual.cat\/es\/miquel-rutllant-nou-president-del-cluster-audiovisual-de-catalunya\/\" \/>\n<meta property=\"og:locale\" content=\"es_ES\" \/>\n<meta property=\"og:type\" content=\"article\" \/>\n<meta property=\"og:title\" content=\"Miquel Rutllant, nuevo presidente del Cluster Audiovisual de Catalu\u00f1a - Cl\u00faster Audiovisual\" \/>\n<meta property=\"og:description\" content=\"Con la nueva presidencia, el Cluster abre una nueva etapa de consolidaci\u00f3n y con la mirada puesta en la internacionalizaci\u00f3n\" \/>\n<meta property=\"og:url\" content=\"https:\/\/www.clusteraudiovisual.cat\/es\/miquel-rutllant-nou-president-del-cluster-audiovisual-de-catalunya\/\" \/>\n<meta property=\"og:site_name\" content=\"Cl\u00faster Audiovisual\" \/>\n<meta property=\"article:published_time\" content=\"2017-12-19T12:32:43+00:00\" \/>\n<meta property=\"og:image\" content=\"https:\/\/www.clusteraudiovisual.cat\/wp-content\/uploads\/2017\/05\/Fons_Noticies.jpg\" \/>\n\t<meta property=\"og:image:width\" content=\"1080\" \/>\n\t<meta property=\"og:image:height\" content=\"1080\" \/>\n\t<meta property=\"og:image:type\" content=\"image\/jpeg\" \/>\n<meta name=\"author\" content=\"admin\" \/>\n<meta name=\"twitter:card\" content=\"summary_large_image\" \/>\n<meta name=\"twitter:label1\" content=\"Escrito por\" \/>\n\t<meta name=\"twitter:data1\" content=\"admin\" \/>\n\t<meta name=\"twitter:label2\" content=\"Tiempo de lectura\" \/>\n\t<meta name=\"twitter:data2\" content=\"2 minutos\" \/>\n<script type=\"application\/ld+json\" class=\"yoast-schema-graph\">{\"@context\":\"https:\/\/schema.org\",\"@graph\":[{\"@type\":\"Article\",\"@id\":\"https:\/\/www.clusteraudiovisual.cat\/es\/miquel-rutllant-nou-president-del-cluster-audiovisual-de-catalunya\/#article\",\"isPartOf\":{\"@id\":\"https:\/\/www.clusteraudiovisual.cat\/es\/miquel-rutllant-nou-president-del-cluster-audiovisual-de-catalunya\/\"},\"author\":{\"name\":\"admin\",\"@id\":\"https:\/\/www.clusteraudiovisual.cat\/es\/#\/schema\/person\/23e1e732da72779cfc4fd7842583d17d\"},\"headline\":\"Miquel Rutllant, nuevo presidente del Cluster Audiovisual de Catalu\u00f1a\",\"datePublished\":\"2017-12-19T12:32:43+00:00\",\"mainEntityOfPage\":{\"@id\":\"https:\/\/www.clusteraudiovisual.cat\/es\/miquel-rutllant-nou-president-del-cluster-audiovisual-de-catalunya\/\"},\"wordCount\":342,\"commentCount\":0,\"image\":{\"@id\":\"https:\/\/www.clusteraudiovisual.cat\/es\/miquel-rutllant-nou-president-del-cluster-audiovisual-de-catalunya\/#primaryimage\"},\"thumbnailUrl\":\"https:\/\/www.clusteraudiovisual.cat\/wp-content\/uploads\/2017\/05\/Fons_Noticies.jpg\",\"articleSection\":[\"Actualidad\"],\"inLanguage\":\"es\",\"potentialAction\":[{\"@type\":\"CommentAction\",\"name\":\"Comment\",\"target\":[\"https:\/\/www.clusteraudiovisual.cat\/es\/miquel-rutllant-nou-president-del-cluster-audiovisual-de-catalunya\/#respond\"]}]},{\"@type\":\"WebPage\",\"@id\":\"https:\/\/www.clusteraudiovisual.cat\/es\/miquel-rutllant-nou-president-del-cluster-audiovisual-de-catalunya\/\",\"url\":\"https:\/\/www.clusteraudiovisual.cat\/es\/miquel-rutllant-nou-president-del-cluster-audiovisual-de-catalunya\/\",\"name\":\"Miquel Rutllant, nuevo presidente del Cluster Audiovisual de Catalu\u00f1a - Cl\u00faster Audiovisual\",\"isPartOf\":{\"@id\":\"https:\/\/www.clusteraudiovisual.cat\/es\/#website\"},\"primaryImageOfPage\":{\"@id\":\"https:\/\/www.clusteraudiovisual.cat\/es\/miquel-rutllant-nou-president-del-cluster-audiovisual-de-catalunya\/#primaryimage\"},\"image\":{\"@id\":\"https:\/\/www.clusteraudiovisual.cat\/es\/miquel-rutllant-nou-president-del-cluster-audiovisual-de-catalunya\/#primaryimage\"},\"thumbnailUrl\":\"https:\/\/www.clusteraudiovisual.cat\/wp-content\/uploads\/2017\/05\/Fons_Noticies.jpg\",\"datePublished\":\"2017-12-19T12:32:43+00:00\",\"author\":{\"@id\":\"https:\/\/www.clusteraudiovisual.cat\/es\/#\/schema\/person\/23e1e732da72779cfc4fd7842583d17d\"},\"inLanguage\":\"es\",\"potentialAction\":[{\"@type\":\"ReadAction\",\"target\":[\"https:\/\/www.clusteraudiovisual.cat\/es\/miquel-rutllant-nou-president-del-cluster-audiovisual-de-catalunya\/\"]}]},{\"@type\":\"ImageObject\",\"inLanguage\":\"es\",\"@id\":\"https:\/\/www.clusteraudiovisual.cat\/es\/miquel-rutllant-nou-president-del-cluster-audiovisual-de-catalunya\/#primaryimage\",\"url\":\"https:\/\/www.clusteraudiovisual.cat\/wp-content\/uploads\/2017\/05\/Fons_Noticies.jpg\",\"contentUrl\":\"https:\/\/www.clusteraudiovisual.cat\/wp-content\/uploads\/2017\/05\/Fons_Noticies.jpg\",\"width\":1080,\"height\":1080},{\"@type\":\"WebSite\",\"@id\":\"https:\/\/www.clusteraudiovisual.cat\/es\/#website\",\"url\":\"https:\/\/www.clusteraudiovisual.cat\/es\/\",\"name\":\"Cl\u00faster Audiovisual\",\"description\":\"Associaci\u00f3 d&#039;empreses que integren el sector audiovisual.\",\"potentialAction\":[{\"@type\":\"SearchAction\",\"target\":{\"@type\":\"EntryPoint\",\"urlTemplate\":\"https:\/\/www.clusteraudiovisual.cat\/es\/?s={search_term_string}\"},\"query-input\":{\"@type\":\"PropertyValueSpecification\",\"valueRequired\":true,\"valueName\":\"search_term_string\"}}],\"inLanguage\":\"es\"},{\"@type\":\"Person\",\"@id\":\"https:\/\/www.clusteraudiovisual.cat\/es\/#\/schema\/person\/23e1e732da72779cfc4fd7842583d17d\",\"name\":\"admin\",\"sameAs\":[\"https:\/\/www.clusteraudiovisual.cat\"],\"url\":\"https:\/\/www.clusteraudiovisual.cat\/es\/author\/admin\/\"}]}<\/script>\n<!-- \/ Yoast SEO plugin. -->","yoast_head_json":{"title":"Miquel Rutllant, nuevo presidente del Cluster Audiovisual de Catalu\u00f1a - Cl\u00faster Audiovisual","robots":{"index":"index","follow":"follow","max-snippet":"max-snippet:-1","max-image-preview":"max-image-preview:large","max-video-preview":"max-video-preview:-1"},"canonical":"https:\/\/www.clusteraudiovisual.cat\/es\/miquel-rutllant-nou-president-del-cluster-audiovisual-de-catalunya\/","og_locale":"es_ES","og_type":"article","og_title":"Miquel Rutllant, nuevo presidente del Cluster Audiovisual de Catalu\u00f1a - Cl\u00faster Audiovisual","og_description":"Con la nueva presidencia, el Cluster abre una nueva etapa de consolidaci\u00f3n y con la mirada puesta en la internacionalizaci\u00f3n","og_url":"https:\/\/www.clusteraudiovisual.cat\/es\/miquel-rutllant-nou-president-del-cluster-audiovisual-de-catalunya\/","og_site_name":"Cl\u00faster Audiovisual","article_published_time":"2017-12-19T12:32:43+00:00","og_image":[{"width":1080,"height":1080,"url":"https:\/\/www.clusteraudiovisual.cat\/wp-content\/uploads\/2017\/05\/Fons_Noticies.jpg","type":"image\/jpeg"}],"author":"admin","twitter_card":"summary_large_image","twitter_misc":{"Escrito por":"admin","Tiempo de lectura":"2 minutos"},"schema":{"@context":"https:\/\/schema.org","@graph":[{"@type":"Article","@id":"https:\/\/www.clusteraudiovisual.cat\/es\/miquel-rutllant-nou-president-del-cluster-audiovisual-de-catalunya\/#article","isPartOf":{"@id":"https:\/\/www.clusteraudiovisual.cat\/es\/miquel-rutllant-nou-president-del-cluster-audiovisual-de-catalunya\/"},"author":{"name":"admin","@id":"https:\/\/www.clusteraudiovisual.cat\/es\/#\/schema\/person\/23e1e732da72779cfc4fd7842583d17d"},"headline":"Miquel Rutllant, nuevo presidente del Cluster Audiovisual de Catalu\u00f1a","datePublished":"2017-12-19T12:32:43+00:00","mainEntityOfPage":{"@id":"https:\/\/www.clusteraudiovisual.cat\/es\/miquel-rutllant-nou-president-del-cluster-audiovisual-de-catalunya\/"},"wordCount":342,"commentCount":0,"image":{"@id":"https:\/\/www.clusteraudiovisual.cat\/es\/miquel-rutllant-nou-president-del-cluster-audiovisual-de-catalunya\/#primaryimage"},"thumbnailUrl":"https:\/\/www.clusteraudiovisual.cat\/wp-content\/uploads\/2017\/05\/Fons_Noticies.jpg","articleSection":["Actualidad"],"inLanguage":"es","potentialAction":[{"@type":"CommentAction","name":"Comment","target":["https:\/\/www.clusteraudiovisual.cat\/es\/miquel-rutllant-nou-president-del-cluster-audiovisual-de-catalunya\/#respond"]}]},{"@type":"WebPage","@id":"https:\/\/www.clusteraudiovisual.cat\/es\/miquel-rutllant-nou-president-del-cluster-audiovisual-de-catalunya\/","url":"https:\/\/www.clusteraudiovisual.cat\/es\/miquel-rutllant-nou-president-del-cluster-audiovisual-de-catalunya\/","name":"Miquel Rutllant, nuevo presidente del Cluster Audiovisual de Catalu\u00f1a - Cl\u00faster Audiovisual","isPartOf":{"@id":"https:\/\/www.clusteraudiovisual.cat\/es\/#website"},"primaryImageOfPage":{"@id":"https:\/\/www.clusteraudiovisual.cat\/es\/miquel-rutllant-nou-president-del-cluster-audiovisual-de-catalunya\/#primaryimage"},"image":{"@id":"https:\/\/www.clusteraudiovisual.cat\/es\/miquel-rutllant-nou-president-del-cluster-audiovisual-de-catalunya\/#primaryimage"},"thumbnailUrl":"https:\/\/www.clusteraudiovisual.cat\/wp-content\/uploads\/2017\/05\/Fons_Noticies.jpg","datePublished":"2017-12-19T12:32:43+00:00","author":{"@id":"https:\/\/www.clusteraudiovisual.cat\/es\/#\/schema\/person\/23e1e732da72779cfc4fd7842583d17d"},"inLanguage":"es","potentialAction":[{"@type":"ReadAction","target":["https:\/\/www.clusteraudiovisual.cat\/es\/miquel-rutllant-nou-president-del-cluster-audiovisual-de-catalunya\/"]}]},{"@type":"ImageObject","inLanguage":"es","@id":"https:\/\/www.clusteraudiovisual.cat\/es\/miquel-rutllant-nou-president-del-cluster-audiovisual-de-catalunya\/#primaryimage","url":"https:\/\/www.clusteraudiovisual.cat\/wp-content\/uploads\/2017\/05\/Fons_Noticies.jpg","contentUrl":"https:\/\/www.clusteraudiovisual.cat\/wp-content\/uploads\/2017\/05\/Fons_Noticies.jpg","width":1080,"height":1080},{"@type":"WebSite","@id":"https:\/\/www.clusteraudiovisual.cat\/es\/#website","url":"https:\/\/www.clusteraudiovisual.cat\/es\/","name":"Cl\u00faster Audiovisual","description":"Associaci\u00f3 d&#039;empreses que integren el sector audiovisual.","potentialAction":[{"@type":"SearchAction","target":{"@type":"EntryPoint","urlTemplate":"https:\/\/www.clusteraudiovisual.cat\/es\/?s={search_term_string}"},"query-input":{"@type":"PropertyValueSpecification","valueRequired":true,"valueName":"search_term_string"}}],"inLanguage":"es"},{"@type":"Person","@id":"https:\/\/www.clusteraudiovisual.cat\/es\/#\/schema\/person\/23e1e732da72779cfc4fd7842583d17d","name":"admin","sameAs":["https:\/\/www.clusteraudiovisual.cat"],"url":"https:\/\/www.clusteraudiovisual.cat\/es\/author\/admin\/"}]}},"_links":{"self":[{"href":"https:\/\/www.clusteraudiovisual.cat\/es\/wp-json\/wp\/v2\/posts\/5771","targetHints":{"allow":["GET"]}}],"collection":[{"href":"https:\/\/www.clusteraudiovisual.cat\/es\/wp-json\/wp\/v2\/posts"}],"about":[{"href":"https:\/\/www.clusteraudiovisual.cat\/es\/wp-json\/wp\/v2\/types\/post"}],"author":[{"embeddable":true,"href":"https:\/\/www.clusteraudiovisual.cat\/es\/wp-json\/wp\/v2\/users\/1"}],"replies":[{"embeddable":true,"href":"https:\/\/www.clusteraudiovisual.cat\/es\/wp-json\/wp\/v2\/comments?post=5771"}],"version-history":[{"count":0,"href":"https:\/\/www.clusteraudiovisual.cat\/es\/wp-json\/wp\/v2\/posts\/5771\/revisions"}],"wp:featuredmedia":[{"embeddable":true,"href":"https:\/\/www.clusteraudiovisual.cat\/es\/wp-json\/wp\/v2\/media\/38236"}],"wp:attachment":[{"href":"https:\/\/www.clusteraudiovisual.cat\/es\/wp-json\/wp\/v2\/media?parent=5771"}],"wp:term":[{"taxonomy":"category","embeddable":true,"href":"https:\/\/www.clusteraudiovisual.cat\/es\/wp-json\/wp\/v2\/categories?post=5771"},{"taxonomy":"post_tag","embeddable":true,"href":"https:\/\/www.clusteraudiovisual.cat\/es\/wp-json\/wp\/v2\/tags?post=5771"}],"curies":[{"name":"wp","href":"https:\/\/api.w.org\/{rel}","templated":true}]}}