{"id":5736,"date":"2017-06-14T11:33:19","date_gmt":"2017-06-14T11:33:19","guid":{"rendered":"https:\/\/www.clusteraudiovisual.cat\/com-produir-realitat-virtual\/"},"modified":"2017-06-14T11:33:19","modified_gmt":"2017-06-14T11:33:19","slug":"com-produir-realitat-virtual","status":"publish","type":"post","link":"https:\/\/www.clusteraudiovisual.cat\/es\/com-produir-realitat-virtual\/","title":{"rendered":"C\u00f3mo producir Realidad Virtual"},"content":{"rendered":"<p>El Cluster Audiovisual sigue destinando este segundo trimestre de 2017 a explorar las nuevas formas de creaci\u00f3n y los posibles modelos de negocio relacionados con la producci\u00f3n de Realidad Virtual (VR). Por eso, organiz\u00f3 la sesi\u00f3n \u00abC\u00f3mo producir Realidad Virtual\u00bb en el <a href=\"http:\/\/www.audiovisualmac.cat\/\">Mercado Audiovisual de Catalu\u00f1a (MAC)<\/a>, el espacio de encuentro entre empresas y profesionales del sector audiovisual que anualmente tiene lugar en el\u00a0<a href=\"http:\/\/rocaumbert.com\/\">Roca Umbert de Granollers<\/a>.<\/p>\n<p>Andrea D\u00edaz, editora de video de <a href=\"http:\/\/visyon360.com\/\">Visyon<\/a>, empresa referente de la producci\u00f3n de contenidos VR,\u00a0se encarg\u00f3 de presentar, desde un punto de vista estrictamente t\u00e9cnico, las particularidades, retos y ventajas de la grabaci\u00f3n de v\u00eddeo VR.<\/p>\n<p>Alfonso Garc\u00eda, de <a href=\"http:\/\/cardboard360.es\/\">Goodie Cardboard 360,<\/a>\u00a0distribuy\u00f3 gafas <em>Enterprise<\/em> entre los asistentes, proponiendo una experiencia VR durante la sesi\u00f3n misma.<\/p>\n<p>\u00bfDeseas ver el v\u00eddeo resumen de la sesi\u00f3n? Haz clic abajo.<\/p>\n<p><a href=\"https:\/\/youtu.be\/hOnFiGE3JkE\"><img loading=\"lazy\" decoding=\"async\" class=\"aligncenter size-large wp-image-2093\" alt=\"Imatge vr\" src=\"https:\/\/www.clusteraudiovisual.cat\/wp-content\/uploads\/2021\/02\/Imatge-vr-1030x720.jpg\" width=\"1024\" height=\"715\" \/><\/a><\/p>\n<p><a href=\"https:\/\/youtu.be\/hOnFiGE3JkE\">\u00a0<\/a><\/p>\n<p>&nbsp;<\/p>\n","protected":false},"excerpt":{"rendered":"<p>El Cluster Audiovisual sigue explorando las nuevas formas de creaci\u00f3n y los posibles modelos de negocio relacionados con la producci\u00f3n de Realidad Virtual (VR)<\/p>\n","protected":false},"author":1,"featured_media":4558,"comment_status":"open","ping_status":"open","sticky":false,"template":"","format":"standard","meta":{"_acf_changed":false,"footnotes":""},"categories":[21],"tags":[],"class_list":["post-5736","post","type-post","status-publish","format-standard","has-post-thumbnail","hentry","category-actualidad"],"acf":[],"yoast_head":"<!-- This site is optimized with the Yoast SEO plugin v27.0 - https:\/\/yoast.com\/product\/yoast-seo-wordpress\/ -->\n<title>C\u00f3mo producir Realidad Virtual - Cl\u00faster Audiovisual<\/title>\n<meta name=\"robots\" content=\"index, follow, max-snippet:-1, max-image-preview:large, max-video-preview:-1\" \/>\n<link rel=\"canonical\" href=\"https:\/\/www.clusteraudiovisual.cat\/es\/com-produir-realitat-virtual\/\" \/>\n<meta property=\"og:locale\" content=\"es_ES\" \/>\n<meta property=\"og:type\" content=\"article\" \/>\n<meta property=\"og:title\" content=\"C\u00f3mo producir Realidad Virtual - Cl\u00faster Audiovisual\" \/>\n<meta property=\"og:description\" content=\"El Cluster Audiovisual sigue explorando las nuevas formas de creaci\u00f3n y los posibles modelos de negocio relacionados con la producci\u00f3n de Realidad Virtual (VR)\" \/>\n<meta property=\"og:url\" content=\"https:\/\/www.clusteraudiovisual.cat\/es\/com-produir-realitat-virtual\/\" \/>\n<meta property=\"og:site_name\" content=\"Cl\u00faster Audiovisual\" \/>\n<meta property=\"article:published_time\" content=\"2017-06-14T11:33:19+00:00\" \/>\n<meta property=\"og:image\" content=\"https:\/\/www.clusteraudiovisual.cat\/wp-content\/uploads\/2021\/02\/MAC-VR-01.png\" \/>\n\t<meta property=\"og:image:width\" content=\"1170\" \/>\n\t<meta property=\"og:image:height\" content=\"380\" \/>\n\t<meta property=\"og:image:type\" content=\"image\/png\" \/>\n<meta name=\"author\" content=\"admin\" \/>\n<meta name=\"twitter:card\" content=\"summary_large_image\" \/>\n<meta name=\"twitter:label1\" content=\"Escrito por\" \/>\n\t<meta name=\"twitter:data1\" content=\"admin\" \/>\n\t<meta name=\"twitter:label2\" content=\"Tiempo de lectura\" \/>\n\t<meta name=\"twitter:data2\" content=\"1 minuto\" \/>\n<script type=\"application\/ld+json\" class=\"yoast-schema-graph\">{\"@context\":\"https:\/\/schema.org\",\"@graph\":[{\"@type\":\"Article\",\"@id\":\"https:\/\/www.clusteraudiovisual.cat\/es\/com-produir-realitat-virtual\/#article\",\"isPartOf\":{\"@id\":\"https:\/\/www.clusteraudiovisual.cat\/es\/com-produir-realitat-virtual\/\"},\"author\":{\"name\":\"admin\",\"@id\":\"https:\/\/www.clusteraudiovisual.cat\/es\/#\/schema\/person\/23e1e732da72779cfc4fd7842583d17d\"},\"headline\":\"C\u00f3mo producir Realidad Virtual\",\"datePublished\":\"2017-06-14T11:33:19+00:00\",\"mainEntityOfPage\":{\"@id\":\"https:\/\/www.clusteraudiovisual.cat\/es\/com-produir-realitat-virtual\/\"},\"wordCount\":154,\"commentCount\":0,\"image\":{\"@id\":\"https:\/\/www.clusteraudiovisual.cat\/es\/com-produir-realitat-virtual\/#primaryimage\"},\"thumbnailUrl\":\"https:\/\/www.clusteraudiovisual.cat\/wp-content\/uploads\/2021\/02\/MAC-VR-01.png\",\"articleSection\":[\"Actualidad\"],\"inLanguage\":\"es\",\"potentialAction\":[{\"@type\":\"CommentAction\",\"name\":\"Comment\",\"target\":[\"https:\/\/www.clusteraudiovisual.cat\/es\/com-produir-realitat-virtual\/#respond\"]}]},{\"@type\":\"WebPage\",\"@id\":\"https:\/\/www.clusteraudiovisual.cat\/es\/com-produir-realitat-virtual\/\",\"url\":\"https:\/\/www.clusteraudiovisual.cat\/es\/com-produir-realitat-virtual\/\",\"name\":\"C\u00f3mo producir Realidad Virtual - Cl\u00faster Audiovisual\",\"isPartOf\":{\"@id\":\"https:\/\/www.clusteraudiovisual.cat\/es\/#website\"},\"primaryImageOfPage\":{\"@id\":\"https:\/\/www.clusteraudiovisual.cat\/es\/com-produir-realitat-virtual\/#primaryimage\"},\"image\":{\"@id\":\"https:\/\/www.clusteraudiovisual.cat\/es\/com-produir-realitat-virtual\/#primaryimage\"},\"thumbnailUrl\":\"https:\/\/www.clusteraudiovisual.cat\/wp-content\/uploads\/2021\/02\/MAC-VR-01.png\",\"datePublished\":\"2017-06-14T11:33:19+00:00\",\"author\":{\"@id\":\"https:\/\/www.clusteraudiovisual.cat\/es\/#\/schema\/person\/23e1e732da72779cfc4fd7842583d17d\"},\"inLanguage\":\"es\",\"potentialAction\":[{\"@type\":\"ReadAction\",\"target\":[\"https:\/\/www.clusteraudiovisual.cat\/es\/com-produir-realitat-virtual\/\"]}]},{\"@type\":\"ImageObject\",\"inLanguage\":\"es\",\"@id\":\"https:\/\/www.clusteraudiovisual.cat\/es\/com-produir-realitat-virtual\/#primaryimage\",\"url\":\"https:\/\/www.clusteraudiovisual.cat\/wp-content\/uploads\/2021\/02\/MAC-VR-01.png\",\"contentUrl\":\"https:\/\/www.clusteraudiovisual.cat\/wp-content\/uploads\/2021\/02\/MAC-VR-01.png\",\"width\":1170,\"height\":380},{\"@type\":\"WebSite\",\"@id\":\"https:\/\/www.clusteraudiovisual.cat\/es\/#website\",\"url\":\"https:\/\/www.clusteraudiovisual.cat\/es\/\",\"name\":\"Cl\u00faster Audiovisual\",\"description\":\"Associaci\u00f3 d&#039;empreses que integren el sector audiovisual.\",\"potentialAction\":[{\"@type\":\"SearchAction\",\"target\":{\"@type\":\"EntryPoint\",\"urlTemplate\":\"https:\/\/www.clusteraudiovisual.cat\/es\/?s={search_term_string}\"},\"query-input\":{\"@type\":\"PropertyValueSpecification\",\"valueRequired\":true,\"valueName\":\"search_term_string\"}}],\"inLanguage\":\"es\"},{\"@type\":\"Person\",\"@id\":\"https:\/\/www.clusteraudiovisual.cat\/es\/#\/schema\/person\/23e1e732da72779cfc4fd7842583d17d\",\"name\":\"admin\",\"sameAs\":[\"https:\/\/www.clusteraudiovisual.cat\"],\"url\":\"https:\/\/www.clusteraudiovisual.cat\/es\/author\/admin\/\"}]}<\/script>\n<!-- \/ Yoast SEO plugin. -->","yoast_head_json":{"title":"C\u00f3mo producir Realidad Virtual - Cl\u00faster Audiovisual","robots":{"index":"index","follow":"follow","max-snippet":"max-snippet:-1","max-image-preview":"max-image-preview:large","max-video-preview":"max-video-preview:-1"},"canonical":"https:\/\/www.clusteraudiovisual.cat\/es\/com-produir-realitat-virtual\/","og_locale":"es_ES","og_type":"article","og_title":"C\u00f3mo producir Realidad Virtual - Cl\u00faster Audiovisual","og_description":"El Cluster Audiovisual sigue explorando las nuevas formas de creaci\u00f3n y los posibles modelos de negocio relacionados con la producci\u00f3n de Realidad Virtual (VR)","og_url":"https:\/\/www.clusteraudiovisual.cat\/es\/com-produir-realitat-virtual\/","og_site_name":"Cl\u00faster Audiovisual","article_published_time":"2017-06-14T11:33:19+00:00","og_image":[{"width":1170,"height":380,"url":"https:\/\/www.clusteraudiovisual.cat\/wp-content\/uploads\/2021\/02\/MAC-VR-01.png","type":"image\/png"}],"author":"admin","twitter_card":"summary_large_image","twitter_misc":{"Escrito por":"admin","Tiempo de lectura":"1 minuto"},"schema":{"@context":"https:\/\/schema.org","@graph":[{"@type":"Article","@id":"https:\/\/www.clusteraudiovisual.cat\/es\/com-produir-realitat-virtual\/#article","isPartOf":{"@id":"https:\/\/www.clusteraudiovisual.cat\/es\/com-produir-realitat-virtual\/"},"author":{"name":"admin","@id":"https:\/\/www.clusteraudiovisual.cat\/es\/#\/schema\/person\/23e1e732da72779cfc4fd7842583d17d"},"headline":"C\u00f3mo producir Realidad Virtual","datePublished":"2017-06-14T11:33:19+00:00","mainEntityOfPage":{"@id":"https:\/\/www.clusteraudiovisual.cat\/es\/com-produir-realitat-virtual\/"},"wordCount":154,"commentCount":0,"image":{"@id":"https:\/\/www.clusteraudiovisual.cat\/es\/com-produir-realitat-virtual\/#primaryimage"},"thumbnailUrl":"https:\/\/www.clusteraudiovisual.cat\/wp-content\/uploads\/2021\/02\/MAC-VR-01.png","articleSection":["Actualidad"],"inLanguage":"es","potentialAction":[{"@type":"CommentAction","name":"Comment","target":["https:\/\/www.clusteraudiovisual.cat\/es\/com-produir-realitat-virtual\/#respond"]}]},{"@type":"WebPage","@id":"https:\/\/www.clusteraudiovisual.cat\/es\/com-produir-realitat-virtual\/","url":"https:\/\/www.clusteraudiovisual.cat\/es\/com-produir-realitat-virtual\/","name":"C\u00f3mo producir Realidad Virtual - Cl\u00faster Audiovisual","isPartOf":{"@id":"https:\/\/www.clusteraudiovisual.cat\/es\/#website"},"primaryImageOfPage":{"@id":"https:\/\/www.clusteraudiovisual.cat\/es\/com-produir-realitat-virtual\/#primaryimage"},"image":{"@id":"https:\/\/www.clusteraudiovisual.cat\/es\/com-produir-realitat-virtual\/#primaryimage"},"thumbnailUrl":"https:\/\/www.clusteraudiovisual.cat\/wp-content\/uploads\/2021\/02\/MAC-VR-01.png","datePublished":"2017-06-14T11:33:19+00:00","author":{"@id":"https:\/\/www.clusteraudiovisual.cat\/es\/#\/schema\/person\/23e1e732da72779cfc4fd7842583d17d"},"inLanguage":"es","potentialAction":[{"@type":"ReadAction","target":["https:\/\/www.clusteraudiovisual.cat\/es\/com-produir-realitat-virtual\/"]}]},{"@type":"ImageObject","inLanguage":"es","@id":"https:\/\/www.clusteraudiovisual.cat\/es\/com-produir-realitat-virtual\/#primaryimage","url":"https:\/\/www.clusteraudiovisual.cat\/wp-content\/uploads\/2021\/02\/MAC-VR-01.png","contentUrl":"https:\/\/www.clusteraudiovisual.cat\/wp-content\/uploads\/2021\/02\/MAC-VR-01.png","width":1170,"height":380},{"@type":"WebSite","@id":"https:\/\/www.clusteraudiovisual.cat\/es\/#website","url":"https:\/\/www.clusteraudiovisual.cat\/es\/","name":"Cl\u00faster Audiovisual","description":"Associaci\u00f3 d&#039;empreses que integren el sector audiovisual.","potentialAction":[{"@type":"SearchAction","target":{"@type":"EntryPoint","urlTemplate":"https:\/\/www.clusteraudiovisual.cat\/es\/?s={search_term_string}"},"query-input":{"@type":"PropertyValueSpecification","valueRequired":true,"valueName":"search_term_string"}}],"inLanguage":"es"},{"@type":"Person","@id":"https:\/\/www.clusteraudiovisual.cat\/es\/#\/schema\/person\/23e1e732da72779cfc4fd7842583d17d","name":"admin","sameAs":["https:\/\/www.clusteraudiovisual.cat"],"url":"https:\/\/www.clusteraudiovisual.cat\/es\/author\/admin\/"}]}},"_links":{"self":[{"href":"https:\/\/www.clusteraudiovisual.cat\/es\/wp-json\/wp\/v2\/posts\/5736","targetHints":{"allow":["GET"]}}],"collection":[{"href":"https:\/\/www.clusteraudiovisual.cat\/es\/wp-json\/wp\/v2\/posts"}],"about":[{"href":"https:\/\/www.clusteraudiovisual.cat\/es\/wp-json\/wp\/v2\/types\/post"}],"author":[{"embeddable":true,"href":"https:\/\/www.clusteraudiovisual.cat\/es\/wp-json\/wp\/v2\/users\/1"}],"replies":[{"embeddable":true,"href":"https:\/\/www.clusteraudiovisual.cat\/es\/wp-json\/wp\/v2\/comments?post=5736"}],"version-history":[{"count":0,"href":"https:\/\/www.clusteraudiovisual.cat\/es\/wp-json\/wp\/v2\/posts\/5736\/revisions"}],"wp:featuredmedia":[{"embeddable":true,"href":"https:\/\/www.clusteraudiovisual.cat\/es\/wp-json\/wp\/v2\/media\/4558"}],"wp:attachment":[{"href":"https:\/\/www.clusteraudiovisual.cat\/es\/wp-json\/wp\/v2\/media?parent=5736"}],"wp:term":[{"taxonomy":"category","embeddable":true,"href":"https:\/\/www.clusteraudiovisual.cat\/es\/wp-json\/wp\/v2\/categories?post=5736"},{"taxonomy":"post_tag","embeddable":true,"href":"https:\/\/www.clusteraudiovisual.cat\/es\/wp-json\/wp\/v2\/tags?post=5736"}],"curies":[{"name":"wp","href":"https:\/\/api.w.org\/{rel}","templated":true}]}}