{"id":5732,"date":"2017-05-31T09:41:20","date_gmt":"2017-05-31T09:41:20","guid":{"rendered":"https:\/\/www.clusteraudiovisual.cat\/video-musica-i-realitat-virtual\/"},"modified":"2017-05-31T09:41:20","modified_gmt":"2017-05-31T09:41:20","slug":"video-musica-i-realitat-virtual","status":"publish","type":"post","link":"https:\/\/www.clusteraudiovisual.cat\/es\/video-musica-i-realitat-virtual\/","title":{"rendered":"Video, m\u00fasica y Realidad Virtual"},"content":{"rendered":"<p>Las tecnolog\u00edas de Realidad Virtual han irrumpido como un motor de cambio, tanto en el sector audiovisual como en el musical. \u00bfPero son viables econ\u00f3micamente? \u00bfQu\u00e9 potencial creativo tienen? \u00bfCu\u00e1l es el pron\u00f3stico en cuanto a su futuro?<\/p>\n<p>Con el objetivo de responder a estas preguntas, el Cluster Audiovisual ha organizado, en el marco de<strong> las jornadas profesionales del Primavera Pro &#8211; Primavera Sound<\/strong>, la sesi\u00f3n \u00abRealidad Virtual, video y m\u00fasica\u00bb con productores VR de \u00e1mbito internacional.<\/p>\n<p><a href=\"https:\/\/www.clusteraudiovisual.cat\/wp-content\/uploads\/2021\/02\/Foto3-1030x449.jpg\"><img loading=\"lazy\" decoding=\"async\" class=\"aligncenter size-large wp-image-2082\" alt=\"Foto3\" src=\"https:\/\/www.clusteraudiovisual.cat\/wp-content\/uploads\/2021\/02\/Foto3-1030x449.jpg\" width=\"1024\" height=\"446\" \/><\/a><\/p>\n<p>Steven Hancock, de <a href=\"http:\/\/melodyvr.com\/\">Melody VR<\/a>,\u00a0la mayor biblioteca de contenido musical VR;\u00a0Adam Rogers, de <a href=\"http:\/\/gentlemanhands.com\/\">Gentle Manhands<\/a>, productora estadounidense de videoclips y animaci\u00f3n VR;\u00a0Xavi Conesa, de <a href=\"http:\/\/visyon360.com\/\">Visyon<\/a>, empresa catalana referente del contenido VR, Realidad Aumentada y Inmersiva.\u00a0La sesi\u00f3n ha sido moderada por F\u00e9lix Balbas, de <a href=\"http:\/\/www.minimovfx.com\/\">Minimo VFX<\/a>, empresa\u00a0de creaci\u00f3n 3D y VFX.<\/p>\n<p style=\"text-align: left;\"><a href=\"http:\/\/cardboard360.es\/\">Goodie Cardboard 360<\/a>,\u00a0empresa de distribuci\u00f3n de tecnolog\u00edas VR, reparti\u00f3 gafas VR entre los asistentes.<\/p>\n<p><strong>\u00bfQuieres saber m\u00e1s? Consulta las cr\u00f2nicas sobre la sesi\u00f3n:<\/strong><\/p>\n<p><a href=\"http:\/\/observatoricomunicacio.cat\/2017\/06\/02\/la-realitat-virtual-arriba-al-mon-de-la-musica\/\">\u201cLa realitat virtual arriba al m\u00f3n de la m\u00fasica.\u201d<\/a>. Observatori de la Comunicaci\u00f3 de Catalunya (OCC). Incom-UAB.<\/p>\n<p><a href=\"http:\/\/nextmedia.lavinia.tc\/tecnologia\/musica-video-y-realidad-virtual-una-combinacion-con-grandes-retos\/\">\u201cM\u00fasica, v\u00eddeo y realidad virtual: una combinaci\u00f3n con grandes retos.\u201d<\/a>. NextMedia. De Grup Lavinia.<\/p>\n<p><a href=\"https:\/\/www.realovirtual.com\/noticias\/3673\/realidad-virtual-nuevo-lenguaje-musica\">\u201cLa realidad virtual, un nuevo lenguaje para la m\u00fasica.\u201d<\/a>. <em>Realidad Virtual.<\/em><\/p>\n<p>&nbsp;<\/p>\n<p>Con el apoyo de:<\/p>\n<p><a href=\"https:\/\/www.clusteraudiovisual.cat\/wp-content\/uploads\/2021\/02\/logo_presidencia02.png\"><img loading=\"lazy\" decoding=\"async\" class=\"size-full wp-image-2420 alignleft\" alt=\"logo_presidencia02\" src=\"https:\/\/www.clusteraudiovisual.cat\/wp-content\/uploads\/2021\/02\/logo_presidencia02.png\" width=\"191\" height=\"54\" \/><\/a><\/p>\n","protected":false},"excerpt":{"rendered":"<p>Las tecnolog\u00edas de Realidad Virtual han irrumpido como un motor de cambio, tanto en el sector audiovisual como en el musical. \u00bfPero son viables econ\u00f3micamente?\u00bfQu\u00e9 potencial creativo tienen? \u00bfCu\u00e1l es el pron\u00f3stico en cuanto a su futuro?<\/p>\n","protected":false},"author":1,"featured_media":4537,"comment_status":"open","ping_status":"open","sticky":false,"template":"","format":"standard","meta":{"_acf_changed":false,"footnotes":""},"categories":[21],"tags":[],"class_list":["post-5732","post","type-post","status-publish","format-standard","has-post-thumbnail","hentry","category-actualidad"],"acf":[],"yoast_head":"<!-- This site is optimized with the Yoast SEO plugin v27.0 - https:\/\/yoast.com\/product\/yoast-seo-wordpress\/ -->\n<title>Video, m\u00fasica y Realidad Virtual - Cl\u00faster Audiovisual<\/title>\n<meta name=\"robots\" content=\"index, follow, max-snippet:-1, max-image-preview:large, max-video-preview:-1\" \/>\n<link rel=\"canonical\" href=\"https:\/\/www.clusteraudiovisual.cat\/es\/video-musica-i-realitat-virtual\/\" \/>\n<meta property=\"og:locale\" content=\"es_ES\" \/>\n<meta property=\"og:type\" content=\"article\" \/>\n<meta property=\"og:title\" content=\"Video, m\u00fasica y Realidad Virtual - Cl\u00faster Audiovisual\" \/>\n<meta property=\"og:description\" content=\"Las tecnolog\u00edas de Realidad Virtual han irrumpido como un motor de cambio, tanto en el sector audiovisual como en el musical. \u00bfPero son viables econ\u00f3micamente?\u00bfQu\u00e9 potencial creativo tienen? \u00bfCu\u00e1l es el pron\u00f3stico en cuanto a su futuro?\" \/>\n<meta property=\"og:url\" content=\"https:\/\/www.clusteraudiovisual.cat\/es\/video-musica-i-realitat-virtual\/\" \/>\n<meta property=\"og:site_name\" content=\"Cl\u00faster Audiovisual\" \/>\n<meta property=\"article:published_time\" content=\"2017-05-31T09:41:20+00:00\" \/>\n<meta property=\"og:image\" content=\"https:\/\/www.clusteraudiovisual.cat\/wp-content\/uploads\/2021\/02\/Primavera-Pro-noticia-01.png\" \/>\n\t<meta property=\"og:image:width\" content=\"1170\" \/>\n\t<meta property=\"og:image:height\" content=\"380\" \/>\n\t<meta property=\"og:image:type\" content=\"image\/png\" \/>\n<meta name=\"author\" content=\"admin\" \/>\n<meta name=\"twitter:card\" content=\"summary_large_image\" \/>\n<meta name=\"twitter:label1\" content=\"Escrito por\" \/>\n\t<meta name=\"twitter:data1\" content=\"admin\" \/>\n\t<meta name=\"twitter:label2\" content=\"Tiempo de lectura\" \/>\n\t<meta name=\"twitter:data2\" content=\"1 minuto\" \/>\n<script type=\"application\/ld+json\" class=\"yoast-schema-graph\">{\"@context\":\"https:\/\/schema.org\",\"@graph\":[{\"@type\":\"Article\",\"@id\":\"https:\/\/www.clusteraudiovisual.cat\/es\/video-musica-i-realitat-virtual\/#article\",\"isPartOf\":{\"@id\":\"https:\/\/www.clusteraudiovisual.cat\/es\/video-musica-i-realitat-virtual\/\"},\"author\":{\"name\":\"admin\",\"@id\":\"https:\/\/www.clusteraudiovisual.cat\/es\/#\/schema\/person\/23e1e732da72779cfc4fd7842583d17d\"},\"headline\":\"Video, m\u00fasica y Realidad Virtual\",\"datePublished\":\"2017-05-31T09:41:20+00:00\",\"mainEntityOfPage\":{\"@id\":\"https:\/\/www.clusteraudiovisual.cat\/es\/video-musica-i-realitat-virtual\/\"},\"wordCount\":229,\"commentCount\":0,\"image\":{\"@id\":\"https:\/\/www.clusteraudiovisual.cat\/es\/video-musica-i-realitat-virtual\/#primaryimage\"},\"thumbnailUrl\":\"https:\/\/www.clusteraudiovisual.cat\/wp-content\/uploads\/2021\/02\/Primavera-Pro-noticia-01.png\",\"articleSection\":[\"Actualidad\"],\"inLanguage\":\"es\",\"potentialAction\":[{\"@type\":\"CommentAction\",\"name\":\"Comment\",\"target\":[\"https:\/\/www.clusteraudiovisual.cat\/es\/video-musica-i-realitat-virtual\/#respond\"]}]},{\"@type\":\"WebPage\",\"@id\":\"https:\/\/www.clusteraudiovisual.cat\/es\/video-musica-i-realitat-virtual\/\",\"url\":\"https:\/\/www.clusteraudiovisual.cat\/es\/video-musica-i-realitat-virtual\/\",\"name\":\"Video, m\u00fasica y Realidad Virtual - Cl\u00faster Audiovisual\",\"isPartOf\":{\"@id\":\"https:\/\/www.clusteraudiovisual.cat\/es\/#website\"},\"primaryImageOfPage\":{\"@id\":\"https:\/\/www.clusteraudiovisual.cat\/es\/video-musica-i-realitat-virtual\/#primaryimage\"},\"image\":{\"@id\":\"https:\/\/www.clusteraudiovisual.cat\/es\/video-musica-i-realitat-virtual\/#primaryimage\"},\"thumbnailUrl\":\"https:\/\/www.clusteraudiovisual.cat\/wp-content\/uploads\/2021\/02\/Primavera-Pro-noticia-01.png\",\"datePublished\":\"2017-05-31T09:41:20+00:00\",\"author\":{\"@id\":\"https:\/\/www.clusteraudiovisual.cat\/es\/#\/schema\/person\/23e1e732da72779cfc4fd7842583d17d\"},\"inLanguage\":\"es\",\"potentialAction\":[{\"@type\":\"ReadAction\",\"target\":[\"https:\/\/www.clusteraudiovisual.cat\/es\/video-musica-i-realitat-virtual\/\"]}]},{\"@type\":\"ImageObject\",\"inLanguage\":\"es\",\"@id\":\"https:\/\/www.clusteraudiovisual.cat\/es\/video-musica-i-realitat-virtual\/#primaryimage\",\"url\":\"https:\/\/www.clusteraudiovisual.cat\/wp-content\/uploads\/2021\/02\/Primavera-Pro-noticia-01.png\",\"contentUrl\":\"https:\/\/www.clusteraudiovisual.cat\/wp-content\/uploads\/2021\/02\/Primavera-Pro-noticia-01.png\",\"width\":1170,\"height\":380},{\"@type\":\"WebSite\",\"@id\":\"https:\/\/www.clusteraudiovisual.cat\/es\/#website\",\"url\":\"https:\/\/www.clusteraudiovisual.cat\/es\/\",\"name\":\"Cl\u00faster Audiovisual\",\"description\":\"Associaci\u00f3 d&#039;empreses que integren el sector audiovisual.\",\"potentialAction\":[{\"@type\":\"SearchAction\",\"target\":{\"@type\":\"EntryPoint\",\"urlTemplate\":\"https:\/\/www.clusteraudiovisual.cat\/es\/?s={search_term_string}\"},\"query-input\":{\"@type\":\"PropertyValueSpecification\",\"valueRequired\":true,\"valueName\":\"search_term_string\"}}],\"inLanguage\":\"es\"},{\"@type\":\"Person\",\"@id\":\"https:\/\/www.clusteraudiovisual.cat\/es\/#\/schema\/person\/23e1e732da72779cfc4fd7842583d17d\",\"name\":\"admin\",\"sameAs\":[\"https:\/\/www.clusteraudiovisual.cat\"],\"url\":\"https:\/\/www.clusteraudiovisual.cat\/es\/author\/admin\/\"}]}<\/script>\n<!-- \/ Yoast SEO plugin. -->","yoast_head_json":{"title":"Video, m\u00fasica y Realidad Virtual - Cl\u00faster Audiovisual","robots":{"index":"index","follow":"follow","max-snippet":"max-snippet:-1","max-image-preview":"max-image-preview:large","max-video-preview":"max-video-preview:-1"},"canonical":"https:\/\/www.clusteraudiovisual.cat\/es\/video-musica-i-realitat-virtual\/","og_locale":"es_ES","og_type":"article","og_title":"Video, m\u00fasica y Realidad Virtual - Cl\u00faster Audiovisual","og_description":"Las tecnolog\u00edas de Realidad Virtual han irrumpido como un motor de cambio, tanto en el sector audiovisual como en el musical. \u00bfPero son viables econ\u00f3micamente?\u00bfQu\u00e9 potencial creativo tienen? \u00bfCu\u00e1l es el pron\u00f3stico en cuanto a su futuro?","og_url":"https:\/\/www.clusteraudiovisual.cat\/es\/video-musica-i-realitat-virtual\/","og_site_name":"Cl\u00faster Audiovisual","article_published_time":"2017-05-31T09:41:20+00:00","og_image":[{"width":1170,"height":380,"url":"https:\/\/www.clusteraudiovisual.cat\/wp-content\/uploads\/2021\/02\/Primavera-Pro-noticia-01.png","type":"image\/png"}],"author":"admin","twitter_card":"summary_large_image","twitter_misc":{"Escrito por":"admin","Tiempo de lectura":"1 minuto"},"schema":{"@context":"https:\/\/schema.org","@graph":[{"@type":"Article","@id":"https:\/\/www.clusteraudiovisual.cat\/es\/video-musica-i-realitat-virtual\/#article","isPartOf":{"@id":"https:\/\/www.clusteraudiovisual.cat\/es\/video-musica-i-realitat-virtual\/"},"author":{"name":"admin","@id":"https:\/\/www.clusteraudiovisual.cat\/es\/#\/schema\/person\/23e1e732da72779cfc4fd7842583d17d"},"headline":"Video, m\u00fasica y Realidad Virtual","datePublished":"2017-05-31T09:41:20+00:00","mainEntityOfPage":{"@id":"https:\/\/www.clusteraudiovisual.cat\/es\/video-musica-i-realitat-virtual\/"},"wordCount":229,"commentCount":0,"image":{"@id":"https:\/\/www.clusteraudiovisual.cat\/es\/video-musica-i-realitat-virtual\/#primaryimage"},"thumbnailUrl":"https:\/\/www.clusteraudiovisual.cat\/wp-content\/uploads\/2021\/02\/Primavera-Pro-noticia-01.png","articleSection":["Actualidad"],"inLanguage":"es","potentialAction":[{"@type":"CommentAction","name":"Comment","target":["https:\/\/www.clusteraudiovisual.cat\/es\/video-musica-i-realitat-virtual\/#respond"]}]},{"@type":"WebPage","@id":"https:\/\/www.clusteraudiovisual.cat\/es\/video-musica-i-realitat-virtual\/","url":"https:\/\/www.clusteraudiovisual.cat\/es\/video-musica-i-realitat-virtual\/","name":"Video, m\u00fasica y Realidad Virtual - Cl\u00faster Audiovisual","isPartOf":{"@id":"https:\/\/www.clusteraudiovisual.cat\/es\/#website"},"primaryImageOfPage":{"@id":"https:\/\/www.clusteraudiovisual.cat\/es\/video-musica-i-realitat-virtual\/#primaryimage"},"image":{"@id":"https:\/\/www.clusteraudiovisual.cat\/es\/video-musica-i-realitat-virtual\/#primaryimage"},"thumbnailUrl":"https:\/\/www.clusteraudiovisual.cat\/wp-content\/uploads\/2021\/02\/Primavera-Pro-noticia-01.png","datePublished":"2017-05-31T09:41:20+00:00","author":{"@id":"https:\/\/www.clusteraudiovisual.cat\/es\/#\/schema\/person\/23e1e732da72779cfc4fd7842583d17d"},"inLanguage":"es","potentialAction":[{"@type":"ReadAction","target":["https:\/\/www.clusteraudiovisual.cat\/es\/video-musica-i-realitat-virtual\/"]}]},{"@type":"ImageObject","inLanguage":"es","@id":"https:\/\/www.clusteraudiovisual.cat\/es\/video-musica-i-realitat-virtual\/#primaryimage","url":"https:\/\/www.clusteraudiovisual.cat\/wp-content\/uploads\/2021\/02\/Primavera-Pro-noticia-01.png","contentUrl":"https:\/\/www.clusteraudiovisual.cat\/wp-content\/uploads\/2021\/02\/Primavera-Pro-noticia-01.png","width":1170,"height":380},{"@type":"WebSite","@id":"https:\/\/www.clusteraudiovisual.cat\/es\/#website","url":"https:\/\/www.clusteraudiovisual.cat\/es\/","name":"Cl\u00faster Audiovisual","description":"Associaci\u00f3 d&#039;empreses que integren el sector audiovisual.","potentialAction":[{"@type":"SearchAction","target":{"@type":"EntryPoint","urlTemplate":"https:\/\/www.clusteraudiovisual.cat\/es\/?s={search_term_string}"},"query-input":{"@type":"PropertyValueSpecification","valueRequired":true,"valueName":"search_term_string"}}],"inLanguage":"es"},{"@type":"Person","@id":"https:\/\/www.clusteraudiovisual.cat\/es\/#\/schema\/person\/23e1e732da72779cfc4fd7842583d17d","name":"admin","sameAs":["https:\/\/www.clusteraudiovisual.cat"],"url":"https:\/\/www.clusteraudiovisual.cat\/es\/author\/admin\/"}]}},"_links":{"self":[{"href":"https:\/\/www.clusteraudiovisual.cat\/es\/wp-json\/wp\/v2\/posts\/5732","targetHints":{"allow":["GET"]}}],"collection":[{"href":"https:\/\/www.clusteraudiovisual.cat\/es\/wp-json\/wp\/v2\/posts"}],"about":[{"href":"https:\/\/www.clusteraudiovisual.cat\/es\/wp-json\/wp\/v2\/types\/post"}],"author":[{"embeddable":true,"href":"https:\/\/www.clusteraudiovisual.cat\/es\/wp-json\/wp\/v2\/users\/1"}],"replies":[{"embeddable":true,"href":"https:\/\/www.clusteraudiovisual.cat\/es\/wp-json\/wp\/v2\/comments?post=5732"}],"version-history":[{"count":0,"href":"https:\/\/www.clusteraudiovisual.cat\/es\/wp-json\/wp\/v2\/posts\/5732\/revisions"}],"wp:featuredmedia":[{"embeddable":true,"href":"https:\/\/www.clusteraudiovisual.cat\/es\/wp-json\/wp\/v2\/media\/4537"}],"wp:attachment":[{"href":"https:\/\/www.clusteraudiovisual.cat\/es\/wp-json\/wp\/v2\/media?parent=5732"}],"wp:term":[{"taxonomy":"category","embeddable":true,"href":"https:\/\/www.clusteraudiovisual.cat\/es\/wp-json\/wp\/v2\/categories?post=5732"},{"taxonomy":"post_tag","embeddable":true,"href":"https:\/\/www.clusteraudiovisual.cat\/es\/wp-json\/wp\/v2\/tags?post=5732"}],"curies":[{"name":"wp","href":"https:\/\/api.w.org\/{rel}","templated":true}]}}