{"id":5700,"date":"2017-02-21T11:11:55","date_gmt":"2017-02-21T11:11:55","guid":{"rendered":"https:\/\/www.clusteraudiovisual.cat\/conveni-amb-lajuntament-de-lhospitalet\/"},"modified":"2017-02-21T11:11:55","modified_gmt":"2017-02-21T11:11:55","slug":"conveni-amb-lajuntament-de-lhospitalet","status":"publish","type":"post","link":"https:\/\/www.clusteraudiovisual.cat\/es\/conveni-amb-lajuntament-de-lhospitalet\/","title":{"rendered":"Acuerdo con el ayuntamiento del Hospitalet"},"content":{"rendered":"<p>El\u00a0<a href=\"http:\/\/www.l-h.es\/\">Ayuntamiento del Hospitalet de Llobregat<\/a>\u00a0y el Cluster Audiovisual de Catalu\u00f1a han firmado un acuerdo de colaboraci\u00f3n con el objetivo de promover iniciativas relativas a la industria audiovisual en Hospitalet y especialmente en el Distrito Cultural que promueve este municipio.<\/p>\n<p>El convenio lo han firmado Francesc Belver, primer teniente de alcalde de Hospitalet, y Jordi Mendieta, presidente del Cl\u00faster.<\/p>\n<p><strong>El Distrito Cultural es un proyecto que quiere hacer de la cultura un elemento de transformaci\u00f3n<\/strong>; una apuesta por el crecimiento del Hospitalet, mediante la creaci\u00f3n de un espacio urbano de experimentaci\u00f3n y de innovaci\u00f3n en el que la cultura, las artes, el conocimiento y la creatividad ser\u00e1n los elementos promotores y protagonistas.<\/p>\n<p>El Distrito Cultural, como nueva \u00e1rea de industrias creativas, ocupar\u00e1 una zona geogr\u00e1fica central en la ciudad: veinticinco hect\u00e1reas delimitadas por los barrios de Santa Eulalia y de San Jos\u00e9, con la calle de Cobalto como eje central. El nuevo Distrito estar\u00e1 rodeado por importantes equipamientos culturales p\u00fablicos y privados, como el Centro Cultural Metropolitano Tecla Sala, la sala Salamandra, el edificio Freixas y la Escuela Municipal de M\u00fasica &#8211; Centro de las Artes, entre otros.<\/p>\n","protected":false},"excerpt":{"rendered":"<p>El Ayuntamiento del Hospitalet de Llobregat y el Cluster han firmado un acuerdo de colaboraci\u00f3n con el objetivo de promover iniciativas relativas a la industria audiovisual<\/p>\n","protected":false},"author":1,"featured_media":4467,"comment_status":"open","ping_status":"open","sticky":false,"template":"","format":"standard","meta":{"_acf_changed":false,"footnotes":""},"categories":[21],"tags":[],"class_list":["post-5700","post","type-post","status-publish","format-standard","has-post-thumbnail","hentry","category-actualidad"],"acf":[],"yoast_head":"<!-- This site is optimized with the Yoast SEO plugin v27.0 - https:\/\/yoast.com\/product\/yoast-seo-wordpress\/ -->\n<title>Acuerdo con el ayuntamiento del Hospitalet - Cl\u00faster Audiovisual<\/title>\n<meta name=\"robots\" content=\"index, follow, max-snippet:-1, max-image-preview:large, max-video-preview:-1\" \/>\n<link rel=\"canonical\" href=\"https:\/\/www.clusteraudiovisual.cat\/es\/conveni-amb-lajuntament-de-lhospitalet\/\" \/>\n<meta property=\"og:locale\" content=\"es_ES\" \/>\n<meta property=\"og:type\" content=\"article\" \/>\n<meta property=\"og:title\" content=\"Acuerdo con el ayuntamiento del Hospitalet - Cl\u00faster Audiovisual\" \/>\n<meta property=\"og:description\" content=\"El Ayuntamiento del Hospitalet de Llobregat y el Cluster han firmado un acuerdo de colaboraci\u00f3n con el objetivo de promover iniciativas relativas a la industria audiovisual\" \/>\n<meta property=\"og:url\" content=\"https:\/\/www.clusteraudiovisual.cat\/es\/conveni-amb-lajuntament-de-lhospitalet\/\" \/>\n<meta property=\"og:site_name\" content=\"Cl\u00faster Audiovisual\" \/>\n<meta property=\"article:published_time\" content=\"2017-02-21T11:11:55+00:00\" \/>\n<meta property=\"og:image\" content=\"https:\/\/www.clusteraudiovisual.cat\/wp-content\/uploads\/2021\/02\/Conveni-amb-Hospi-01-e1487763782267.jpg\" \/>\n\t<meta property=\"og:image:width\" content=\"1169\" \/>\n\t<meta property=\"og:image:height\" content=\"380\" \/>\n\t<meta property=\"og:image:type\" content=\"image\/jpeg\" \/>\n<meta name=\"author\" content=\"admin\" \/>\n<meta name=\"twitter:card\" content=\"summary_large_image\" \/>\n<meta name=\"twitter:label1\" content=\"Escrito por\" \/>\n\t<meta name=\"twitter:data1\" content=\"admin\" \/>\n\t<meta name=\"twitter:label2\" content=\"Tiempo de lectura\" \/>\n\t<meta name=\"twitter:data2\" content=\"1 minuto\" \/>\n<script type=\"application\/ld+json\" class=\"yoast-schema-graph\">{\"@context\":\"https:\/\/schema.org\",\"@graph\":[{\"@type\":\"Article\",\"@id\":\"https:\/\/www.clusteraudiovisual.cat\/es\/conveni-amb-lajuntament-de-lhospitalet\/#article\",\"isPartOf\":{\"@id\":\"https:\/\/www.clusteraudiovisual.cat\/es\/conveni-amb-lajuntament-de-lhospitalet\/\"},\"author\":{\"name\":\"admin\",\"@id\":\"https:\/\/www.clusteraudiovisual.cat\/es\/#\/schema\/person\/23e1e732da72779cfc4fd7842583d17d\"},\"headline\":\"Acuerdo con el ayuntamiento del Hospitalet\",\"datePublished\":\"2017-02-21T11:11:55+00:00\",\"mainEntityOfPage\":{\"@id\":\"https:\/\/www.clusteraudiovisual.cat\/es\/conveni-amb-lajuntament-de-lhospitalet\/\"},\"wordCount\":207,\"commentCount\":0,\"image\":{\"@id\":\"https:\/\/www.clusteraudiovisual.cat\/es\/conveni-amb-lajuntament-de-lhospitalet\/#primaryimage\"},\"thumbnailUrl\":\"https:\/\/www.clusteraudiovisual.cat\/wp-content\/uploads\/2021\/02\/Conveni-amb-Hospi-01-e1487763782267.jpg\",\"articleSection\":[\"Actualidad\"],\"inLanguage\":\"es\",\"potentialAction\":[{\"@type\":\"CommentAction\",\"name\":\"Comment\",\"target\":[\"https:\/\/www.clusteraudiovisual.cat\/es\/conveni-amb-lajuntament-de-lhospitalet\/#respond\"]}]},{\"@type\":\"WebPage\",\"@id\":\"https:\/\/www.clusteraudiovisual.cat\/es\/conveni-amb-lajuntament-de-lhospitalet\/\",\"url\":\"https:\/\/www.clusteraudiovisual.cat\/es\/conveni-amb-lajuntament-de-lhospitalet\/\",\"name\":\"Acuerdo con el ayuntamiento del Hospitalet - Cl\u00faster Audiovisual\",\"isPartOf\":{\"@id\":\"https:\/\/www.clusteraudiovisual.cat\/es\/#website\"},\"primaryImageOfPage\":{\"@id\":\"https:\/\/www.clusteraudiovisual.cat\/es\/conveni-amb-lajuntament-de-lhospitalet\/#primaryimage\"},\"image\":{\"@id\":\"https:\/\/www.clusteraudiovisual.cat\/es\/conveni-amb-lajuntament-de-lhospitalet\/#primaryimage\"},\"thumbnailUrl\":\"https:\/\/www.clusteraudiovisual.cat\/wp-content\/uploads\/2021\/02\/Conveni-amb-Hospi-01-e1487763782267.jpg\",\"datePublished\":\"2017-02-21T11:11:55+00:00\",\"author\":{\"@id\":\"https:\/\/www.clusteraudiovisual.cat\/es\/#\/schema\/person\/23e1e732da72779cfc4fd7842583d17d\"},\"inLanguage\":\"es\",\"potentialAction\":[{\"@type\":\"ReadAction\",\"target\":[\"https:\/\/www.clusteraudiovisual.cat\/es\/conveni-amb-lajuntament-de-lhospitalet\/\"]}]},{\"@type\":\"ImageObject\",\"inLanguage\":\"es\",\"@id\":\"https:\/\/www.clusteraudiovisual.cat\/es\/conveni-amb-lajuntament-de-lhospitalet\/#primaryimage\",\"url\":\"https:\/\/www.clusteraudiovisual.cat\/wp-content\/uploads\/2021\/02\/Conveni-amb-Hospi-01-e1487763782267.jpg\",\"contentUrl\":\"https:\/\/www.clusteraudiovisual.cat\/wp-content\/uploads\/2021\/02\/Conveni-amb-Hospi-01-e1487763782267.jpg\",\"width\":1169,\"height\":380},{\"@type\":\"WebSite\",\"@id\":\"https:\/\/www.clusteraudiovisual.cat\/es\/#website\",\"url\":\"https:\/\/www.clusteraudiovisual.cat\/es\/\",\"name\":\"Cl\u00faster Audiovisual\",\"description\":\"Associaci\u00f3 d&#039;empreses que integren el sector audiovisual.\",\"potentialAction\":[{\"@type\":\"SearchAction\",\"target\":{\"@type\":\"EntryPoint\",\"urlTemplate\":\"https:\/\/www.clusteraudiovisual.cat\/es\/?s={search_term_string}\"},\"query-input\":{\"@type\":\"PropertyValueSpecification\",\"valueRequired\":true,\"valueName\":\"search_term_string\"}}],\"inLanguage\":\"es\"},{\"@type\":\"Person\",\"@id\":\"https:\/\/www.clusteraudiovisual.cat\/es\/#\/schema\/person\/23e1e732da72779cfc4fd7842583d17d\",\"name\":\"admin\",\"sameAs\":[\"https:\/\/www.clusteraudiovisual.cat\"],\"url\":\"https:\/\/www.clusteraudiovisual.cat\/es\/author\/admin\/\"}]}<\/script>\n<!-- \/ Yoast SEO plugin. -->","yoast_head_json":{"title":"Acuerdo con el ayuntamiento del Hospitalet - Cl\u00faster Audiovisual","robots":{"index":"index","follow":"follow","max-snippet":"max-snippet:-1","max-image-preview":"max-image-preview:large","max-video-preview":"max-video-preview:-1"},"canonical":"https:\/\/www.clusteraudiovisual.cat\/es\/conveni-amb-lajuntament-de-lhospitalet\/","og_locale":"es_ES","og_type":"article","og_title":"Acuerdo con el ayuntamiento del Hospitalet - Cl\u00faster Audiovisual","og_description":"El Ayuntamiento del Hospitalet de Llobregat y el Cluster han firmado un acuerdo de colaboraci\u00f3n con el objetivo de promover iniciativas relativas a la industria audiovisual","og_url":"https:\/\/www.clusteraudiovisual.cat\/es\/conveni-amb-lajuntament-de-lhospitalet\/","og_site_name":"Cl\u00faster Audiovisual","article_published_time":"2017-02-21T11:11:55+00:00","og_image":[{"width":1169,"height":380,"url":"https:\/\/www.clusteraudiovisual.cat\/wp-content\/uploads\/2021\/02\/Conveni-amb-Hospi-01-e1487763782267.jpg","type":"image\/jpeg"}],"author":"admin","twitter_card":"summary_large_image","twitter_misc":{"Escrito por":"admin","Tiempo de lectura":"1 minuto"},"schema":{"@context":"https:\/\/schema.org","@graph":[{"@type":"Article","@id":"https:\/\/www.clusteraudiovisual.cat\/es\/conveni-amb-lajuntament-de-lhospitalet\/#article","isPartOf":{"@id":"https:\/\/www.clusteraudiovisual.cat\/es\/conveni-amb-lajuntament-de-lhospitalet\/"},"author":{"name":"admin","@id":"https:\/\/www.clusteraudiovisual.cat\/es\/#\/schema\/person\/23e1e732da72779cfc4fd7842583d17d"},"headline":"Acuerdo con el ayuntamiento del Hospitalet","datePublished":"2017-02-21T11:11:55+00:00","mainEntityOfPage":{"@id":"https:\/\/www.clusteraudiovisual.cat\/es\/conveni-amb-lajuntament-de-lhospitalet\/"},"wordCount":207,"commentCount":0,"image":{"@id":"https:\/\/www.clusteraudiovisual.cat\/es\/conveni-amb-lajuntament-de-lhospitalet\/#primaryimage"},"thumbnailUrl":"https:\/\/www.clusteraudiovisual.cat\/wp-content\/uploads\/2021\/02\/Conveni-amb-Hospi-01-e1487763782267.jpg","articleSection":["Actualidad"],"inLanguage":"es","potentialAction":[{"@type":"CommentAction","name":"Comment","target":["https:\/\/www.clusteraudiovisual.cat\/es\/conveni-amb-lajuntament-de-lhospitalet\/#respond"]}]},{"@type":"WebPage","@id":"https:\/\/www.clusteraudiovisual.cat\/es\/conveni-amb-lajuntament-de-lhospitalet\/","url":"https:\/\/www.clusteraudiovisual.cat\/es\/conveni-amb-lajuntament-de-lhospitalet\/","name":"Acuerdo con el ayuntamiento del Hospitalet - Cl\u00faster Audiovisual","isPartOf":{"@id":"https:\/\/www.clusteraudiovisual.cat\/es\/#website"},"primaryImageOfPage":{"@id":"https:\/\/www.clusteraudiovisual.cat\/es\/conveni-amb-lajuntament-de-lhospitalet\/#primaryimage"},"image":{"@id":"https:\/\/www.clusteraudiovisual.cat\/es\/conveni-amb-lajuntament-de-lhospitalet\/#primaryimage"},"thumbnailUrl":"https:\/\/www.clusteraudiovisual.cat\/wp-content\/uploads\/2021\/02\/Conveni-amb-Hospi-01-e1487763782267.jpg","datePublished":"2017-02-21T11:11:55+00:00","author":{"@id":"https:\/\/www.clusteraudiovisual.cat\/es\/#\/schema\/person\/23e1e732da72779cfc4fd7842583d17d"},"inLanguage":"es","potentialAction":[{"@type":"ReadAction","target":["https:\/\/www.clusteraudiovisual.cat\/es\/conveni-amb-lajuntament-de-lhospitalet\/"]}]},{"@type":"ImageObject","inLanguage":"es","@id":"https:\/\/www.clusteraudiovisual.cat\/es\/conveni-amb-lajuntament-de-lhospitalet\/#primaryimage","url":"https:\/\/www.clusteraudiovisual.cat\/wp-content\/uploads\/2021\/02\/Conveni-amb-Hospi-01-e1487763782267.jpg","contentUrl":"https:\/\/www.clusteraudiovisual.cat\/wp-content\/uploads\/2021\/02\/Conveni-amb-Hospi-01-e1487763782267.jpg","width":1169,"height":380},{"@type":"WebSite","@id":"https:\/\/www.clusteraudiovisual.cat\/es\/#website","url":"https:\/\/www.clusteraudiovisual.cat\/es\/","name":"Cl\u00faster Audiovisual","description":"Associaci\u00f3 d&#039;empreses que integren el sector audiovisual.","potentialAction":[{"@type":"SearchAction","target":{"@type":"EntryPoint","urlTemplate":"https:\/\/www.clusteraudiovisual.cat\/es\/?s={search_term_string}"},"query-input":{"@type":"PropertyValueSpecification","valueRequired":true,"valueName":"search_term_string"}}],"inLanguage":"es"},{"@type":"Person","@id":"https:\/\/www.clusteraudiovisual.cat\/es\/#\/schema\/person\/23e1e732da72779cfc4fd7842583d17d","name":"admin","sameAs":["https:\/\/www.clusteraudiovisual.cat"],"url":"https:\/\/www.clusteraudiovisual.cat\/es\/author\/admin\/"}]}},"_links":{"self":[{"href":"https:\/\/www.clusteraudiovisual.cat\/es\/wp-json\/wp\/v2\/posts\/5700","targetHints":{"allow":["GET"]}}],"collection":[{"href":"https:\/\/www.clusteraudiovisual.cat\/es\/wp-json\/wp\/v2\/posts"}],"about":[{"href":"https:\/\/www.clusteraudiovisual.cat\/es\/wp-json\/wp\/v2\/types\/post"}],"author":[{"embeddable":true,"href":"https:\/\/www.clusteraudiovisual.cat\/es\/wp-json\/wp\/v2\/users\/1"}],"replies":[{"embeddable":true,"href":"https:\/\/www.clusteraudiovisual.cat\/es\/wp-json\/wp\/v2\/comments?post=5700"}],"version-history":[{"count":0,"href":"https:\/\/www.clusteraudiovisual.cat\/es\/wp-json\/wp\/v2\/posts\/5700\/revisions"}],"wp:featuredmedia":[{"embeddable":true,"href":"https:\/\/www.clusteraudiovisual.cat\/es\/wp-json\/wp\/v2\/media\/4467"}],"wp:attachment":[{"href":"https:\/\/www.clusteraudiovisual.cat\/es\/wp-json\/wp\/v2\/media?parent=5700"}],"wp:term":[{"taxonomy":"category","embeddable":true,"href":"https:\/\/www.clusteraudiovisual.cat\/es\/wp-json\/wp\/v2\/categories?post=5700"},{"taxonomy":"post_tag","embeddable":true,"href":"https:\/\/www.clusteraudiovisual.cat\/es\/wp-json\/wp\/v2\/tags?post=5700"}],"curies":[{"name":"wp","href":"https:\/\/api.w.org\/{rel}","templated":true}]}}