{"id":5684,"date":"2016-12-16T09:19:06","date_gmt":"2016-12-16T09:19:06","guid":{"rendered":"https:\/\/www.clusteraudiovisual.cat\/jordi-mendieta-nou-president-del-cluster\/"},"modified":"2016-12-16T09:19:06","modified_gmt":"2016-12-16T09:19:06","slug":"jordi-mendieta-nou-president-del-cluster","status":"publish","type":"post","link":"https:\/\/www.clusteraudiovisual.cat\/es\/jordi-mendieta-nou-president-del-cluster\/","title":{"rendered":"Jordi Mendieta, nuevo presidente del Cluster"},"content":{"rendered":"<p><strong>Jordi Mendieta ha sido nombrado nuevo presidente del Cluster Audiovisual de Catalunya en substituci\u00f3n de Xavier Guitart, que ha ostentando el cargo desde julio de 2013,<\/strong> fecha de inicio de las actividades del Cluster.<\/p>\n<p><strong>Jordi Mendieta es socio director de la productora de cine y televisi\u00f3n\u00a0<a href=\"http:\/\/dreamteamconcept.com\/\">Dream Team Concept<\/a>,<\/strong>\u00a0creada en 2006.\u00a0Anteriormente trabaj\u00f3 en el sector de la publicidad en el \u00e1mbito de la producci\u00f3n y la gesti\u00f3n de cuentas. Es miembro fundador del Cluster Audiovisual \u00a0y durante el a\u00f1o 2016 ha sido su tesorero. <strong>Noem\u00ed Cun\u00ed, directora general del\u00a0<a href=\"http:\/\/grupbroadcaster.com\/\">Grupo Broadcaster<\/a>,<\/strong>\u00a0se har\u00e1 cargo de la tesorer\u00eda \u00a0del Cluster, en substituci\u00f3n del nuevo presidente.<\/p>\n<p>Los nombramientos han sido aprobados por unanimidad de la junta directiva y los ha ratificado la asamblea de socios \u00a0de la entidad que se celebr\u00f3 ayer en Barcelona.<\/p>\n","protected":false},"excerpt":{"rendered":"<p>Jordi Mendieta substituye Xavier Guitart, que ha ostentando el cargo desde julio de 2013<\/p>\n","protected":false},"author":1,"featured_media":4443,"comment_status":"open","ping_status":"open","sticky":false,"template":"","format":"standard","meta":{"_acf_changed":false,"footnotes":""},"categories":[21],"tags":[],"class_list":["post-5684","post","type-post","status-publish","format-standard","has-post-thumbnail","hentry","category-actualidad"],"acf":[],"yoast_head":"<!-- This site is optimized with the Yoast SEO plugin v27.0 - https:\/\/yoast.com\/product\/yoast-seo-wordpress\/ -->\n<title>Jordi Mendieta, nuevo presidente del Cluster - Cl\u00faster Audiovisual<\/title>\n<meta name=\"robots\" content=\"index, follow, max-snippet:-1, max-image-preview:large, max-video-preview:-1\" \/>\n<link rel=\"canonical\" href=\"https:\/\/www.clusteraudiovisual.cat\/es\/jordi-mendieta-nou-president-del-cluster\/\" \/>\n<meta property=\"og:locale\" content=\"es_ES\" \/>\n<meta property=\"og:type\" content=\"article\" \/>\n<meta property=\"og:title\" content=\"Jordi Mendieta, nuevo presidente del Cluster - Cl\u00faster Audiovisual\" \/>\n<meta property=\"og:description\" content=\"Jordi Mendieta substituye Xavier Guitart, que ha ostentando el cargo desde julio de 2013\" \/>\n<meta property=\"og:url\" content=\"https:\/\/www.clusteraudiovisual.cat\/es\/jordi-mendieta-nou-president-del-cluster\/\" \/>\n<meta property=\"og:site_name\" content=\"Cl\u00faster Audiovisual\" \/>\n<meta property=\"article:published_time\" content=\"2016-12-16T09:19:06+00:00\" \/>\n<meta property=\"og:image\" content=\"https:\/\/www.clusteraudiovisual.cat\/wp-content\/uploads\/2021\/02\/Jordi-Mendieta-e1481879858292.png\" \/>\n\t<meta property=\"og:image:width\" content=\"629\" \/>\n\t<meta property=\"og:image:height\" content=\"380\" \/>\n\t<meta property=\"og:image:type\" content=\"image\/png\" \/>\n<meta name=\"author\" content=\"admin\" \/>\n<meta name=\"twitter:card\" content=\"summary_large_image\" \/>\n<meta name=\"twitter:label1\" content=\"Escrito por\" \/>\n\t<meta name=\"twitter:data1\" content=\"admin\" \/>\n\t<meta name=\"twitter:label2\" content=\"Tiempo de lectura\" \/>\n\t<meta name=\"twitter:data2\" content=\"1 minuto\" \/>\n<script type=\"application\/ld+json\" class=\"yoast-schema-graph\">{\"@context\":\"https:\/\/schema.org\",\"@graph\":[{\"@type\":\"Article\",\"@id\":\"https:\/\/www.clusteraudiovisual.cat\/es\/jordi-mendieta-nou-president-del-cluster\/#article\",\"isPartOf\":{\"@id\":\"https:\/\/www.clusteraudiovisual.cat\/es\/jordi-mendieta-nou-president-del-cluster\/\"},\"author\":{\"name\":\"admin\",\"@id\":\"https:\/\/www.clusteraudiovisual.cat\/es\/#\/schema\/person\/23e1e732da72779cfc4fd7842583d17d\"},\"headline\":\"Jordi Mendieta, nuevo presidente del Cluster\",\"datePublished\":\"2016-12-16T09:19:06+00:00\",\"mainEntityOfPage\":{\"@id\":\"https:\/\/www.clusteraudiovisual.cat\/es\/jordi-mendieta-nou-president-del-cluster\/\"},\"wordCount\":144,\"commentCount\":0,\"image\":{\"@id\":\"https:\/\/www.clusteraudiovisual.cat\/es\/jordi-mendieta-nou-president-del-cluster\/#primaryimage\"},\"thumbnailUrl\":\"https:\/\/www.clusteraudiovisual.cat\/wp-content\/uploads\/2021\/02\/Jordi-Mendieta-e1481879858292.png\",\"articleSection\":[\"Actualidad\"],\"inLanguage\":\"es\",\"potentialAction\":[{\"@type\":\"CommentAction\",\"name\":\"Comment\",\"target\":[\"https:\/\/www.clusteraudiovisual.cat\/es\/jordi-mendieta-nou-president-del-cluster\/#respond\"]}]},{\"@type\":\"WebPage\",\"@id\":\"https:\/\/www.clusteraudiovisual.cat\/es\/jordi-mendieta-nou-president-del-cluster\/\",\"url\":\"https:\/\/www.clusteraudiovisual.cat\/es\/jordi-mendieta-nou-president-del-cluster\/\",\"name\":\"Jordi Mendieta, nuevo presidente del Cluster - Cl\u00faster Audiovisual\",\"isPartOf\":{\"@id\":\"https:\/\/www.clusteraudiovisual.cat\/es\/#website\"},\"primaryImageOfPage\":{\"@id\":\"https:\/\/www.clusteraudiovisual.cat\/es\/jordi-mendieta-nou-president-del-cluster\/#primaryimage\"},\"image\":{\"@id\":\"https:\/\/www.clusteraudiovisual.cat\/es\/jordi-mendieta-nou-president-del-cluster\/#primaryimage\"},\"thumbnailUrl\":\"https:\/\/www.clusteraudiovisual.cat\/wp-content\/uploads\/2021\/02\/Jordi-Mendieta-e1481879858292.png\",\"datePublished\":\"2016-12-16T09:19:06+00:00\",\"author\":{\"@id\":\"https:\/\/www.clusteraudiovisual.cat\/es\/#\/schema\/person\/23e1e732da72779cfc4fd7842583d17d\"},\"inLanguage\":\"es\",\"potentialAction\":[{\"@type\":\"ReadAction\",\"target\":[\"https:\/\/www.clusteraudiovisual.cat\/es\/jordi-mendieta-nou-president-del-cluster\/\"]}]},{\"@type\":\"ImageObject\",\"inLanguage\":\"es\",\"@id\":\"https:\/\/www.clusteraudiovisual.cat\/es\/jordi-mendieta-nou-president-del-cluster\/#primaryimage\",\"url\":\"https:\/\/www.clusteraudiovisual.cat\/wp-content\/uploads\/2021\/02\/Jordi-Mendieta-e1481879858292.png\",\"contentUrl\":\"https:\/\/www.clusteraudiovisual.cat\/wp-content\/uploads\/2021\/02\/Jordi-Mendieta-e1481879858292.png\",\"width\":629,\"height\":380},{\"@type\":\"WebSite\",\"@id\":\"https:\/\/www.clusteraudiovisual.cat\/es\/#website\",\"url\":\"https:\/\/www.clusteraudiovisual.cat\/es\/\",\"name\":\"Cl\u00faster Audiovisual\",\"description\":\"Associaci\u00f3 d&#039;empreses que integren el sector audiovisual.\",\"potentialAction\":[{\"@type\":\"SearchAction\",\"target\":{\"@type\":\"EntryPoint\",\"urlTemplate\":\"https:\/\/www.clusteraudiovisual.cat\/es\/?s={search_term_string}\"},\"query-input\":{\"@type\":\"PropertyValueSpecification\",\"valueRequired\":true,\"valueName\":\"search_term_string\"}}],\"inLanguage\":\"es\"},{\"@type\":\"Person\",\"@id\":\"https:\/\/www.clusteraudiovisual.cat\/es\/#\/schema\/person\/23e1e732da72779cfc4fd7842583d17d\",\"name\":\"admin\",\"sameAs\":[\"https:\/\/www.clusteraudiovisual.cat\"],\"url\":\"https:\/\/www.clusteraudiovisual.cat\/es\/author\/admin\/\"}]}<\/script>\n<!-- \/ Yoast SEO plugin. -->","yoast_head_json":{"title":"Jordi Mendieta, nuevo presidente del Cluster - Cl\u00faster Audiovisual","robots":{"index":"index","follow":"follow","max-snippet":"max-snippet:-1","max-image-preview":"max-image-preview:large","max-video-preview":"max-video-preview:-1"},"canonical":"https:\/\/www.clusteraudiovisual.cat\/es\/jordi-mendieta-nou-president-del-cluster\/","og_locale":"es_ES","og_type":"article","og_title":"Jordi Mendieta, nuevo presidente del Cluster - Cl\u00faster Audiovisual","og_description":"Jordi Mendieta substituye Xavier Guitart, que ha ostentando el cargo desde julio de 2013","og_url":"https:\/\/www.clusteraudiovisual.cat\/es\/jordi-mendieta-nou-president-del-cluster\/","og_site_name":"Cl\u00faster Audiovisual","article_published_time":"2016-12-16T09:19:06+00:00","og_image":[{"width":629,"height":380,"url":"https:\/\/www.clusteraudiovisual.cat\/wp-content\/uploads\/2021\/02\/Jordi-Mendieta-e1481879858292.png","type":"image\/png"}],"author":"admin","twitter_card":"summary_large_image","twitter_misc":{"Escrito por":"admin","Tiempo de lectura":"1 minuto"},"schema":{"@context":"https:\/\/schema.org","@graph":[{"@type":"Article","@id":"https:\/\/www.clusteraudiovisual.cat\/es\/jordi-mendieta-nou-president-del-cluster\/#article","isPartOf":{"@id":"https:\/\/www.clusteraudiovisual.cat\/es\/jordi-mendieta-nou-president-del-cluster\/"},"author":{"name":"admin","@id":"https:\/\/www.clusteraudiovisual.cat\/es\/#\/schema\/person\/23e1e732da72779cfc4fd7842583d17d"},"headline":"Jordi Mendieta, nuevo presidente del Cluster","datePublished":"2016-12-16T09:19:06+00:00","mainEntityOfPage":{"@id":"https:\/\/www.clusteraudiovisual.cat\/es\/jordi-mendieta-nou-president-del-cluster\/"},"wordCount":144,"commentCount":0,"image":{"@id":"https:\/\/www.clusteraudiovisual.cat\/es\/jordi-mendieta-nou-president-del-cluster\/#primaryimage"},"thumbnailUrl":"https:\/\/www.clusteraudiovisual.cat\/wp-content\/uploads\/2021\/02\/Jordi-Mendieta-e1481879858292.png","articleSection":["Actualidad"],"inLanguage":"es","potentialAction":[{"@type":"CommentAction","name":"Comment","target":["https:\/\/www.clusteraudiovisual.cat\/es\/jordi-mendieta-nou-president-del-cluster\/#respond"]}]},{"@type":"WebPage","@id":"https:\/\/www.clusteraudiovisual.cat\/es\/jordi-mendieta-nou-president-del-cluster\/","url":"https:\/\/www.clusteraudiovisual.cat\/es\/jordi-mendieta-nou-president-del-cluster\/","name":"Jordi Mendieta, nuevo presidente del Cluster - Cl\u00faster Audiovisual","isPartOf":{"@id":"https:\/\/www.clusteraudiovisual.cat\/es\/#website"},"primaryImageOfPage":{"@id":"https:\/\/www.clusteraudiovisual.cat\/es\/jordi-mendieta-nou-president-del-cluster\/#primaryimage"},"image":{"@id":"https:\/\/www.clusteraudiovisual.cat\/es\/jordi-mendieta-nou-president-del-cluster\/#primaryimage"},"thumbnailUrl":"https:\/\/www.clusteraudiovisual.cat\/wp-content\/uploads\/2021\/02\/Jordi-Mendieta-e1481879858292.png","datePublished":"2016-12-16T09:19:06+00:00","author":{"@id":"https:\/\/www.clusteraudiovisual.cat\/es\/#\/schema\/person\/23e1e732da72779cfc4fd7842583d17d"},"inLanguage":"es","potentialAction":[{"@type":"ReadAction","target":["https:\/\/www.clusteraudiovisual.cat\/es\/jordi-mendieta-nou-president-del-cluster\/"]}]},{"@type":"ImageObject","inLanguage":"es","@id":"https:\/\/www.clusteraudiovisual.cat\/es\/jordi-mendieta-nou-president-del-cluster\/#primaryimage","url":"https:\/\/www.clusteraudiovisual.cat\/wp-content\/uploads\/2021\/02\/Jordi-Mendieta-e1481879858292.png","contentUrl":"https:\/\/www.clusteraudiovisual.cat\/wp-content\/uploads\/2021\/02\/Jordi-Mendieta-e1481879858292.png","width":629,"height":380},{"@type":"WebSite","@id":"https:\/\/www.clusteraudiovisual.cat\/es\/#website","url":"https:\/\/www.clusteraudiovisual.cat\/es\/","name":"Cl\u00faster Audiovisual","description":"Associaci\u00f3 d&#039;empreses que integren el sector audiovisual.","potentialAction":[{"@type":"SearchAction","target":{"@type":"EntryPoint","urlTemplate":"https:\/\/www.clusteraudiovisual.cat\/es\/?s={search_term_string}"},"query-input":{"@type":"PropertyValueSpecification","valueRequired":true,"valueName":"search_term_string"}}],"inLanguage":"es"},{"@type":"Person","@id":"https:\/\/www.clusteraudiovisual.cat\/es\/#\/schema\/person\/23e1e732da72779cfc4fd7842583d17d","name":"admin","sameAs":["https:\/\/www.clusteraudiovisual.cat"],"url":"https:\/\/www.clusteraudiovisual.cat\/es\/author\/admin\/"}]}},"_links":{"self":[{"href":"https:\/\/www.clusteraudiovisual.cat\/es\/wp-json\/wp\/v2\/posts\/5684","targetHints":{"allow":["GET"]}}],"collection":[{"href":"https:\/\/www.clusteraudiovisual.cat\/es\/wp-json\/wp\/v2\/posts"}],"about":[{"href":"https:\/\/www.clusteraudiovisual.cat\/es\/wp-json\/wp\/v2\/types\/post"}],"author":[{"embeddable":true,"href":"https:\/\/www.clusteraudiovisual.cat\/es\/wp-json\/wp\/v2\/users\/1"}],"replies":[{"embeddable":true,"href":"https:\/\/www.clusteraudiovisual.cat\/es\/wp-json\/wp\/v2\/comments?post=5684"}],"version-history":[{"count":0,"href":"https:\/\/www.clusteraudiovisual.cat\/es\/wp-json\/wp\/v2\/posts\/5684\/revisions"}],"wp:featuredmedia":[{"embeddable":true,"href":"https:\/\/www.clusteraudiovisual.cat\/es\/wp-json\/wp\/v2\/media\/4443"}],"wp:attachment":[{"href":"https:\/\/www.clusteraudiovisual.cat\/es\/wp-json\/wp\/v2\/media?parent=5684"}],"wp:term":[{"taxonomy":"category","embeddable":true,"href":"https:\/\/www.clusteraudiovisual.cat\/es\/wp-json\/wp\/v2\/categories?post=5684"},{"taxonomy":"post_tag","embeddable":true,"href":"https:\/\/www.clusteraudiovisual.cat\/es\/wp-json\/wp\/v2\/tags?post=5684"}],"curies":[{"name":"wp","href":"https:\/\/api.w.org\/{rel}","templated":true}]}}