{"id":5664,"date":"2016-10-20T10:41:55","date_gmt":"2016-10-20T10:41:55","guid":{"rendered":"https:\/\/www.clusteraudiovisual.cat\/laudiovisual-no-es-un-sector-de-risc\/"},"modified":"2016-10-20T10:41:55","modified_gmt":"2016-10-20T10:41:55","slug":"laudiovisual-no-es-un-sector-de-risc","status":"publish","type":"post","link":"https:\/\/www.clusteraudiovisual.cat\/es\/laudiovisual-no-es-un-sector-de-risc\/","title":{"rendered":"\u00abEl audiovisual no es un sector de riesgo\u00bb"},"content":{"rendered":"<p>\u00abEl audiovisual no es un sector de riesgo. Hace tiempo que lo vemos\u00bb, ha sido una de las frases estrella de la sesi\u00f3n<em> V\u00edas de financiaci\u00f3n y gesti\u00f3n empresarial<\/em> celebrada en la sede de Fomento del Trabajo. Organizada por el Cl\u00faster, se inscribe dentro de una nueva l\u00ednea de actividades exclusivas para socios destinadas a informar sobre las \u00faltimas novedades en el \u00e1mbito legal y de la financiaci\u00f3n, que afectan a la gesti\u00f3n de las empresas.<\/p>\n<p>La frase la ha pronunciado, durante su intervenci\u00f3n, el representante de\u00a0<a href=\" https:\/\/www.triodos.com\/en\/about-triodos-bank\/\">Triodos Bank<\/a>,\u00a0<strong>uno de los pocos bancos que sostiene v\u00edas espec\u00edficas de financiaci\u00f3n para el sector audiovisual, especialmente en el \u00e1mbito de la producci\u00f3n, la distribuci\u00f3n y la exhibici\u00f3n.<\/strong> Actualmente llega a los cerca de trescientos proyectos audiovisuales financiados s\u00f3lo en Catalu\u00f1a. \u00abLa concepci\u00f3n tradicional de que el audiovisual es un sector insolvente a\u00fan est\u00e1 muy extendida. En Triodos Bank defendemos lo contrario. Eso s\u00ed, se tiene que conocer bien el sector. Conocemos proyectos que han fracasado, no porque no fueran buenos, ni viables, sino porque estaban mal financiados. \u00bb<\/p>\n<p>Al margen de los bancos tradicionales, en los \u00faltimos a\u00f1os han ido apareciendo herramientas alternativas de financiaci\u00f3n. Es el caso de <a href=\"https:\/\/novicap.com\/en\/\">Novicap<\/a>, una empresa <em>fintech<\/em>,\u00a0reciente pero bien implantada, especializada en la financiaci\u00f3n del circulante de las empresas y que da servicio exclusivamente por Internet. \u00abDesgraciadamente, Espa\u00f1a es uno de los pa\u00edses europeos donde m\u00e1s se alargan los per\u00edodos de pago. Por eso creamos esta herramienta. B\u00e1sicamente, lo que hacemos es anticipar el cobro de las facturas de forma muy \u00e1gil, tan s\u00f3lo subi\u00e9ndolas en Internet.<strong> As\u00ed, el objetivo final es ofrecer una respuesta muy r\u00e1pida a las tensiones de caja que se derivan de los pagos a sesenta, noventa o incluso ciento veinte d\u00edas. Cosa que no suelen hacer los bancos tradicionales, en su mayor\u00eda demasiado r\u00edgidos.\u00bb<\/strong><\/p>\n<p>Ha completado la sesi\u00f3n\u00a0<a href=\"http:\/\/www.rvabogados.com\/\">Riba-Vidal<\/a>,\u00a0bufete de abogados asociado al Cl\u00faster y especializado en la asistencia jur\u00eddica a empresarios y directivos. Sus letrados han seguido de cerca<strong> la \u00faltima reforma del c\u00f3digo penal, que consideran un \u00abtsunami absoluto\u00bb en cuanto a los efectos que tiene en las empresas.<\/strong> \u00abLa nueva ley obliga a las compa\u00f1\u00edas a implementar una pol\u00edtica de prevenci\u00f3n de delitos. A partir de ahora, en caso de delito, el responsable penal ya no es el individuo que lo ha cometido, sino la empresa en su globalidad. Esto puede representar un gran problema para gestores y directivos. Sobre todo porque a veces se incurre en delitos de forma inconsciente, por desconocimiento.\u00bb Riba-Vidal ha mencionado las principales medidas que las empresas deben implementar para adaptarse a la nueva reforma de ley.<\/p>\n","protected":false},"excerpt":{"rendered":"<p>Sesi\u00f3n &#8216;V\u00edas de financiaci\u00f3n y gesti\u00f3n empresarial&#8217;, organizada por el Cl\u00faster en la sede de Fomento del Trabajo, se inscribe dentro de una nueva l\u00ednea de actividades exclusivas para socios<\/p>\n","protected":false},"author":1,"featured_media":4376,"comment_status":"open","ping_status":"open","sticky":false,"template":"","format":"standard","meta":{"_acf_changed":false,"footnotes":""},"categories":[21],"tags":[],"class_list":["post-5664","post","type-post","status-publish","format-standard","has-post-thumbnail","hentry","category-actualidad"],"acf":[],"yoast_head":"<!-- This site is optimized with the Yoast SEO plugin v27.0 - https:\/\/yoast.com\/product\/yoast-seo-wordpress\/ -->\n<title>&quot;El audiovisual no es un sector de riesgo&quot; - Cl\u00faster Audiovisual<\/title>\n<meta name=\"robots\" content=\"index, follow, max-snippet:-1, max-image-preview:large, max-video-preview:-1\" \/>\n<link rel=\"canonical\" href=\"https:\/\/www.clusteraudiovisual.cat\/es\/laudiovisual-no-es-un-sector-de-risc\/\" \/>\n<meta property=\"og:locale\" content=\"es_ES\" \/>\n<meta property=\"og:type\" content=\"article\" \/>\n<meta property=\"og:title\" content=\"&quot;El audiovisual no es un sector de riesgo&quot; - Cl\u00faster Audiovisual\" \/>\n<meta property=\"og:description\" content=\"Sesi\u00f3n &#039;V\u00edas de financiaci\u00f3n y gesti\u00f3n empresarial&#039;, organizada por el Cl\u00faster en la sede de Fomento del Trabajo, se inscribe dentro de una nueva l\u00ednea de actividades exclusivas para socios\" \/>\n<meta property=\"og:url\" content=\"https:\/\/www.clusteraudiovisual.cat\/es\/laudiovisual-no-es-un-sector-de-risc\/\" \/>\n<meta property=\"og:site_name\" content=\"Cl\u00faster Audiovisual\" \/>\n<meta property=\"article:published_time\" content=\"2016-10-20T10:41:55+00:00\" \/>\n<meta property=\"og:image\" content=\"https:\/\/www.clusteraudiovisual.cat\/wp-content\/uploads\/2021\/02\/gestio-empresarial-21-10-2016-01-e1477047031981.jpg\" \/>\n\t<meta property=\"og:image:width\" content=\"624\" \/>\n\t<meta property=\"og:image:height\" content=\"380\" \/>\n\t<meta property=\"og:image:type\" content=\"image\/jpeg\" \/>\n<meta name=\"author\" content=\"admin\" \/>\n<meta name=\"twitter:card\" content=\"summary_large_image\" \/>\n<meta name=\"twitter:label1\" content=\"Escrito por\" \/>\n\t<meta name=\"twitter:data1\" content=\"admin\" \/>\n\t<meta name=\"twitter:label2\" content=\"Tiempo de lectura\" \/>\n\t<meta name=\"twitter:data2\" content=\"2 minutos\" \/>\n<script type=\"application\/ld+json\" class=\"yoast-schema-graph\">{\"@context\":\"https:\/\/schema.org\",\"@graph\":[{\"@type\":\"Article\",\"@id\":\"https:\/\/www.clusteraudiovisual.cat\/es\/laudiovisual-no-es-un-sector-de-risc\/#article\",\"isPartOf\":{\"@id\":\"https:\/\/www.clusteraudiovisual.cat\/es\/laudiovisual-no-es-un-sector-de-risc\/\"},\"author\":{\"name\":\"admin\",\"@id\":\"https:\/\/www.clusteraudiovisual.cat\/es\/#\/schema\/person\/23e1e732da72779cfc4fd7842583d17d\"},\"headline\":\"\u00abEl audiovisual no es un sector de riesgo\u00bb\",\"datePublished\":\"2016-10-20T10:41:55+00:00\",\"mainEntityOfPage\":{\"@id\":\"https:\/\/www.clusteraudiovisual.cat\/es\/laudiovisual-no-es-un-sector-de-risc\/\"},\"wordCount\":484,\"commentCount\":0,\"image\":{\"@id\":\"https:\/\/www.clusteraudiovisual.cat\/es\/laudiovisual-no-es-un-sector-de-risc\/#primaryimage\"},\"thumbnailUrl\":\"https:\/\/www.clusteraudiovisual.cat\/wp-content\/uploads\/2021\/02\/gestio-empresarial-21-10-2016-01-e1477047031981.jpg\",\"articleSection\":[\"Actualidad\"],\"inLanguage\":\"es\",\"potentialAction\":[{\"@type\":\"CommentAction\",\"name\":\"Comment\",\"target\":[\"https:\/\/www.clusteraudiovisual.cat\/es\/laudiovisual-no-es-un-sector-de-risc\/#respond\"]}]},{\"@type\":\"WebPage\",\"@id\":\"https:\/\/www.clusteraudiovisual.cat\/es\/laudiovisual-no-es-un-sector-de-risc\/\",\"url\":\"https:\/\/www.clusteraudiovisual.cat\/es\/laudiovisual-no-es-un-sector-de-risc\/\",\"name\":\"\\\"El audiovisual no es un sector de riesgo\\\" - Cl\u00faster Audiovisual\",\"isPartOf\":{\"@id\":\"https:\/\/www.clusteraudiovisual.cat\/es\/#website\"},\"primaryImageOfPage\":{\"@id\":\"https:\/\/www.clusteraudiovisual.cat\/es\/laudiovisual-no-es-un-sector-de-risc\/#primaryimage\"},\"image\":{\"@id\":\"https:\/\/www.clusteraudiovisual.cat\/es\/laudiovisual-no-es-un-sector-de-risc\/#primaryimage\"},\"thumbnailUrl\":\"https:\/\/www.clusteraudiovisual.cat\/wp-content\/uploads\/2021\/02\/gestio-empresarial-21-10-2016-01-e1477047031981.jpg\",\"datePublished\":\"2016-10-20T10:41:55+00:00\",\"author\":{\"@id\":\"https:\/\/www.clusteraudiovisual.cat\/es\/#\/schema\/person\/23e1e732da72779cfc4fd7842583d17d\"},\"inLanguage\":\"es\",\"potentialAction\":[{\"@type\":\"ReadAction\",\"target\":[\"https:\/\/www.clusteraudiovisual.cat\/es\/laudiovisual-no-es-un-sector-de-risc\/\"]}]},{\"@type\":\"ImageObject\",\"inLanguage\":\"es\",\"@id\":\"https:\/\/www.clusteraudiovisual.cat\/es\/laudiovisual-no-es-un-sector-de-risc\/#primaryimage\",\"url\":\"https:\/\/www.clusteraudiovisual.cat\/wp-content\/uploads\/2021\/02\/gestio-empresarial-21-10-2016-01-e1477047031981.jpg\",\"contentUrl\":\"https:\/\/www.clusteraudiovisual.cat\/wp-content\/uploads\/2021\/02\/gestio-empresarial-21-10-2016-01-e1477047031981.jpg\",\"width\":624,\"height\":380},{\"@type\":\"WebSite\",\"@id\":\"https:\/\/www.clusteraudiovisual.cat\/es\/#website\",\"url\":\"https:\/\/www.clusteraudiovisual.cat\/es\/\",\"name\":\"Cl\u00faster Audiovisual\",\"description\":\"Associaci\u00f3 d&#039;empreses que integren el sector audiovisual.\",\"potentialAction\":[{\"@type\":\"SearchAction\",\"target\":{\"@type\":\"EntryPoint\",\"urlTemplate\":\"https:\/\/www.clusteraudiovisual.cat\/es\/?s={search_term_string}\"},\"query-input\":{\"@type\":\"PropertyValueSpecification\",\"valueRequired\":true,\"valueName\":\"search_term_string\"}}],\"inLanguage\":\"es\"},{\"@type\":\"Person\",\"@id\":\"https:\/\/www.clusteraudiovisual.cat\/es\/#\/schema\/person\/23e1e732da72779cfc4fd7842583d17d\",\"name\":\"admin\",\"sameAs\":[\"https:\/\/www.clusteraudiovisual.cat\"],\"url\":\"https:\/\/www.clusteraudiovisual.cat\/es\/author\/admin\/\"}]}<\/script>\n<!-- \/ Yoast SEO plugin. -->","yoast_head_json":{"title":"\"El audiovisual no es un sector de riesgo\" - Cl\u00faster Audiovisual","robots":{"index":"index","follow":"follow","max-snippet":"max-snippet:-1","max-image-preview":"max-image-preview:large","max-video-preview":"max-video-preview:-1"},"canonical":"https:\/\/www.clusteraudiovisual.cat\/es\/laudiovisual-no-es-un-sector-de-risc\/","og_locale":"es_ES","og_type":"article","og_title":"\"El audiovisual no es un sector de riesgo\" - Cl\u00faster Audiovisual","og_description":"Sesi\u00f3n 'V\u00edas de financiaci\u00f3n y gesti\u00f3n empresarial', organizada por el Cl\u00faster en la sede de Fomento del Trabajo, se inscribe dentro de una nueva l\u00ednea de actividades exclusivas para socios","og_url":"https:\/\/www.clusteraudiovisual.cat\/es\/laudiovisual-no-es-un-sector-de-risc\/","og_site_name":"Cl\u00faster Audiovisual","article_published_time":"2016-10-20T10:41:55+00:00","og_image":[{"width":624,"height":380,"url":"https:\/\/www.clusteraudiovisual.cat\/wp-content\/uploads\/2021\/02\/gestio-empresarial-21-10-2016-01-e1477047031981.jpg","type":"image\/jpeg"}],"author":"admin","twitter_card":"summary_large_image","twitter_misc":{"Escrito por":"admin","Tiempo de lectura":"2 minutos"},"schema":{"@context":"https:\/\/schema.org","@graph":[{"@type":"Article","@id":"https:\/\/www.clusteraudiovisual.cat\/es\/laudiovisual-no-es-un-sector-de-risc\/#article","isPartOf":{"@id":"https:\/\/www.clusteraudiovisual.cat\/es\/laudiovisual-no-es-un-sector-de-risc\/"},"author":{"name":"admin","@id":"https:\/\/www.clusteraudiovisual.cat\/es\/#\/schema\/person\/23e1e732da72779cfc4fd7842583d17d"},"headline":"\u00abEl audiovisual no es un sector de riesgo\u00bb","datePublished":"2016-10-20T10:41:55+00:00","mainEntityOfPage":{"@id":"https:\/\/www.clusteraudiovisual.cat\/es\/laudiovisual-no-es-un-sector-de-risc\/"},"wordCount":484,"commentCount":0,"image":{"@id":"https:\/\/www.clusteraudiovisual.cat\/es\/laudiovisual-no-es-un-sector-de-risc\/#primaryimage"},"thumbnailUrl":"https:\/\/www.clusteraudiovisual.cat\/wp-content\/uploads\/2021\/02\/gestio-empresarial-21-10-2016-01-e1477047031981.jpg","articleSection":["Actualidad"],"inLanguage":"es","potentialAction":[{"@type":"CommentAction","name":"Comment","target":["https:\/\/www.clusteraudiovisual.cat\/es\/laudiovisual-no-es-un-sector-de-risc\/#respond"]}]},{"@type":"WebPage","@id":"https:\/\/www.clusteraudiovisual.cat\/es\/laudiovisual-no-es-un-sector-de-risc\/","url":"https:\/\/www.clusteraudiovisual.cat\/es\/laudiovisual-no-es-un-sector-de-risc\/","name":"\"El audiovisual no es un sector de riesgo\" - Cl\u00faster Audiovisual","isPartOf":{"@id":"https:\/\/www.clusteraudiovisual.cat\/es\/#website"},"primaryImageOfPage":{"@id":"https:\/\/www.clusteraudiovisual.cat\/es\/laudiovisual-no-es-un-sector-de-risc\/#primaryimage"},"image":{"@id":"https:\/\/www.clusteraudiovisual.cat\/es\/laudiovisual-no-es-un-sector-de-risc\/#primaryimage"},"thumbnailUrl":"https:\/\/www.clusteraudiovisual.cat\/wp-content\/uploads\/2021\/02\/gestio-empresarial-21-10-2016-01-e1477047031981.jpg","datePublished":"2016-10-20T10:41:55+00:00","author":{"@id":"https:\/\/www.clusteraudiovisual.cat\/es\/#\/schema\/person\/23e1e732da72779cfc4fd7842583d17d"},"inLanguage":"es","potentialAction":[{"@type":"ReadAction","target":["https:\/\/www.clusteraudiovisual.cat\/es\/laudiovisual-no-es-un-sector-de-risc\/"]}]},{"@type":"ImageObject","inLanguage":"es","@id":"https:\/\/www.clusteraudiovisual.cat\/es\/laudiovisual-no-es-un-sector-de-risc\/#primaryimage","url":"https:\/\/www.clusteraudiovisual.cat\/wp-content\/uploads\/2021\/02\/gestio-empresarial-21-10-2016-01-e1477047031981.jpg","contentUrl":"https:\/\/www.clusteraudiovisual.cat\/wp-content\/uploads\/2021\/02\/gestio-empresarial-21-10-2016-01-e1477047031981.jpg","width":624,"height":380},{"@type":"WebSite","@id":"https:\/\/www.clusteraudiovisual.cat\/es\/#website","url":"https:\/\/www.clusteraudiovisual.cat\/es\/","name":"Cl\u00faster Audiovisual","description":"Associaci\u00f3 d&#039;empreses que integren el sector audiovisual.","potentialAction":[{"@type":"SearchAction","target":{"@type":"EntryPoint","urlTemplate":"https:\/\/www.clusteraudiovisual.cat\/es\/?s={search_term_string}"},"query-input":{"@type":"PropertyValueSpecification","valueRequired":true,"valueName":"search_term_string"}}],"inLanguage":"es"},{"@type":"Person","@id":"https:\/\/www.clusteraudiovisual.cat\/es\/#\/schema\/person\/23e1e732da72779cfc4fd7842583d17d","name":"admin","sameAs":["https:\/\/www.clusteraudiovisual.cat"],"url":"https:\/\/www.clusteraudiovisual.cat\/es\/author\/admin\/"}]}},"_links":{"self":[{"href":"https:\/\/www.clusteraudiovisual.cat\/es\/wp-json\/wp\/v2\/posts\/5664","targetHints":{"allow":["GET"]}}],"collection":[{"href":"https:\/\/www.clusteraudiovisual.cat\/es\/wp-json\/wp\/v2\/posts"}],"about":[{"href":"https:\/\/www.clusteraudiovisual.cat\/es\/wp-json\/wp\/v2\/types\/post"}],"author":[{"embeddable":true,"href":"https:\/\/www.clusteraudiovisual.cat\/es\/wp-json\/wp\/v2\/users\/1"}],"replies":[{"embeddable":true,"href":"https:\/\/www.clusteraudiovisual.cat\/es\/wp-json\/wp\/v2\/comments?post=5664"}],"version-history":[{"count":0,"href":"https:\/\/www.clusteraudiovisual.cat\/es\/wp-json\/wp\/v2\/posts\/5664\/revisions"}],"wp:featuredmedia":[{"embeddable":true,"href":"https:\/\/www.clusteraudiovisual.cat\/es\/wp-json\/wp\/v2\/media\/4376"}],"wp:attachment":[{"href":"https:\/\/www.clusteraudiovisual.cat\/es\/wp-json\/wp\/v2\/media?parent=5664"}],"wp:term":[{"taxonomy":"category","embeddable":true,"href":"https:\/\/www.clusteraudiovisual.cat\/es\/wp-json\/wp\/v2\/categories?post=5664"},{"taxonomy":"post_tag","embeddable":true,"href":"https:\/\/www.clusteraudiovisual.cat\/es\/wp-json\/wp\/v2\/tags?post=5664"}],"curies":[{"name":"wp","href":"https:\/\/api.w.org\/{rel}","templated":true}]}}