{"id":5640,"date":"2016-04-20T11:59:02","date_gmt":"2016-04-20T11:59:02","guid":{"rendered":"https:\/\/www.clusteraudiovisual.cat\/youtube-negoci-i-oportunitat-per-a-les-marques\/"},"modified":"2016-04-20T11:59:02","modified_gmt":"2016-04-20T11:59:02","slug":"youtube-negoci-i-oportunitat-per-a-les-marques","status":"publish","type":"post","link":"https:\/\/www.clusteraudiovisual.cat\/es\/youtube-negoci-i-oportunitat-per-a-les-marques\/","title":{"rendered":"Youtube, negocio y oportunidad para las marcas"},"content":{"rendered":"<p>Youtube supone una oportunidad comercial para las marcas y una oportunidad creativa para productoras y agencias. Contiene un gran volumen de espectadores, da mucha libertad en cuanto a la creaci\u00f3n de contenidos y ofrece una forma de identificar, medir y segmentar la audiencia (y los diferentes targets) m\u00e1s eficiente que en los canales tradicionales. En definitiva, abre todo un abanico de nuevas posibilidades para el posicionamiento de las marcas.<\/p>\n<p>Carlos Ortet, de <a href=\"http:\/\/www.zoopa.es\/CA\/\">Zoopa<\/a>, y Xavier Alabart, de\u00a0<a href=\"http:\/\/upvideo.me\/\">UpVideo<\/a>, ambas empresas asociadas al Cluster, han defendido esta idea en la sesi\u00f3n \u00abYoutube, negocio y oportunidad para las marcas\u00bb, enmarcada en el programa Digital &amp; Media Forum\u00a0\u00a0(<a href=\"https:\/\/twitter.com\/hashtag\/digitalmediacat?src=hash\">#digitalmediaCAT\u00a0<\/a>)\u00a0que ha tenido lugar en la sede de Fomento del Trabajo, incluido en el ciclo Reinventa&#8217;t.<\/p>\n<p>Durante la sesi\u00f3n han presentado algunos casos y estrategias donde los nuevos ingredientes de relaci\u00f3n con el espectador y de creaci\u00f3n de contenidos que ofrece Youtube han permitido que las marcas, junto con las productoras y agencias, lograran posicionar sus productos con \u00e9xito y ampliar sus cuotas de fidelizaci\u00f3n y venta.<\/p>\n<p>Tambi\u00e9n han advertido de que todav\u00eda hay mucho camino por recorrer en Youtube, desde el punto de vista de las posibilidades de negocio. Hace falta, para empezar, que se produzca un cambio en la manera que tienen las marcas de concebir la publicidad, aun demasiado arraigada en los modelos can\u00f3nicos del spot publicitario tradicional. Sin embargo, tanto C. Ortet como X. Alabart conf\u00edan en que este escenario se ir\u00e1 transformando, como ya se est\u00e1 viendo en otros pa\u00edses.<\/p>\n","protected":false},"excerpt":{"rendered":"<p>Carlos Ortet, de Zoopa, y Xavier Alabart, de UpVideo, han analizado el abanico de nuevas posibilidades que ofrece Youtube para el posicionamiento de las marcas<\/p>\n","protected":false},"author":1,"featured_media":4346,"comment_status":"open","ping_status":"open","sticky":false,"template":"","format":"standard","meta":{"_acf_changed":false,"footnotes":""},"categories":[21],"tags":[],"class_list":["post-5640","post","type-post","status-publish","format-standard","has-post-thumbnail","hentry","category-actualidad"],"acf":[],"yoast_head":"<!-- This site is optimized with the Yoast SEO plugin v27.0 - https:\/\/yoast.com\/product\/yoast-seo-wordpress\/ -->\n<title>Youtube, negocio y oportunidad para las marcas - Cl\u00faster Audiovisual<\/title>\n<meta name=\"robots\" content=\"index, follow, max-snippet:-1, max-image-preview:large, max-video-preview:-1\" \/>\n<link rel=\"canonical\" href=\"https:\/\/www.clusteraudiovisual.cat\/es\/youtube-negoci-i-oportunitat-per-a-les-marques\/\" \/>\n<meta property=\"og:locale\" content=\"es_ES\" \/>\n<meta property=\"og:type\" content=\"article\" \/>\n<meta property=\"og:title\" content=\"Youtube, negocio y oportunidad para las marcas - Cl\u00faster Audiovisual\" \/>\n<meta property=\"og:description\" content=\"Carlos Ortet, de Zoopa, y Xavier Alabart, de UpVideo, han analizado el abanico de nuevas posibilidades que ofrece Youtube para el posicionamiento de las marcas\" \/>\n<meta property=\"og:url\" content=\"https:\/\/www.clusteraudiovisual.cat\/es\/youtube-negoci-i-oportunitat-per-a-les-marques\/\" \/>\n<meta property=\"og:site_name\" content=\"Cl\u00faster Audiovisual\" \/>\n<meta property=\"article:published_time\" content=\"2016-04-20T11:59:02+00:00\" \/>\n<meta property=\"og:image\" content=\"https:\/\/www.clusteraudiovisual.cat\/wp-content\/uploads\/2021\/02\/youtube-negocis-e1461153495949.png\" \/>\n\t<meta property=\"og:image:width\" content=\"593\" \/>\n\t<meta property=\"og:image:height\" content=\"380\" \/>\n\t<meta property=\"og:image:type\" content=\"image\/png\" \/>\n<meta name=\"author\" content=\"admin\" \/>\n<meta name=\"twitter:card\" content=\"summary_large_image\" \/>\n<meta name=\"twitter:label1\" content=\"Escrito por\" \/>\n\t<meta name=\"twitter:data1\" content=\"admin\" \/>\n\t<meta name=\"twitter:label2\" content=\"Tiempo de lectura\" \/>\n\t<meta name=\"twitter:data2\" content=\"1 minuto\" \/>\n<script type=\"application\/ld+json\" class=\"yoast-schema-graph\">{\"@context\":\"https:\/\/schema.org\",\"@graph\":[{\"@type\":\"Article\",\"@id\":\"https:\/\/www.clusteraudiovisual.cat\/es\/youtube-negoci-i-oportunitat-per-a-les-marques\/#article\",\"isPartOf\":{\"@id\":\"https:\/\/www.clusteraudiovisual.cat\/es\/youtube-negoci-i-oportunitat-per-a-les-marques\/\"},\"author\":{\"name\":\"admin\",\"@id\":\"https:\/\/www.clusteraudiovisual.cat\/es\/#\/schema\/person\/23e1e732da72779cfc4fd7842583d17d\"},\"headline\":\"Youtube, negocio y oportunidad para las marcas\",\"datePublished\":\"2016-04-20T11:59:02+00:00\",\"mainEntityOfPage\":{\"@id\":\"https:\/\/www.clusteraudiovisual.cat\/es\/youtube-negoci-i-oportunitat-per-a-les-marques\/\"},\"wordCount\":271,\"commentCount\":0,\"image\":{\"@id\":\"https:\/\/www.clusteraudiovisual.cat\/es\/youtube-negoci-i-oportunitat-per-a-les-marques\/#primaryimage\"},\"thumbnailUrl\":\"https:\/\/www.clusteraudiovisual.cat\/wp-content\/uploads\/2021\/02\/youtube-negocis-e1461153495949.png\",\"articleSection\":[\"Actualidad\"],\"inLanguage\":\"es\",\"potentialAction\":[{\"@type\":\"CommentAction\",\"name\":\"Comment\",\"target\":[\"https:\/\/www.clusteraudiovisual.cat\/es\/youtube-negoci-i-oportunitat-per-a-les-marques\/#respond\"]}]},{\"@type\":\"WebPage\",\"@id\":\"https:\/\/www.clusteraudiovisual.cat\/es\/youtube-negoci-i-oportunitat-per-a-les-marques\/\",\"url\":\"https:\/\/www.clusteraudiovisual.cat\/es\/youtube-negoci-i-oportunitat-per-a-les-marques\/\",\"name\":\"Youtube, negocio y oportunidad para las marcas - Cl\u00faster Audiovisual\",\"isPartOf\":{\"@id\":\"https:\/\/www.clusteraudiovisual.cat\/es\/#website\"},\"primaryImageOfPage\":{\"@id\":\"https:\/\/www.clusteraudiovisual.cat\/es\/youtube-negoci-i-oportunitat-per-a-les-marques\/#primaryimage\"},\"image\":{\"@id\":\"https:\/\/www.clusteraudiovisual.cat\/es\/youtube-negoci-i-oportunitat-per-a-les-marques\/#primaryimage\"},\"thumbnailUrl\":\"https:\/\/www.clusteraudiovisual.cat\/wp-content\/uploads\/2021\/02\/youtube-negocis-e1461153495949.png\",\"datePublished\":\"2016-04-20T11:59:02+00:00\",\"author\":{\"@id\":\"https:\/\/www.clusteraudiovisual.cat\/es\/#\/schema\/person\/23e1e732da72779cfc4fd7842583d17d\"},\"inLanguage\":\"es\",\"potentialAction\":[{\"@type\":\"ReadAction\",\"target\":[\"https:\/\/www.clusteraudiovisual.cat\/es\/youtube-negoci-i-oportunitat-per-a-les-marques\/\"]}]},{\"@type\":\"ImageObject\",\"inLanguage\":\"es\",\"@id\":\"https:\/\/www.clusteraudiovisual.cat\/es\/youtube-negoci-i-oportunitat-per-a-les-marques\/#primaryimage\",\"url\":\"https:\/\/www.clusteraudiovisual.cat\/wp-content\/uploads\/2021\/02\/youtube-negocis-e1461153495949.png\",\"contentUrl\":\"https:\/\/www.clusteraudiovisual.cat\/wp-content\/uploads\/2021\/02\/youtube-negocis-e1461153495949.png\",\"width\":593,\"height\":380},{\"@type\":\"WebSite\",\"@id\":\"https:\/\/www.clusteraudiovisual.cat\/es\/#website\",\"url\":\"https:\/\/www.clusteraudiovisual.cat\/es\/\",\"name\":\"Cl\u00faster Audiovisual\",\"description\":\"Associaci\u00f3 d&#039;empreses que integren el sector audiovisual.\",\"potentialAction\":[{\"@type\":\"SearchAction\",\"target\":{\"@type\":\"EntryPoint\",\"urlTemplate\":\"https:\/\/www.clusteraudiovisual.cat\/es\/?s={search_term_string}\"},\"query-input\":{\"@type\":\"PropertyValueSpecification\",\"valueRequired\":true,\"valueName\":\"search_term_string\"}}],\"inLanguage\":\"es\"},{\"@type\":\"Person\",\"@id\":\"https:\/\/www.clusteraudiovisual.cat\/es\/#\/schema\/person\/23e1e732da72779cfc4fd7842583d17d\",\"name\":\"admin\",\"sameAs\":[\"https:\/\/www.clusteraudiovisual.cat\"],\"url\":\"https:\/\/www.clusteraudiovisual.cat\/es\/author\/admin\/\"}]}<\/script>\n<!-- \/ Yoast SEO plugin. -->","yoast_head_json":{"title":"Youtube, negocio y oportunidad para las marcas - Cl\u00faster Audiovisual","robots":{"index":"index","follow":"follow","max-snippet":"max-snippet:-1","max-image-preview":"max-image-preview:large","max-video-preview":"max-video-preview:-1"},"canonical":"https:\/\/www.clusteraudiovisual.cat\/es\/youtube-negoci-i-oportunitat-per-a-les-marques\/","og_locale":"es_ES","og_type":"article","og_title":"Youtube, negocio y oportunidad para las marcas - Cl\u00faster Audiovisual","og_description":"Carlos Ortet, de Zoopa, y Xavier Alabart, de UpVideo, han analizado el abanico de nuevas posibilidades que ofrece Youtube para el posicionamiento de las marcas","og_url":"https:\/\/www.clusteraudiovisual.cat\/es\/youtube-negoci-i-oportunitat-per-a-les-marques\/","og_site_name":"Cl\u00faster Audiovisual","article_published_time":"2016-04-20T11:59:02+00:00","og_image":[{"width":593,"height":380,"url":"https:\/\/www.clusteraudiovisual.cat\/wp-content\/uploads\/2021\/02\/youtube-negocis-e1461153495949.png","type":"image\/png"}],"author":"admin","twitter_card":"summary_large_image","twitter_misc":{"Escrito por":"admin","Tiempo de lectura":"1 minuto"},"schema":{"@context":"https:\/\/schema.org","@graph":[{"@type":"Article","@id":"https:\/\/www.clusteraudiovisual.cat\/es\/youtube-negoci-i-oportunitat-per-a-les-marques\/#article","isPartOf":{"@id":"https:\/\/www.clusteraudiovisual.cat\/es\/youtube-negoci-i-oportunitat-per-a-les-marques\/"},"author":{"name":"admin","@id":"https:\/\/www.clusteraudiovisual.cat\/es\/#\/schema\/person\/23e1e732da72779cfc4fd7842583d17d"},"headline":"Youtube, negocio y oportunidad para las marcas","datePublished":"2016-04-20T11:59:02+00:00","mainEntityOfPage":{"@id":"https:\/\/www.clusteraudiovisual.cat\/es\/youtube-negoci-i-oportunitat-per-a-les-marques\/"},"wordCount":271,"commentCount":0,"image":{"@id":"https:\/\/www.clusteraudiovisual.cat\/es\/youtube-negoci-i-oportunitat-per-a-les-marques\/#primaryimage"},"thumbnailUrl":"https:\/\/www.clusteraudiovisual.cat\/wp-content\/uploads\/2021\/02\/youtube-negocis-e1461153495949.png","articleSection":["Actualidad"],"inLanguage":"es","potentialAction":[{"@type":"CommentAction","name":"Comment","target":["https:\/\/www.clusteraudiovisual.cat\/es\/youtube-negoci-i-oportunitat-per-a-les-marques\/#respond"]}]},{"@type":"WebPage","@id":"https:\/\/www.clusteraudiovisual.cat\/es\/youtube-negoci-i-oportunitat-per-a-les-marques\/","url":"https:\/\/www.clusteraudiovisual.cat\/es\/youtube-negoci-i-oportunitat-per-a-les-marques\/","name":"Youtube, negocio y oportunidad para las marcas - Cl\u00faster Audiovisual","isPartOf":{"@id":"https:\/\/www.clusteraudiovisual.cat\/es\/#website"},"primaryImageOfPage":{"@id":"https:\/\/www.clusteraudiovisual.cat\/es\/youtube-negoci-i-oportunitat-per-a-les-marques\/#primaryimage"},"image":{"@id":"https:\/\/www.clusteraudiovisual.cat\/es\/youtube-negoci-i-oportunitat-per-a-les-marques\/#primaryimage"},"thumbnailUrl":"https:\/\/www.clusteraudiovisual.cat\/wp-content\/uploads\/2021\/02\/youtube-negocis-e1461153495949.png","datePublished":"2016-04-20T11:59:02+00:00","author":{"@id":"https:\/\/www.clusteraudiovisual.cat\/es\/#\/schema\/person\/23e1e732da72779cfc4fd7842583d17d"},"inLanguage":"es","potentialAction":[{"@type":"ReadAction","target":["https:\/\/www.clusteraudiovisual.cat\/es\/youtube-negoci-i-oportunitat-per-a-les-marques\/"]}]},{"@type":"ImageObject","inLanguage":"es","@id":"https:\/\/www.clusteraudiovisual.cat\/es\/youtube-negoci-i-oportunitat-per-a-les-marques\/#primaryimage","url":"https:\/\/www.clusteraudiovisual.cat\/wp-content\/uploads\/2021\/02\/youtube-negocis-e1461153495949.png","contentUrl":"https:\/\/www.clusteraudiovisual.cat\/wp-content\/uploads\/2021\/02\/youtube-negocis-e1461153495949.png","width":593,"height":380},{"@type":"WebSite","@id":"https:\/\/www.clusteraudiovisual.cat\/es\/#website","url":"https:\/\/www.clusteraudiovisual.cat\/es\/","name":"Cl\u00faster Audiovisual","description":"Associaci\u00f3 d&#039;empreses que integren el sector audiovisual.","potentialAction":[{"@type":"SearchAction","target":{"@type":"EntryPoint","urlTemplate":"https:\/\/www.clusteraudiovisual.cat\/es\/?s={search_term_string}"},"query-input":{"@type":"PropertyValueSpecification","valueRequired":true,"valueName":"search_term_string"}}],"inLanguage":"es"},{"@type":"Person","@id":"https:\/\/www.clusteraudiovisual.cat\/es\/#\/schema\/person\/23e1e732da72779cfc4fd7842583d17d","name":"admin","sameAs":["https:\/\/www.clusteraudiovisual.cat"],"url":"https:\/\/www.clusteraudiovisual.cat\/es\/author\/admin\/"}]}},"_links":{"self":[{"href":"https:\/\/www.clusteraudiovisual.cat\/es\/wp-json\/wp\/v2\/posts\/5640","targetHints":{"allow":["GET"]}}],"collection":[{"href":"https:\/\/www.clusteraudiovisual.cat\/es\/wp-json\/wp\/v2\/posts"}],"about":[{"href":"https:\/\/www.clusteraudiovisual.cat\/es\/wp-json\/wp\/v2\/types\/post"}],"author":[{"embeddable":true,"href":"https:\/\/www.clusteraudiovisual.cat\/es\/wp-json\/wp\/v2\/users\/1"}],"replies":[{"embeddable":true,"href":"https:\/\/www.clusteraudiovisual.cat\/es\/wp-json\/wp\/v2\/comments?post=5640"}],"version-history":[{"count":0,"href":"https:\/\/www.clusteraudiovisual.cat\/es\/wp-json\/wp\/v2\/posts\/5640\/revisions"}],"wp:featuredmedia":[{"embeddable":true,"href":"https:\/\/www.clusteraudiovisual.cat\/es\/wp-json\/wp\/v2\/media\/4346"}],"wp:attachment":[{"href":"https:\/\/www.clusteraudiovisual.cat\/es\/wp-json\/wp\/v2\/media?parent=5640"}],"wp:term":[{"taxonomy":"category","embeddable":true,"href":"https:\/\/www.clusteraudiovisual.cat\/es\/wp-json\/wp\/v2\/categories?post=5640"},{"taxonomy":"post_tag","embeddable":true,"href":"https:\/\/www.clusteraudiovisual.cat\/es\/wp-json\/wp\/v2\/tags?post=5640"}],"curies":[{"name":"wp","href":"https:\/\/api.w.org\/{rel}","templated":true}]}}