{"id":5636,"date":"2016-03-02T09:27:04","date_gmt":"2016-03-02T09:27:04","guid":{"rendered":"https:\/\/www.clusteraudiovisual.cat\/youtube-vist-pels-youtubers\/"},"modified":"2016-03-02T09:27:04","modified_gmt":"2016-03-02T09:27:04","slug":"youtube-vist-pels-youtubers","status":"publish","type":"post","link":"https:\/\/www.clusteraudiovisual.cat\/es\/youtube-vist-pels-youtubers\/","title":{"rendered":"Youtube visto por los &#8216;youtubers&#8217;"},"content":{"rendered":"<p>\u00bfHay negocio en Youtube, m\u00e1s all\u00e1 de los grandes canales? \u00bfQu\u00e9 desaf\u00edos tiene que enfrentar un &#8216;youtuber&#8217;? \u00bfQu\u00e9 atrae a las audiencias? Entre otras, estas han sido las preguntas formuladas por Xavier Alabart, conductor de la sesi\u00f3n y cofundador de <a href=\"http:\/\/upvideo.me\/\">Up Video<\/a>, a unos cuantos j\u00f3venes catalanes que gestionan canales de Youtube con \u00e9xito.<\/p>\n<p>Una sesi\u00f3n din\u00e1mica acogida por la antigua f\u00e1brica de Estrella Damm y que est\u00e1 enmarcada en el Digital &amp; Media Forum 2016\u00a0(<a href=\"https:\/\/twitter.com\/search?q=%23digitalmediaCAT&amp;cn=ZmF2b3JpdGU%3D&amp;refsrc=email\">#digitalmediaCAT<\/a>),\u00a0programa ideado por el Cluster con el objetivo de pensar y conectar el mundo digital con los media.<\/p>\n<p>Han participado\u00a0<a href=\"https:\/\/www.youtube.com\/user\/valentisanjuan\">Valenti Sanjuan<\/a>,\u00a0especializado en el mundo del deporte y con una larga trayectoria en el sector del audiovisual; Eduard Esteller (<a href=\"https:\/\/www.youtube.com\/user\/AndroideReview\">pro Android<\/a>), que pone el foco en los m\u00f3viles y las apps; Mel Dominguez (<a href=\"https:\/\/www.youtube.com\/user\/focusingsvlogs\">Focusing<\/a>) y\u00a0<a href=\"https:\/\/www.youtube.com\/user\/BelenaGaynor\">Belena Gaynor<\/a>, monologuistas sobre temas variados; Neus Viciana (<a href=\"https:\/\/www.youtube.com\/user\/Fetsquins\">Fetsquins<\/a>), especializada en moda;<a href=\"https:\/\/www.youtube.com\/channel\/UC5dEPIeQC29MZRAGcjy-aAQ\"> Jordi Cor<\/a>, asesor de &#8216;youtubers&#8217;; Ester Molina (<a href=\"https:\/\/www.youtube.com\/user\/MurataShinya\">Shinya Murata<\/a>), centrada en la tem\u00e1tica japonesa y\u00a0<a href=\"https:\/\/www.youtube.com\/user\/sandrolis88\">Sandra Pedrosa<\/a>, reci\u00e9n llegada a Youtube.<\/p>\n<p>En conjunto, los ponentes han coincidido en que Youtube es un nuevo ecosistema que est\u00e1 en plena expansi\u00f3n, rivaliza con la televisi\u00f3n, ya que acumula audiencias de forma creciente, y ofrece m\u00faltiples oportunidades de negocio.<\/p>\n","protected":false},"excerpt":{"rendered":"<p>Una sesi\u00f3n enmarcada en el Digital &#038; Media Forum 2016, programa ideado por el Cluster con el objetivo de pensar y conectar el mundo digital con los media.<\/p>\n","protected":false},"author":1,"featured_media":4309,"comment_status":"open","ping_status":"open","sticky":false,"template":"","format":"standard","meta":{"_acf_changed":false,"footnotes":""},"categories":[21],"tags":[],"class_list":["post-5636","post","type-post","status-publish","format-standard","has-post-thumbnail","hentry","category-actualidad"],"acf":[],"yoast_head":"<!-- This site is optimized with the Yoast SEO plugin v27.0 - https:\/\/yoast.com\/product\/yoast-seo-wordpress\/ -->\n<title>Youtube visto por los &#039;youtubers&#039; - Cl\u00faster Audiovisual<\/title>\n<meta name=\"robots\" content=\"index, follow, max-snippet:-1, max-image-preview:large, max-video-preview:-1\" \/>\n<link rel=\"canonical\" href=\"https:\/\/www.clusteraudiovisual.cat\/es\/youtube-vist-pels-youtubers\/\" \/>\n<meta property=\"og:locale\" content=\"es_ES\" \/>\n<meta property=\"og:type\" content=\"article\" \/>\n<meta property=\"og:title\" content=\"Youtube visto por los &#039;youtubers&#039; - Cl\u00faster Audiovisual\" \/>\n<meta property=\"og:description\" content=\"Una sesi\u00f3n enmarcada en el Digital &amp; Media Forum 2016, programa ideado por el Cluster con el objetivo de pensar y conectar el mundo digital con los media.\" \/>\n<meta property=\"og:url\" content=\"https:\/\/www.clusteraudiovisual.cat\/es\/youtube-vist-pels-youtubers\/\" \/>\n<meta property=\"og:site_name\" content=\"Cl\u00faster Audiovisual\" \/>\n<meta property=\"article:published_time\" content=\"2016-03-02T09:27:04+00:00\" \/>\n<meta property=\"og:image\" content=\"https:\/\/www.clusteraudiovisual.cat\/wp-content\/uploads\/2021\/02\/Imatge-destacada-e1457086553744.png\" \/>\n\t<meta property=\"og:image:width\" content=\"486\" \/>\n\t<meta property=\"og:image:height\" content=\"380\" \/>\n\t<meta property=\"og:image:type\" content=\"image\/png\" \/>\n<meta name=\"author\" content=\"admin\" \/>\n<meta name=\"twitter:card\" content=\"summary_large_image\" \/>\n<meta name=\"twitter:label1\" content=\"Escrito por\" \/>\n\t<meta name=\"twitter:data1\" content=\"admin\" \/>\n\t<meta name=\"twitter:label2\" content=\"Tiempo de lectura\" \/>\n\t<meta name=\"twitter:data2\" content=\"1 minuto\" \/>\n<script type=\"application\/ld+json\" class=\"yoast-schema-graph\">{\"@context\":\"https:\/\/schema.org\",\"@graph\":[{\"@type\":\"Article\",\"@id\":\"https:\/\/www.clusteraudiovisual.cat\/es\/youtube-vist-pels-youtubers\/#article\",\"isPartOf\":{\"@id\":\"https:\/\/www.clusteraudiovisual.cat\/es\/youtube-vist-pels-youtubers\/\"},\"author\":{\"name\":\"admin\",\"@id\":\"https:\/\/www.clusteraudiovisual.cat\/es\/#\/schema\/person\/23e1e732da72779cfc4fd7842583d17d\"},\"headline\":\"Youtube visto por los &#8216;youtubers&#8217;\",\"datePublished\":\"2016-03-02T09:27:04+00:00\",\"mainEntityOfPage\":{\"@id\":\"https:\/\/www.clusteraudiovisual.cat\/es\/youtube-vist-pels-youtubers\/\"},\"wordCount\":218,\"commentCount\":0,\"image\":{\"@id\":\"https:\/\/www.clusteraudiovisual.cat\/es\/youtube-vist-pels-youtubers\/#primaryimage\"},\"thumbnailUrl\":\"https:\/\/www.clusteraudiovisual.cat\/wp-content\/uploads\/2021\/02\/Imatge-destacada-e1457086553744.png\",\"articleSection\":[\"Actualidad\"],\"inLanguage\":\"es\",\"potentialAction\":[{\"@type\":\"CommentAction\",\"name\":\"Comment\",\"target\":[\"https:\/\/www.clusteraudiovisual.cat\/es\/youtube-vist-pels-youtubers\/#respond\"]}]},{\"@type\":\"WebPage\",\"@id\":\"https:\/\/www.clusteraudiovisual.cat\/es\/youtube-vist-pels-youtubers\/\",\"url\":\"https:\/\/www.clusteraudiovisual.cat\/es\/youtube-vist-pels-youtubers\/\",\"name\":\"Youtube visto por los 'youtubers' - Cl\u00faster Audiovisual\",\"isPartOf\":{\"@id\":\"https:\/\/www.clusteraudiovisual.cat\/es\/#website\"},\"primaryImageOfPage\":{\"@id\":\"https:\/\/www.clusteraudiovisual.cat\/es\/youtube-vist-pels-youtubers\/#primaryimage\"},\"image\":{\"@id\":\"https:\/\/www.clusteraudiovisual.cat\/es\/youtube-vist-pels-youtubers\/#primaryimage\"},\"thumbnailUrl\":\"https:\/\/www.clusteraudiovisual.cat\/wp-content\/uploads\/2021\/02\/Imatge-destacada-e1457086553744.png\",\"datePublished\":\"2016-03-02T09:27:04+00:00\",\"author\":{\"@id\":\"https:\/\/www.clusteraudiovisual.cat\/es\/#\/schema\/person\/23e1e732da72779cfc4fd7842583d17d\"},\"inLanguage\":\"es\",\"potentialAction\":[{\"@type\":\"ReadAction\",\"target\":[\"https:\/\/www.clusteraudiovisual.cat\/es\/youtube-vist-pels-youtubers\/\"]}]},{\"@type\":\"ImageObject\",\"inLanguage\":\"es\",\"@id\":\"https:\/\/www.clusteraudiovisual.cat\/es\/youtube-vist-pels-youtubers\/#primaryimage\",\"url\":\"https:\/\/www.clusteraudiovisual.cat\/wp-content\/uploads\/2021\/02\/Imatge-destacada-e1457086553744.png\",\"contentUrl\":\"https:\/\/www.clusteraudiovisual.cat\/wp-content\/uploads\/2021\/02\/Imatge-destacada-e1457086553744.png\",\"width\":486,\"height\":380},{\"@type\":\"WebSite\",\"@id\":\"https:\/\/www.clusteraudiovisual.cat\/es\/#website\",\"url\":\"https:\/\/www.clusteraudiovisual.cat\/es\/\",\"name\":\"Cl\u00faster Audiovisual\",\"description\":\"Associaci\u00f3 d&#039;empreses que integren el sector audiovisual.\",\"potentialAction\":[{\"@type\":\"SearchAction\",\"target\":{\"@type\":\"EntryPoint\",\"urlTemplate\":\"https:\/\/www.clusteraudiovisual.cat\/es\/?s={search_term_string}\"},\"query-input\":{\"@type\":\"PropertyValueSpecification\",\"valueRequired\":true,\"valueName\":\"search_term_string\"}}],\"inLanguage\":\"es\"},{\"@type\":\"Person\",\"@id\":\"https:\/\/www.clusteraudiovisual.cat\/es\/#\/schema\/person\/23e1e732da72779cfc4fd7842583d17d\",\"name\":\"admin\",\"sameAs\":[\"https:\/\/www.clusteraudiovisual.cat\"],\"url\":\"https:\/\/www.clusteraudiovisual.cat\/es\/author\/admin\/\"}]}<\/script>\n<!-- \/ Yoast SEO plugin. -->","yoast_head_json":{"title":"Youtube visto por los 'youtubers' - Cl\u00faster Audiovisual","robots":{"index":"index","follow":"follow","max-snippet":"max-snippet:-1","max-image-preview":"max-image-preview:large","max-video-preview":"max-video-preview:-1"},"canonical":"https:\/\/www.clusteraudiovisual.cat\/es\/youtube-vist-pels-youtubers\/","og_locale":"es_ES","og_type":"article","og_title":"Youtube visto por los 'youtubers' - Cl\u00faster Audiovisual","og_description":"Una sesi\u00f3n enmarcada en el Digital & Media Forum 2016, programa ideado por el Cluster con el objetivo de pensar y conectar el mundo digital con los media.","og_url":"https:\/\/www.clusteraudiovisual.cat\/es\/youtube-vist-pels-youtubers\/","og_site_name":"Cl\u00faster Audiovisual","article_published_time":"2016-03-02T09:27:04+00:00","og_image":[{"width":486,"height":380,"url":"https:\/\/www.clusteraudiovisual.cat\/wp-content\/uploads\/2021\/02\/Imatge-destacada-e1457086553744.png","type":"image\/png"}],"author":"admin","twitter_card":"summary_large_image","twitter_misc":{"Escrito por":"admin","Tiempo de lectura":"1 minuto"},"schema":{"@context":"https:\/\/schema.org","@graph":[{"@type":"Article","@id":"https:\/\/www.clusteraudiovisual.cat\/es\/youtube-vist-pels-youtubers\/#article","isPartOf":{"@id":"https:\/\/www.clusteraudiovisual.cat\/es\/youtube-vist-pels-youtubers\/"},"author":{"name":"admin","@id":"https:\/\/www.clusteraudiovisual.cat\/es\/#\/schema\/person\/23e1e732da72779cfc4fd7842583d17d"},"headline":"Youtube visto por los &#8216;youtubers&#8217;","datePublished":"2016-03-02T09:27:04+00:00","mainEntityOfPage":{"@id":"https:\/\/www.clusteraudiovisual.cat\/es\/youtube-vist-pels-youtubers\/"},"wordCount":218,"commentCount":0,"image":{"@id":"https:\/\/www.clusteraudiovisual.cat\/es\/youtube-vist-pels-youtubers\/#primaryimage"},"thumbnailUrl":"https:\/\/www.clusteraudiovisual.cat\/wp-content\/uploads\/2021\/02\/Imatge-destacada-e1457086553744.png","articleSection":["Actualidad"],"inLanguage":"es","potentialAction":[{"@type":"CommentAction","name":"Comment","target":["https:\/\/www.clusteraudiovisual.cat\/es\/youtube-vist-pels-youtubers\/#respond"]}]},{"@type":"WebPage","@id":"https:\/\/www.clusteraudiovisual.cat\/es\/youtube-vist-pels-youtubers\/","url":"https:\/\/www.clusteraudiovisual.cat\/es\/youtube-vist-pels-youtubers\/","name":"Youtube visto por los 'youtubers' - Cl\u00faster Audiovisual","isPartOf":{"@id":"https:\/\/www.clusteraudiovisual.cat\/es\/#website"},"primaryImageOfPage":{"@id":"https:\/\/www.clusteraudiovisual.cat\/es\/youtube-vist-pels-youtubers\/#primaryimage"},"image":{"@id":"https:\/\/www.clusteraudiovisual.cat\/es\/youtube-vist-pels-youtubers\/#primaryimage"},"thumbnailUrl":"https:\/\/www.clusteraudiovisual.cat\/wp-content\/uploads\/2021\/02\/Imatge-destacada-e1457086553744.png","datePublished":"2016-03-02T09:27:04+00:00","author":{"@id":"https:\/\/www.clusteraudiovisual.cat\/es\/#\/schema\/person\/23e1e732da72779cfc4fd7842583d17d"},"inLanguage":"es","potentialAction":[{"@type":"ReadAction","target":["https:\/\/www.clusteraudiovisual.cat\/es\/youtube-vist-pels-youtubers\/"]}]},{"@type":"ImageObject","inLanguage":"es","@id":"https:\/\/www.clusteraudiovisual.cat\/es\/youtube-vist-pels-youtubers\/#primaryimage","url":"https:\/\/www.clusteraudiovisual.cat\/wp-content\/uploads\/2021\/02\/Imatge-destacada-e1457086553744.png","contentUrl":"https:\/\/www.clusteraudiovisual.cat\/wp-content\/uploads\/2021\/02\/Imatge-destacada-e1457086553744.png","width":486,"height":380},{"@type":"WebSite","@id":"https:\/\/www.clusteraudiovisual.cat\/es\/#website","url":"https:\/\/www.clusteraudiovisual.cat\/es\/","name":"Cl\u00faster Audiovisual","description":"Associaci\u00f3 d&#039;empreses que integren el sector audiovisual.","potentialAction":[{"@type":"SearchAction","target":{"@type":"EntryPoint","urlTemplate":"https:\/\/www.clusteraudiovisual.cat\/es\/?s={search_term_string}"},"query-input":{"@type":"PropertyValueSpecification","valueRequired":true,"valueName":"search_term_string"}}],"inLanguage":"es"},{"@type":"Person","@id":"https:\/\/www.clusteraudiovisual.cat\/es\/#\/schema\/person\/23e1e732da72779cfc4fd7842583d17d","name":"admin","sameAs":["https:\/\/www.clusteraudiovisual.cat"],"url":"https:\/\/www.clusteraudiovisual.cat\/es\/author\/admin\/"}]}},"_links":{"self":[{"href":"https:\/\/www.clusteraudiovisual.cat\/es\/wp-json\/wp\/v2\/posts\/5636","targetHints":{"allow":["GET"]}}],"collection":[{"href":"https:\/\/www.clusteraudiovisual.cat\/es\/wp-json\/wp\/v2\/posts"}],"about":[{"href":"https:\/\/www.clusteraudiovisual.cat\/es\/wp-json\/wp\/v2\/types\/post"}],"author":[{"embeddable":true,"href":"https:\/\/www.clusteraudiovisual.cat\/es\/wp-json\/wp\/v2\/users\/1"}],"replies":[{"embeddable":true,"href":"https:\/\/www.clusteraudiovisual.cat\/es\/wp-json\/wp\/v2\/comments?post=5636"}],"version-history":[{"count":0,"href":"https:\/\/www.clusteraudiovisual.cat\/es\/wp-json\/wp\/v2\/posts\/5636\/revisions"}],"wp:featuredmedia":[{"embeddable":true,"href":"https:\/\/www.clusteraudiovisual.cat\/es\/wp-json\/wp\/v2\/media\/4309"}],"wp:attachment":[{"href":"https:\/\/www.clusteraudiovisual.cat\/es\/wp-json\/wp\/v2\/media?parent=5636"}],"wp:term":[{"taxonomy":"category","embeddable":true,"href":"https:\/\/www.clusteraudiovisual.cat\/es\/wp-json\/wp\/v2\/categories?post=5636"},{"taxonomy":"post_tag","embeddable":true,"href":"https:\/\/www.clusteraudiovisual.cat\/es\/wp-json\/wp\/v2\/tags?post=5636"}],"curies":[{"name":"wp","href":"https:\/\/api.w.org\/{rel}","templated":true}]}}