{"id":5619,"date":"2015-11-20T12:05:07","date_gmt":"2015-11-20T12:05:07","guid":{"rendered":"https:\/\/www.clusteraudiovisual.cat\/segona-edicio-del-dia-mundial-de-la-televisio\/"},"modified":"2015-11-20T12:05:07","modified_gmt":"2015-11-20T12:05:07","slug":"segona-edicio-del-dia-mundial-de-la-televisio","status":"publish","type":"post","link":"https:\/\/www.clusteraudiovisual.cat\/es\/segona-edicio-del-dia-mundial-de-la-televisio\/","title":{"rendered":"Segunda edici\u00f3n del D\u00eda Mundial de la Televisi\u00f3n"},"content":{"rendered":"<p>El <a href=\"http:\/\/www.diamundialdelatv.com\/\">D\u00eda Mundial de la Televisi\u00f3n<\/a>\u00a0se ha vuelto a celebrar con una segunda edici\u00f3n, de nuevo organizada en Matar\u00f3 por el Cluster Audiovisual de Catalu\u00f1a, junto con el Colegio de Ingenieros T\u00e9cnicos y Peritos de Telecomunicaci\u00f3n de Catalu\u00f1a, el Ayuntamiento de Matar\u00f3 y TecnoCampus.<\/p>\n<p>Una de las novedades de este a\u00f1o ha sido que, adem\u00e1s de los profesionales del sector y los expertos universitarios, tambi\u00e9n han participado algunos representantes pol\u00edticos \u00a0en un extenso debate sobre el presente y futuro de la televisi\u00f3n en Catalu\u00f1a.<\/p>\n<p>Los asistentes se han repartido en tres mesas de debate que cubr\u00edan los puntos de vista de las televisiones, las universidades y partidos pol\u00edticos.<\/p>\n<p>En la primera, que llevaba por t\u00edtulo \u00abLa televisi\u00f3n que viene: \u00bfcu\u00e1les son las tendencias?\u00bb, moderada por Antoni Esteve (Grupo Lavinia), han participado Alex Mart\u00ednez (Movistar +), Pere Vila (TVE), Sergi Vicente (BTV), Mart\u00ed Patxot (Corporaci\u00f3n Catalana de Medios Audiovisuales) y Rub\u00e9n Mayoral (El Terrat). Se ha destacado la necesidad de innovar en los contenidos, con apuestas como las series de producci\u00f3n propia, protegiendo los creadores contra la pirater\u00eda. La innovaci\u00f3n, han dicho, tambi\u00e9n debe centrarse en el lenguaje usado y en la interacci\u00f3n con la audiencia.<\/p>\n<p>En la segunda, \u00ab\u00bfLas universidades producen el perfil adecuado para las nuevas oportunidades del audiovisual?\u00bb, donde han participado los profesores Enric Mar\u00edn (Universidad Aut\u00f3noma de Barcelona), Carme Bast\u00e9 (URL), Jordi Ball\u00f3 (Universidad Pompeu Fabra) y Alex del Olmo (TecnoCampus), se ha defendido la formaci\u00f3n que reciben los futuros profesionales, y la amplitud de posibilidades que abren los nuevos formatos vinculados a Internet. Tambi\u00e9n se han reclamado pol\u00edticas p\u00fablicas para apostar por el sector del audiovisual catal\u00e1n. El moderador de la mesa ha sido Salvador Alsius, vicepresidente del Consejo del Audiovisual de Catalu\u00f1a.<\/p>\n<p>Finalmente, en la tercera mesa, titulada \u00abLa televisi\u00f3n cambia: \u00bfqu\u00e9 piensan los pol\u00edticos?\u00bb, han intervenido miembros de los distintos grupos parlamentarios: Sergi Sabri\u00e0 (Junts pel S\u00ed), David Mej\u00eda (Ciudadanos), Alicia Romero (PSC), Marta Ribas (Catalunya S\u00ed que es pot), Santiago Rodr\u00edguez (Partido Popular de Catalu\u00f1a) y Antonio Ba\u00f1os (CUP). El debate se ha centrado en el papel de los medios p\u00fablicos, en particular de los canales de la Corporaci\u00f3n Catalana de Medios Audiovisuales, a los que se ha reclamado innovaci\u00f3n, apuesta por la producci\u00f3n y pluralidad en los informativos. En este caso, quien ha moderado la charla ha sido Tinet Rubira, director de Gestmusic Endemol.<\/p>\n<p>Albert Om, periodista y presentador de TV, ha destacado que \u00abel futuro de la televisi\u00f3n no depende tanto de la tecnolog\u00eda como de los contenidos bonos que se hacen\u00bb. Tambi\u00e9n ha reclamado que se prestigie el medio y ha lamentado que en televisi\u00f3n \u00abpasa como con el f\u00fatbol, que todo el mundo entiende y se atreve a descalificarlo\u00bb.<\/p>\n","protected":false},"excerpt":{"rendered":"<p>Una de las novedades de este a\u00f1o ha sido que, adem\u00e1s de los profesionales del sector y los expertos universitarios, tambi\u00e9n han participado algunos representantes pol\u00edticos<\/p>\n","protected":false},"author":1,"featured_media":4200,"comment_status":"open","ping_status":"open","sticky":false,"template":"","format":"standard","meta":{"_acf_changed":false,"footnotes":""},"categories":[21],"tags":[],"class_list":["post-5619","post","type-post","status-publish","format-standard","has-post-thumbnail","hentry","category-actualidad"],"acf":[],"yoast_head":"<!-- This site is optimized with the Yoast SEO plugin v27.0 - https:\/\/yoast.com\/product\/yoast-seo-wordpress\/ -->\n<title>Segunda edici\u00f3n del D\u00eda Mundial de la Televisi\u00f3n - Cl\u00faster Audiovisual<\/title>\n<meta name=\"robots\" content=\"index, follow, max-snippet:-1, max-image-preview:large, max-video-preview:-1\" \/>\n<link rel=\"canonical\" href=\"https:\/\/www.clusteraudiovisual.cat\/es\/segona-edicio-del-dia-mundial-de-la-televisio\/\" \/>\n<meta property=\"og:locale\" content=\"es_ES\" \/>\n<meta property=\"og:type\" content=\"article\" \/>\n<meta property=\"og:title\" content=\"Segunda edici\u00f3n del D\u00eda Mundial de la Televisi\u00f3n - Cl\u00faster Audiovisual\" \/>\n<meta property=\"og:description\" content=\"Una de las novedades de este a\u00f1o ha sido que, adem\u00e1s de los profesionales del sector y los expertos universitarios, tambi\u00e9n han participado algunos representantes pol\u00edticos\" \/>\n<meta property=\"og:url\" content=\"https:\/\/www.clusteraudiovisual.cat\/es\/segona-edicio-del-dia-mundial-de-la-televisio\/\" \/>\n<meta property=\"og:site_name\" content=\"Cl\u00faster Audiovisual\" \/>\n<meta property=\"article:published_time\" content=\"2015-11-20T12:05:07+00:00\" \/>\n<meta property=\"og:image\" content=\"https:\/\/www.clusteraudiovisual.cat\/wp-content\/uploads\/2021\/02\/Cartell-apaisat_Titol_DestacatReferen-2-e1448367311610.jpg\" \/>\n\t<meta property=\"og:image:width\" content=\"676\" \/>\n\t<meta property=\"og:image:height\" content=\"380\" \/>\n\t<meta property=\"og:image:type\" content=\"image\/jpeg\" \/>\n<meta name=\"author\" content=\"admin\" \/>\n<meta name=\"twitter:card\" content=\"summary_large_image\" \/>\n<meta name=\"twitter:label1\" content=\"Escrito por\" \/>\n\t<meta name=\"twitter:data1\" content=\"admin\" \/>\n\t<meta name=\"twitter:label2\" content=\"Tiempo de lectura\" \/>\n\t<meta name=\"twitter:data2\" content=\"2 minutos\" \/>\n<script type=\"application\/ld+json\" class=\"yoast-schema-graph\">{\"@context\":\"https:\/\/schema.org\",\"@graph\":[{\"@type\":\"Article\",\"@id\":\"https:\/\/www.clusteraudiovisual.cat\/es\/segona-edicio-del-dia-mundial-de-la-televisio\/#article\",\"isPartOf\":{\"@id\":\"https:\/\/www.clusteraudiovisual.cat\/es\/segona-edicio-del-dia-mundial-de-la-televisio\/\"},\"author\":{\"name\":\"admin\",\"@id\":\"https:\/\/www.clusteraudiovisual.cat\/es\/#\/schema\/person\/23e1e732da72779cfc4fd7842583d17d\"},\"headline\":\"Segunda edici\u00f3n del D\u00eda Mundial de la Televisi\u00f3n\",\"datePublished\":\"2015-11-20T12:05:07+00:00\",\"mainEntityOfPage\":{\"@id\":\"https:\/\/www.clusteraudiovisual.cat\/es\/segona-edicio-del-dia-mundial-de-la-televisio\/\"},\"wordCount\":510,\"commentCount\":0,\"image\":{\"@id\":\"https:\/\/www.clusteraudiovisual.cat\/es\/segona-edicio-del-dia-mundial-de-la-televisio\/#primaryimage\"},\"thumbnailUrl\":\"https:\/\/www.clusteraudiovisual.cat\/wp-content\/uploads\/2021\/02\/Cartell-apaisat_Titol_DestacatReferen-2-e1448367311610.jpg\",\"articleSection\":[\"Actualidad\"],\"inLanguage\":\"es\",\"potentialAction\":[{\"@type\":\"CommentAction\",\"name\":\"Comment\",\"target\":[\"https:\/\/www.clusteraudiovisual.cat\/es\/segona-edicio-del-dia-mundial-de-la-televisio\/#respond\"]}]},{\"@type\":\"WebPage\",\"@id\":\"https:\/\/www.clusteraudiovisual.cat\/es\/segona-edicio-del-dia-mundial-de-la-televisio\/\",\"url\":\"https:\/\/www.clusteraudiovisual.cat\/es\/segona-edicio-del-dia-mundial-de-la-televisio\/\",\"name\":\"Segunda edici\u00f3n del D\u00eda Mundial de la Televisi\u00f3n - Cl\u00faster Audiovisual\",\"isPartOf\":{\"@id\":\"https:\/\/www.clusteraudiovisual.cat\/es\/#website\"},\"primaryImageOfPage\":{\"@id\":\"https:\/\/www.clusteraudiovisual.cat\/es\/segona-edicio-del-dia-mundial-de-la-televisio\/#primaryimage\"},\"image\":{\"@id\":\"https:\/\/www.clusteraudiovisual.cat\/es\/segona-edicio-del-dia-mundial-de-la-televisio\/#primaryimage\"},\"thumbnailUrl\":\"https:\/\/www.clusteraudiovisual.cat\/wp-content\/uploads\/2021\/02\/Cartell-apaisat_Titol_DestacatReferen-2-e1448367311610.jpg\",\"datePublished\":\"2015-11-20T12:05:07+00:00\",\"author\":{\"@id\":\"https:\/\/www.clusteraudiovisual.cat\/es\/#\/schema\/person\/23e1e732da72779cfc4fd7842583d17d\"},\"inLanguage\":\"es\",\"potentialAction\":[{\"@type\":\"ReadAction\",\"target\":[\"https:\/\/www.clusteraudiovisual.cat\/es\/segona-edicio-del-dia-mundial-de-la-televisio\/\"]}]},{\"@type\":\"ImageObject\",\"inLanguage\":\"es\",\"@id\":\"https:\/\/www.clusteraudiovisual.cat\/es\/segona-edicio-del-dia-mundial-de-la-televisio\/#primaryimage\",\"url\":\"https:\/\/www.clusteraudiovisual.cat\/wp-content\/uploads\/2021\/02\/Cartell-apaisat_Titol_DestacatReferen-2-e1448367311610.jpg\",\"contentUrl\":\"https:\/\/www.clusteraudiovisual.cat\/wp-content\/uploads\/2021\/02\/Cartell-apaisat_Titol_DestacatReferen-2-e1448367311610.jpg\",\"width\":676,\"height\":380},{\"@type\":\"WebSite\",\"@id\":\"https:\/\/www.clusteraudiovisual.cat\/es\/#website\",\"url\":\"https:\/\/www.clusteraudiovisual.cat\/es\/\",\"name\":\"Cl\u00faster Audiovisual\",\"description\":\"Associaci\u00f3 d&#039;empreses que integren el sector audiovisual.\",\"potentialAction\":[{\"@type\":\"SearchAction\",\"target\":{\"@type\":\"EntryPoint\",\"urlTemplate\":\"https:\/\/www.clusteraudiovisual.cat\/es\/?s={search_term_string}\"},\"query-input\":{\"@type\":\"PropertyValueSpecification\",\"valueRequired\":true,\"valueName\":\"search_term_string\"}}],\"inLanguage\":\"es\"},{\"@type\":\"Person\",\"@id\":\"https:\/\/www.clusteraudiovisual.cat\/es\/#\/schema\/person\/23e1e732da72779cfc4fd7842583d17d\",\"name\":\"admin\",\"sameAs\":[\"https:\/\/www.clusteraudiovisual.cat\"],\"url\":\"https:\/\/www.clusteraudiovisual.cat\/es\/author\/admin\/\"}]}<\/script>\n<!-- \/ Yoast SEO plugin. -->","yoast_head_json":{"title":"Segunda edici\u00f3n del D\u00eda Mundial de la Televisi\u00f3n - Cl\u00faster Audiovisual","robots":{"index":"index","follow":"follow","max-snippet":"max-snippet:-1","max-image-preview":"max-image-preview:large","max-video-preview":"max-video-preview:-1"},"canonical":"https:\/\/www.clusteraudiovisual.cat\/es\/segona-edicio-del-dia-mundial-de-la-televisio\/","og_locale":"es_ES","og_type":"article","og_title":"Segunda edici\u00f3n del D\u00eda Mundial de la Televisi\u00f3n - Cl\u00faster Audiovisual","og_description":"Una de las novedades de este a\u00f1o ha sido que, adem\u00e1s de los profesionales del sector y los expertos universitarios, tambi\u00e9n han participado algunos representantes pol\u00edticos","og_url":"https:\/\/www.clusteraudiovisual.cat\/es\/segona-edicio-del-dia-mundial-de-la-televisio\/","og_site_name":"Cl\u00faster Audiovisual","article_published_time":"2015-11-20T12:05:07+00:00","og_image":[{"width":676,"height":380,"url":"https:\/\/www.clusteraudiovisual.cat\/wp-content\/uploads\/2021\/02\/Cartell-apaisat_Titol_DestacatReferen-2-e1448367311610.jpg","type":"image\/jpeg"}],"author":"admin","twitter_card":"summary_large_image","twitter_misc":{"Escrito por":"admin","Tiempo de lectura":"2 minutos"},"schema":{"@context":"https:\/\/schema.org","@graph":[{"@type":"Article","@id":"https:\/\/www.clusteraudiovisual.cat\/es\/segona-edicio-del-dia-mundial-de-la-televisio\/#article","isPartOf":{"@id":"https:\/\/www.clusteraudiovisual.cat\/es\/segona-edicio-del-dia-mundial-de-la-televisio\/"},"author":{"name":"admin","@id":"https:\/\/www.clusteraudiovisual.cat\/es\/#\/schema\/person\/23e1e732da72779cfc4fd7842583d17d"},"headline":"Segunda edici\u00f3n del D\u00eda Mundial de la Televisi\u00f3n","datePublished":"2015-11-20T12:05:07+00:00","mainEntityOfPage":{"@id":"https:\/\/www.clusteraudiovisual.cat\/es\/segona-edicio-del-dia-mundial-de-la-televisio\/"},"wordCount":510,"commentCount":0,"image":{"@id":"https:\/\/www.clusteraudiovisual.cat\/es\/segona-edicio-del-dia-mundial-de-la-televisio\/#primaryimage"},"thumbnailUrl":"https:\/\/www.clusteraudiovisual.cat\/wp-content\/uploads\/2021\/02\/Cartell-apaisat_Titol_DestacatReferen-2-e1448367311610.jpg","articleSection":["Actualidad"],"inLanguage":"es","potentialAction":[{"@type":"CommentAction","name":"Comment","target":["https:\/\/www.clusteraudiovisual.cat\/es\/segona-edicio-del-dia-mundial-de-la-televisio\/#respond"]}]},{"@type":"WebPage","@id":"https:\/\/www.clusteraudiovisual.cat\/es\/segona-edicio-del-dia-mundial-de-la-televisio\/","url":"https:\/\/www.clusteraudiovisual.cat\/es\/segona-edicio-del-dia-mundial-de-la-televisio\/","name":"Segunda edici\u00f3n del D\u00eda Mundial de la Televisi\u00f3n - Cl\u00faster Audiovisual","isPartOf":{"@id":"https:\/\/www.clusteraudiovisual.cat\/es\/#website"},"primaryImageOfPage":{"@id":"https:\/\/www.clusteraudiovisual.cat\/es\/segona-edicio-del-dia-mundial-de-la-televisio\/#primaryimage"},"image":{"@id":"https:\/\/www.clusteraudiovisual.cat\/es\/segona-edicio-del-dia-mundial-de-la-televisio\/#primaryimage"},"thumbnailUrl":"https:\/\/www.clusteraudiovisual.cat\/wp-content\/uploads\/2021\/02\/Cartell-apaisat_Titol_DestacatReferen-2-e1448367311610.jpg","datePublished":"2015-11-20T12:05:07+00:00","author":{"@id":"https:\/\/www.clusteraudiovisual.cat\/es\/#\/schema\/person\/23e1e732da72779cfc4fd7842583d17d"},"inLanguage":"es","potentialAction":[{"@type":"ReadAction","target":["https:\/\/www.clusteraudiovisual.cat\/es\/segona-edicio-del-dia-mundial-de-la-televisio\/"]}]},{"@type":"ImageObject","inLanguage":"es","@id":"https:\/\/www.clusteraudiovisual.cat\/es\/segona-edicio-del-dia-mundial-de-la-televisio\/#primaryimage","url":"https:\/\/www.clusteraudiovisual.cat\/wp-content\/uploads\/2021\/02\/Cartell-apaisat_Titol_DestacatReferen-2-e1448367311610.jpg","contentUrl":"https:\/\/www.clusteraudiovisual.cat\/wp-content\/uploads\/2021\/02\/Cartell-apaisat_Titol_DestacatReferen-2-e1448367311610.jpg","width":676,"height":380},{"@type":"WebSite","@id":"https:\/\/www.clusteraudiovisual.cat\/es\/#website","url":"https:\/\/www.clusteraudiovisual.cat\/es\/","name":"Cl\u00faster Audiovisual","description":"Associaci\u00f3 d&#039;empreses que integren el sector audiovisual.","potentialAction":[{"@type":"SearchAction","target":{"@type":"EntryPoint","urlTemplate":"https:\/\/www.clusteraudiovisual.cat\/es\/?s={search_term_string}"},"query-input":{"@type":"PropertyValueSpecification","valueRequired":true,"valueName":"search_term_string"}}],"inLanguage":"es"},{"@type":"Person","@id":"https:\/\/www.clusteraudiovisual.cat\/es\/#\/schema\/person\/23e1e732da72779cfc4fd7842583d17d","name":"admin","sameAs":["https:\/\/www.clusteraudiovisual.cat"],"url":"https:\/\/www.clusteraudiovisual.cat\/es\/author\/admin\/"}]}},"_links":{"self":[{"href":"https:\/\/www.clusteraudiovisual.cat\/es\/wp-json\/wp\/v2\/posts\/5619","targetHints":{"allow":["GET"]}}],"collection":[{"href":"https:\/\/www.clusteraudiovisual.cat\/es\/wp-json\/wp\/v2\/posts"}],"about":[{"href":"https:\/\/www.clusteraudiovisual.cat\/es\/wp-json\/wp\/v2\/types\/post"}],"author":[{"embeddable":true,"href":"https:\/\/www.clusteraudiovisual.cat\/es\/wp-json\/wp\/v2\/users\/1"}],"replies":[{"embeddable":true,"href":"https:\/\/www.clusteraudiovisual.cat\/es\/wp-json\/wp\/v2\/comments?post=5619"}],"version-history":[{"count":0,"href":"https:\/\/www.clusteraudiovisual.cat\/es\/wp-json\/wp\/v2\/posts\/5619\/revisions"}],"wp:featuredmedia":[{"embeddable":true,"href":"https:\/\/www.clusteraudiovisual.cat\/es\/wp-json\/wp\/v2\/media\/4200"}],"wp:attachment":[{"href":"https:\/\/www.clusteraudiovisual.cat\/es\/wp-json\/wp\/v2\/media?parent=5619"}],"wp:term":[{"taxonomy":"category","embeddable":true,"href":"https:\/\/www.clusteraudiovisual.cat\/es\/wp-json\/wp\/v2\/categories?post=5619"},{"taxonomy":"post_tag","embeddable":true,"href":"https:\/\/www.clusteraudiovisual.cat\/es\/wp-json\/wp\/v2\/tags?post=5619"}],"curies":[{"name":"wp","href":"https:\/\/api.w.org\/{rel}","templated":true}]}}