{"id":5598,"date":"2015-06-18T10:50:40","date_gmt":"2015-06-18T10:50:40","guid":{"rendered":"https:\/\/www.clusteraudiovisual.cat\/nace-el-primer-pitching-audiovisual-universidad-industria\/"},"modified":"2015-06-18T10:50:40","modified_gmt":"2015-06-18T10:50:40","slug":"nace-el-primer-pitching-audiovisual-universidad-industria","status":"publish","type":"post","link":"https:\/\/www.clusteraudiovisual.cat\/es\/nace-el-primer-pitching-audiovisual-universidad-industria\/","title":{"rendered":"Nace el primer \u00abpitching\u00bb audiovisual Universidad-Industria"},"content":{"rendered":"<p>El Cluster Audiovisual de Catalu\u00f1a y las Universidades catalanas han acordado poner en marcha el <em>Pitching<\/em> Audiovisual Universidad-Industria, una plataforma que permitir\u00e1 presentar ante la Industria audiovisual, los mejores proyectos en desarrollo creados por estudiantes universitarios. Por primera vez se llega a un acuerdo global entre las facultades de comunicaci\u00f3n de Catalu\u00f1a y la industria representada por el Cl\u00faster Audiovisual.<\/p>\n<p>Los d\u00edas 21 y 22 de Octubre, tras una selecci\u00f3n previa de los proyectos primero por las universidades y m\u00e1s tarde por la industria, se presentar\u00e1n 27 proyectos, de ficci\u00f3n, documental y nuevos formatos audiovisuales ante unas sesenta empresas del mundo audiovisual catal\u00e1n.<\/p>\n<p>Un <em>pitching<\/em> consiste en la presentaci\u00f3n breve de un proyecto ante potenciales financiadores con la voluntad de captar la atenci\u00f3n e iniciar as\u00ed las negociaciones para un posible acuerdo. El objetivo de esta iniciativa pionera es facilitar la profesionalizaci\u00f3n de los alumnos de los \u00faltimos cursos de grado y m\u00e1ster de comunicaci\u00f3n audiovisual y \/ o cine, establecer puentes de contacto que faciliten la incorporaci\u00f3n a la industria de las nuevas promociones universitarias y poder detectar as\u00ed el talento emergente.<\/p>\n<p>Las 12 universidades participantes ser\u00e1n Universidad Aut\u00f3noma de Barcelona-UAB, Universidad de Barcelona-UB, Blanquerna Universidad Ramon Llull, Universidad Pompeu Fabra-UPF, Universidad Rovira i Virgili-URV, Universidad de Lleida-UDL, Universidad de Vic-UVIC, Universidad Internacional de Catalu\u00f1a UIC, La Salle Campus Barcelona Universidad Ramon Llull, Universidad Abad Oliba CEU, Escuela Universitaria ERAM (Universidad de Girona) y Escuela Superior Polit\u00e9cnica Tecnocampus (Matar\u00f3). Est\u00e1 previsto que otras universidades se incorporen al proyecto pr\u00f3ximamente.<\/p>\n<p>La primera edici\u00f3n del <em>Pitching<\/em> Audiovisual Universidad-Industria se celebrar\u00e1 en el CCCB (Centro de Cultura Contempor\u00e1nea de Barcelona) los d\u00edas 21 y 22 de Octubre.<\/p>\n","protected":false},"excerpt":{"rendered":"<p>Permitir\u00e1 presentar ante la Industria audiovisual, los mejores proyectos en desarrollo creados por estudiantes universitarios<\/p>\n","protected":false},"author":1,"featured_media":0,"comment_status":"open","ping_status":"open","sticky":false,"template":"","format":"standard","meta":{"_acf_changed":false,"footnotes":""},"categories":[21],"tags":[],"class_list":["post-5598","post","type-post","status-publish","format-standard","hentry","category-actualidad"],"acf":[],"yoast_head":"<!-- This site is optimized with the Yoast SEO plugin v27.0 - https:\/\/yoast.com\/product\/yoast-seo-wordpress\/ -->\n<title>Nace el primer &quot;pitching&quot; audiovisual Universidad-Industria - Cl\u00faster Audiovisual<\/title>\n<meta name=\"robots\" content=\"index, follow, max-snippet:-1, max-image-preview:large, max-video-preview:-1\" \/>\n<link rel=\"canonical\" href=\"https:\/\/www.clusteraudiovisual.cat\/es\/nace-el-primer-pitching-audiovisual-universidad-industria\/\" \/>\n<meta property=\"og:locale\" content=\"es_ES\" \/>\n<meta property=\"og:type\" content=\"article\" \/>\n<meta property=\"og:title\" content=\"Nace el primer &quot;pitching&quot; audiovisual Universidad-Industria - Cl\u00faster Audiovisual\" \/>\n<meta property=\"og:description\" content=\"Permitir\u00e1 presentar ante la Industria audiovisual, los mejores proyectos en desarrollo creados por estudiantes universitarios\" \/>\n<meta property=\"og:url\" content=\"https:\/\/www.clusteraudiovisual.cat\/es\/nace-el-primer-pitching-audiovisual-universidad-industria\/\" \/>\n<meta property=\"og:site_name\" content=\"Cl\u00faster Audiovisual\" \/>\n<meta property=\"article:published_time\" content=\"2015-06-18T10:50:40+00:00\" \/>\n<meta name=\"author\" content=\"admin\" \/>\n<meta name=\"twitter:card\" content=\"summary_large_image\" \/>\n<meta name=\"twitter:label1\" content=\"Escrito por\" \/>\n\t<meta name=\"twitter:data1\" content=\"admin\" \/>\n\t<meta name=\"twitter:label2\" content=\"Tiempo de lectura\" \/>\n\t<meta name=\"twitter:data2\" content=\"1 minuto\" \/>\n<script type=\"application\/ld+json\" class=\"yoast-schema-graph\">{\"@context\":\"https:\/\/schema.org\",\"@graph\":[{\"@type\":\"Article\",\"@id\":\"https:\/\/www.clusteraudiovisual.cat\/es\/nace-el-primer-pitching-audiovisual-universidad-industria\/#article\",\"isPartOf\":{\"@id\":\"https:\/\/www.clusteraudiovisual.cat\/es\/nace-el-primer-pitching-audiovisual-universidad-industria\/\"},\"author\":{\"name\":\"admin\",\"@id\":\"https:\/\/www.clusteraudiovisual.cat\/es\/#\/schema\/person\/23e1e732da72779cfc4fd7842583d17d\"},\"headline\":\"Nace el primer \u00abpitching\u00bb audiovisual Universidad-Industria\",\"datePublished\":\"2015-06-18T10:50:40+00:00\",\"mainEntityOfPage\":{\"@id\":\"https:\/\/www.clusteraudiovisual.cat\/es\/nace-el-primer-pitching-audiovisual-universidad-industria\/\"},\"wordCount\":298,\"commentCount\":0,\"articleSection\":[\"Actualidad\"],\"inLanguage\":\"es\",\"potentialAction\":[{\"@type\":\"CommentAction\",\"name\":\"Comment\",\"target\":[\"https:\/\/www.clusteraudiovisual.cat\/es\/nace-el-primer-pitching-audiovisual-universidad-industria\/#respond\"]}]},{\"@type\":\"WebPage\",\"@id\":\"https:\/\/www.clusteraudiovisual.cat\/es\/nace-el-primer-pitching-audiovisual-universidad-industria\/\",\"url\":\"https:\/\/www.clusteraudiovisual.cat\/es\/nace-el-primer-pitching-audiovisual-universidad-industria\/\",\"name\":\"Nace el primer \\\"pitching\\\" audiovisual Universidad-Industria - Cl\u00faster Audiovisual\",\"isPartOf\":{\"@id\":\"https:\/\/www.clusteraudiovisual.cat\/es\/#website\"},\"datePublished\":\"2015-06-18T10:50:40+00:00\",\"author\":{\"@id\":\"https:\/\/www.clusteraudiovisual.cat\/es\/#\/schema\/person\/23e1e732da72779cfc4fd7842583d17d\"},\"inLanguage\":\"es\",\"potentialAction\":[{\"@type\":\"ReadAction\",\"target\":[\"https:\/\/www.clusteraudiovisual.cat\/es\/nace-el-primer-pitching-audiovisual-universidad-industria\/\"]}]},{\"@type\":\"WebSite\",\"@id\":\"https:\/\/www.clusteraudiovisual.cat\/es\/#website\",\"url\":\"https:\/\/www.clusteraudiovisual.cat\/es\/\",\"name\":\"Cl\u00faster Audiovisual\",\"description\":\"Associaci\u00f3 d&#039;empreses que integren el sector audiovisual.\",\"potentialAction\":[{\"@type\":\"SearchAction\",\"target\":{\"@type\":\"EntryPoint\",\"urlTemplate\":\"https:\/\/www.clusteraudiovisual.cat\/es\/?s={search_term_string}\"},\"query-input\":{\"@type\":\"PropertyValueSpecification\",\"valueRequired\":true,\"valueName\":\"search_term_string\"}}],\"inLanguage\":\"es\"},{\"@type\":\"Person\",\"@id\":\"https:\/\/www.clusteraudiovisual.cat\/es\/#\/schema\/person\/23e1e732da72779cfc4fd7842583d17d\",\"name\":\"admin\",\"sameAs\":[\"https:\/\/www.clusteraudiovisual.cat\"],\"url\":\"https:\/\/www.clusteraudiovisual.cat\/es\/author\/admin\/\"}]}<\/script>\n<!-- \/ Yoast SEO plugin. -->","yoast_head_json":{"title":"Nace el primer \"pitching\" audiovisual Universidad-Industria - Cl\u00faster Audiovisual","robots":{"index":"index","follow":"follow","max-snippet":"max-snippet:-1","max-image-preview":"max-image-preview:large","max-video-preview":"max-video-preview:-1"},"canonical":"https:\/\/www.clusteraudiovisual.cat\/es\/nace-el-primer-pitching-audiovisual-universidad-industria\/","og_locale":"es_ES","og_type":"article","og_title":"Nace el primer \"pitching\" audiovisual Universidad-Industria - Cl\u00faster Audiovisual","og_description":"Permitir\u00e1 presentar ante la Industria audiovisual, los mejores proyectos en desarrollo creados por estudiantes universitarios","og_url":"https:\/\/www.clusteraudiovisual.cat\/es\/nace-el-primer-pitching-audiovisual-universidad-industria\/","og_site_name":"Cl\u00faster Audiovisual","article_published_time":"2015-06-18T10:50:40+00:00","author":"admin","twitter_card":"summary_large_image","twitter_misc":{"Escrito por":"admin","Tiempo de lectura":"1 minuto"},"schema":{"@context":"https:\/\/schema.org","@graph":[{"@type":"Article","@id":"https:\/\/www.clusteraudiovisual.cat\/es\/nace-el-primer-pitching-audiovisual-universidad-industria\/#article","isPartOf":{"@id":"https:\/\/www.clusteraudiovisual.cat\/es\/nace-el-primer-pitching-audiovisual-universidad-industria\/"},"author":{"name":"admin","@id":"https:\/\/www.clusteraudiovisual.cat\/es\/#\/schema\/person\/23e1e732da72779cfc4fd7842583d17d"},"headline":"Nace el primer \u00abpitching\u00bb audiovisual Universidad-Industria","datePublished":"2015-06-18T10:50:40+00:00","mainEntityOfPage":{"@id":"https:\/\/www.clusteraudiovisual.cat\/es\/nace-el-primer-pitching-audiovisual-universidad-industria\/"},"wordCount":298,"commentCount":0,"articleSection":["Actualidad"],"inLanguage":"es","potentialAction":[{"@type":"CommentAction","name":"Comment","target":["https:\/\/www.clusteraudiovisual.cat\/es\/nace-el-primer-pitching-audiovisual-universidad-industria\/#respond"]}]},{"@type":"WebPage","@id":"https:\/\/www.clusteraudiovisual.cat\/es\/nace-el-primer-pitching-audiovisual-universidad-industria\/","url":"https:\/\/www.clusteraudiovisual.cat\/es\/nace-el-primer-pitching-audiovisual-universidad-industria\/","name":"Nace el primer \"pitching\" audiovisual Universidad-Industria - Cl\u00faster Audiovisual","isPartOf":{"@id":"https:\/\/www.clusteraudiovisual.cat\/es\/#website"},"datePublished":"2015-06-18T10:50:40+00:00","author":{"@id":"https:\/\/www.clusteraudiovisual.cat\/es\/#\/schema\/person\/23e1e732da72779cfc4fd7842583d17d"},"inLanguage":"es","potentialAction":[{"@type":"ReadAction","target":["https:\/\/www.clusteraudiovisual.cat\/es\/nace-el-primer-pitching-audiovisual-universidad-industria\/"]}]},{"@type":"WebSite","@id":"https:\/\/www.clusteraudiovisual.cat\/es\/#website","url":"https:\/\/www.clusteraudiovisual.cat\/es\/","name":"Cl\u00faster Audiovisual","description":"Associaci\u00f3 d&#039;empreses que integren el sector audiovisual.","potentialAction":[{"@type":"SearchAction","target":{"@type":"EntryPoint","urlTemplate":"https:\/\/www.clusteraudiovisual.cat\/es\/?s={search_term_string}"},"query-input":{"@type":"PropertyValueSpecification","valueRequired":true,"valueName":"search_term_string"}}],"inLanguage":"es"},{"@type":"Person","@id":"https:\/\/www.clusteraudiovisual.cat\/es\/#\/schema\/person\/23e1e732da72779cfc4fd7842583d17d","name":"admin","sameAs":["https:\/\/www.clusteraudiovisual.cat"],"url":"https:\/\/www.clusteraudiovisual.cat\/es\/author\/admin\/"}]}},"_links":{"self":[{"href":"https:\/\/www.clusteraudiovisual.cat\/es\/wp-json\/wp\/v2\/posts\/5598","targetHints":{"allow":["GET"]}}],"collection":[{"href":"https:\/\/www.clusteraudiovisual.cat\/es\/wp-json\/wp\/v2\/posts"}],"about":[{"href":"https:\/\/www.clusteraudiovisual.cat\/es\/wp-json\/wp\/v2\/types\/post"}],"author":[{"embeddable":true,"href":"https:\/\/www.clusteraudiovisual.cat\/es\/wp-json\/wp\/v2\/users\/1"}],"replies":[{"embeddable":true,"href":"https:\/\/www.clusteraudiovisual.cat\/es\/wp-json\/wp\/v2\/comments?post=5598"}],"version-history":[{"count":0,"href":"https:\/\/www.clusteraudiovisual.cat\/es\/wp-json\/wp\/v2\/posts\/5598\/revisions"}],"wp:attachment":[{"href":"https:\/\/www.clusteraudiovisual.cat\/es\/wp-json\/wp\/v2\/media?parent=5598"}],"wp:term":[{"taxonomy":"category","embeddable":true,"href":"https:\/\/www.clusteraudiovisual.cat\/es\/wp-json\/wp\/v2\/categories?post=5598"},{"taxonomy":"post_tag","embeddable":true,"href":"https:\/\/www.clusteraudiovisual.cat\/es\/wp-json\/wp\/v2\/tags?post=5598"}],"curies":[{"name":"wp","href":"https:\/\/api.w.org\/{rel}","templated":true}]}}