{"id":5578,"date":"2015-05-12T08:26:01","date_gmt":"2015-05-12T08:26:01","guid":{"rendered":"https:\/\/www.clusteraudiovisual.cat\/internet-i-laudiovisual-es-troben-al-digital-media-forum\/"},"modified":"2015-05-12T08:26:01","modified_gmt":"2015-05-12T08:26:01","slug":"internet-i-laudiovisual-es-troben-al-digital-media-forum","status":"publish","type":"post","link":"https:\/\/www.clusteraudiovisual.cat\/es\/internet-i-laudiovisual-es-troben-al-digital-media-forum\/","title":{"rendered":"Internet y el Audiovisual se encuentran en el Digital &#038; Media Forum"},"content":{"rendered":"<p>La irrupci\u00f3n de Internet alter\u00f3 el modelo de negocio tanto de las televisiones y las productoras, como de las agencias de publicidad y las marcas. El mundo audiovisual tiene que adaptarse a este nuevo ecosistema, repleto de retos, pero a su vez de oportunidades, que ofrece nuevas posibilidades t\u00e9cnicas, comerciales y creativas. Son algunas de las conclusiones del Digital &amp; Media Forum, organizado por el Cluster Audiovisual de Catalu\u00f1a en el auditorio de la\u00a0<a href=\"http:\/\/www.blanquerna.edu\/ca\/fcc\">Blanquerna<\/a>.<\/p>\n<p>Con tal de reflexionar sobre los v\u00ednculos que el mundo audiovisual mantiene y mantendr\u00e1 con Internet -y viceversa-, seis profesionales con perfiles muy diferentes han participado en la sesi\u00f3n Digital &amp; Media Forum, repartidos en tres bloques tem\u00e1ticos moderados por Sergi Vicente, director de\u00a0<a href=\"http:\/\/www.btv.cat\/\">BTV<\/a>.<\/p>\n<p>El primer bloque, dise\u00f1ado para reflexionar sobre Internet des del \u00e1mbito audiovisual, lo ha introducido Toni Esteve\u00a0(<a href=\"http:\/\/www.lavinia.tc\/\">Grup Lavinia<\/a>),\u00a0con una ponencia dedicada a las \u00faltimas transformaciones en las ventanas y soportes audiovisuales, y a los cambios en los h\u00e1bitos de las audiencias que, seg\u00fan el presidente de Lavinia, tienden a la \u201cinmersividad\u201d: la participaci\u00f3n activa del usuario en los contenidos audiovisuales. Adem\u00e1s, ha pronosticado que el audiovisual jugar\u00e1 un papel cada vez m\u00e1s relevante como herramienta educativa en los programas formativos de las escuelas.<\/p>\n<p>A su turno, Astrid Altadill, Branded Content Strategist de\u00a0<a href=\"http:\/\/www.elterrat.com\/\">El Terrat<\/a>,\u00a0partiendo de su dilatada experiencia en el campo de la publicidad digital, ha detallado c\u00f3mo las televisiones, las marcas y las agencias se han ido introduciendo en Internet, y de qu\u00e9 manera este nuevo ecosistema obliga a cambiar las formas de difusi\u00f3n y producci\u00f3n de contenidos, as\u00ed como a idear nuevas estrategias de interacci\u00f3n con los consumidores.<\/p>\n<p>En el segundo bloque se ha hablado de las experiencias h\u00edbridas, que fusionan el audiovisual con Internet. El profesor y realizador multimedia, Arnau Gifreu, destaca las posibilidades art\u00edsticas que ofrece un campo como el transmedia, con especial menci\u00f3n a algunos proyectos innovadores llevados a cabo en Espa\u00f1a y Catalu\u00f1a,\u00a0como\u00a0<a href=\"http:\/\/www.filmutea.com\/panzerchocolate\/\">Panzer Chocolate<\/a>, <a href=\"http:\/\/es.cosmonautexperience.com\/\">El Cosmonauta<\/a>, <a href=\"http:\/\/www.2puntllibre.cat\/maleida-ciutat\/\">Male\u00efda Ciutat<\/a> o <a href=\"http:\/\/cyborgproject.com\/\">Cyborg Project<\/a>. Por otro lado, Nataly R\u00edos, productora de la empresa brit\u00e1nica\u00a0<a href=\"http:\/\/www.tstoryteller.com\/\">Transmedia Storytelling<\/a>, se ha referido a las nuevas estrategias comerciales basadas en el transmedia, por medio de las cuales las marcas ganan mayor presencia ante sus clientes a trav\u00e9s del desarrollo de experiencias interactivas. Es el caso de Canal Plus con\u00a0<a href=\"http:\/\/19reinos.canalplus.es\/\">19 Reinos<\/a>,\u00a0un juego transmedia destinado a los seguidores de la serie Game of Thrones.<\/p>\n<p>El \u00faltimo bloque ha cerrado la sesi\u00f3n con dos profesionales que han reflexionado sobre el audiovisual desde Internet: Oriol Sol\u00e9, fundador de\u00a0<a href=\"http:\/\/series.ly\/\">Seriesly<\/a>, ha presentado su projecto m\u00e1s reciente: <a href=\"https:\/\/es.tviso.com\/\">TViso<\/a>,\u00a0una plataforma online pensada para facilitar y personalizar el visionado de la programaci\u00f3n televisiva; y Eudald Domenech, fundador de Servicom, Telepolis, World Online, Inout TV, Techfoundries, <a href=\"http:\/\/www.totalchannel.com\/\">Total Channel<\/a>\u00a0y\u00a0<a href=\"http:\/\/sincroguia.tv\/es\/\">Sincroguia TV<\/a>,\u00a0ha aceptado el reto de describir c\u00f3mo ser\u00e1 el mundo del audiovisual en relaci\u00f3n con Internet en 2020. As\u00ed concluye que el <em>broadcast<\/em> aun ser\u00e1 mayoritario, pero con una fuerte presencia del <em>second screen<\/em>, las apps y los nuevos dispositivos, en un marco de contenidos \u201chiperfragmentados\u201d, mucho m\u00e1s personalizados y din\u00e1micos.<\/p>\n","protected":false},"excerpt":{"rendered":"<p>Seis profesionales del audiovisual e Internet han participado en la sesi\u00f3n organizada por el Cluster en el auditorio de la Blanquerna<\/p>\n","protected":false},"author":1,"featured_media":4076,"comment_status":"open","ping_status":"open","sticky":false,"template":"","format":"standard","meta":{"_acf_changed":false,"footnotes":""},"categories":[21],"tags":[],"class_list":["post-5578","post","type-post","status-publish","format-standard","has-post-thumbnail","hentry","category-actualidad"],"acf":[],"yoast_head":"<!-- This site is optimized with the Yoast SEO plugin v27.0 - https:\/\/yoast.com\/product\/yoast-seo-wordpress\/ -->\n<title>Internet y el Audiovisual se encuentran en el Digital &amp; Media Forum - Cl\u00faster Audiovisual<\/title>\n<meta name=\"robots\" content=\"index, follow, max-snippet:-1, max-image-preview:large, max-video-preview:-1\" \/>\n<link rel=\"canonical\" href=\"https:\/\/www.clusteraudiovisual.cat\/es\/internet-i-laudiovisual-es-troben-al-digital-media-forum\/\" \/>\n<meta property=\"og:locale\" content=\"es_ES\" \/>\n<meta property=\"og:type\" content=\"article\" \/>\n<meta property=\"og:title\" content=\"Internet y el Audiovisual se encuentran en el Digital &amp; Media Forum - Cl\u00faster Audiovisual\" \/>\n<meta property=\"og:description\" content=\"Seis profesionales del audiovisual e Internet han participado en la sesi\u00f3n organizada por el Cluster en el auditorio de la Blanquerna\" \/>\n<meta property=\"og:url\" content=\"https:\/\/www.clusteraudiovisual.cat\/es\/internet-i-laudiovisual-es-troben-al-digital-media-forum\/\" \/>\n<meta property=\"og:site_name\" content=\"Cl\u00faster Audiovisual\" \/>\n<meta property=\"article:published_time\" content=\"2015-05-12T08:26:01+00:00\" \/>\n<meta property=\"og:image\" content=\"https:\/\/www.clusteraudiovisual.cat\/wp-content\/uploads\/2021\/02\/Media-forum-web-e1431594191117.jpg\" \/>\n\t<meta property=\"og:image:width\" content=\"738\" \/>\n\t<meta property=\"og:image:height\" content=\"300\" \/>\n\t<meta property=\"og:image:type\" content=\"image\/jpeg\" \/>\n<meta name=\"author\" content=\"admin\" \/>\n<meta name=\"twitter:card\" content=\"summary_large_image\" \/>\n<meta name=\"twitter:label1\" content=\"Escrito por\" \/>\n\t<meta name=\"twitter:data1\" content=\"admin\" \/>\n\t<meta name=\"twitter:label2\" content=\"Tiempo de lectura\" \/>\n\t<meta name=\"twitter:data2\" content=\"3 minutos\" \/>\n<script type=\"application\/ld+json\" class=\"yoast-schema-graph\">{\"@context\":\"https:\/\/schema.org\",\"@graph\":[{\"@type\":\"Article\",\"@id\":\"https:\/\/www.clusteraudiovisual.cat\/es\/internet-i-laudiovisual-es-troben-al-digital-media-forum\/#article\",\"isPartOf\":{\"@id\":\"https:\/\/www.clusteraudiovisual.cat\/es\/internet-i-laudiovisual-es-troben-al-digital-media-forum\/\"},\"author\":{\"name\":\"admin\",\"@id\":\"https:\/\/www.clusteraudiovisual.cat\/es\/#\/schema\/person\/23e1e732da72779cfc4fd7842583d17d\"},\"headline\":\"Internet y el Audiovisual se encuentran en el Digital &#038; Media Forum\",\"datePublished\":\"2015-05-12T08:26:01+00:00\",\"mainEntityOfPage\":{\"@id\":\"https:\/\/www.clusteraudiovisual.cat\/es\/internet-i-laudiovisual-es-troben-al-digital-media-forum\/\"},\"wordCount\":551,\"commentCount\":0,\"image\":{\"@id\":\"https:\/\/www.clusteraudiovisual.cat\/es\/internet-i-laudiovisual-es-troben-al-digital-media-forum\/#primaryimage\"},\"thumbnailUrl\":\"https:\/\/www.clusteraudiovisual.cat\/wp-content\/uploads\/2021\/02\/Media-forum-web-e1431594191117.jpg\",\"articleSection\":[\"Actualidad\"],\"inLanguage\":\"es\",\"potentialAction\":[{\"@type\":\"CommentAction\",\"name\":\"Comment\",\"target\":[\"https:\/\/www.clusteraudiovisual.cat\/es\/internet-i-laudiovisual-es-troben-al-digital-media-forum\/#respond\"]}]},{\"@type\":\"WebPage\",\"@id\":\"https:\/\/www.clusteraudiovisual.cat\/es\/internet-i-laudiovisual-es-troben-al-digital-media-forum\/\",\"url\":\"https:\/\/www.clusteraudiovisual.cat\/es\/internet-i-laudiovisual-es-troben-al-digital-media-forum\/\",\"name\":\"Internet y el Audiovisual se encuentran en el Digital & Media Forum - Cl\u00faster Audiovisual\",\"isPartOf\":{\"@id\":\"https:\/\/www.clusteraudiovisual.cat\/es\/#website\"},\"primaryImageOfPage\":{\"@id\":\"https:\/\/www.clusteraudiovisual.cat\/es\/internet-i-laudiovisual-es-troben-al-digital-media-forum\/#primaryimage\"},\"image\":{\"@id\":\"https:\/\/www.clusteraudiovisual.cat\/es\/internet-i-laudiovisual-es-troben-al-digital-media-forum\/#primaryimage\"},\"thumbnailUrl\":\"https:\/\/www.clusteraudiovisual.cat\/wp-content\/uploads\/2021\/02\/Media-forum-web-e1431594191117.jpg\",\"datePublished\":\"2015-05-12T08:26:01+00:00\",\"author\":{\"@id\":\"https:\/\/www.clusteraudiovisual.cat\/es\/#\/schema\/person\/23e1e732da72779cfc4fd7842583d17d\"},\"inLanguage\":\"es\",\"potentialAction\":[{\"@type\":\"ReadAction\",\"target\":[\"https:\/\/www.clusteraudiovisual.cat\/es\/internet-i-laudiovisual-es-troben-al-digital-media-forum\/\"]}]},{\"@type\":\"ImageObject\",\"inLanguage\":\"es\",\"@id\":\"https:\/\/www.clusteraudiovisual.cat\/es\/internet-i-laudiovisual-es-troben-al-digital-media-forum\/#primaryimage\",\"url\":\"https:\/\/www.clusteraudiovisual.cat\/wp-content\/uploads\/2021\/02\/Media-forum-web-e1431594191117.jpg\",\"contentUrl\":\"https:\/\/www.clusteraudiovisual.cat\/wp-content\/uploads\/2021\/02\/Media-forum-web-e1431594191117.jpg\",\"width\":738,\"height\":300},{\"@type\":\"WebSite\",\"@id\":\"https:\/\/www.clusteraudiovisual.cat\/es\/#website\",\"url\":\"https:\/\/www.clusteraudiovisual.cat\/es\/\",\"name\":\"Cl\u00faster Audiovisual\",\"description\":\"Associaci\u00f3 d&#039;empreses que integren el sector audiovisual.\",\"potentialAction\":[{\"@type\":\"SearchAction\",\"target\":{\"@type\":\"EntryPoint\",\"urlTemplate\":\"https:\/\/www.clusteraudiovisual.cat\/es\/?s={search_term_string}\"},\"query-input\":{\"@type\":\"PropertyValueSpecification\",\"valueRequired\":true,\"valueName\":\"search_term_string\"}}],\"inLanguage\":\"es\"},{\"@type\":\"Person\",\"@id\":\"https:\/\/www.clusteraudiovisual.cat\/es\/#\/schema\/person\/23e1e732da72779cfc4fd7842583d17d\",\"name\":\"admin\",\"sameAs\":[\"https:\/\/www.clusteraudiovisual.cat\"],\"url\":\"https:\/\/www.clusteraudiovisual.cat\/es\/author\/admin\/\"}]}<\/script>\n<!-- \/ Yoast SEO plugin. -->","yoast_head_json":{"title":"Internet y el Audiovisual se encuentran en el Digital & Media Forum - Cl\u00faster Audiovisual","robots":{"index":"index","follow":"follow","max-snippet":"max-snippet:-1","max-image-preview":"max-image-preview:large","max-video-preview":"max-video-preview:-1"},"canonical":"https:\/\/www.clusteraudiovisual.cat\/es\/internet-i-laudiovisual-es-troben-al-digital-media-forum\/","og_locale":"es_ES","og_type":"article","og_title":"Internet y el Audiovisual se encuentran en el Digital & Media Forum - Cl\u00faster Audiovisual","og_description":"Seis profesionales del audiovisual e Internet han participado en la sesi\u00f3n organizada por el Cluster en el auditorio de la Blanquerna","og_url":"https:\/\/www.clusteraudiovisual.cat\/es\/internet-i-laudiovisual-es-troben-al-digital-media-forum\/","og_site_name":"Cl\u00faster Audiovisual","article_published_time":"2015-05-12T08:26:01+00:00","og_image":[{"width":738,"height":300,"url":"https:\/\/www.clusteraudiovisual.cat\/wp-content\/uploads\/2021\/02\/Media-forum-web-e1431594191117.jpg","type":"image\/jpeg"}],"author":"admin","twitter_card":"summary_large_image","twitter_misc":{"Escrito por":"admin","Tiempo de lectura":"3 minutos"},"schema":{"@context":"https:\/\/schema.org","@graph":[{"@type":"Article","@id":"https:\/\/www.clusteraudiovisual.cat\/es\/internet-i-laudiovisual-es-troben-al-digital-media-forum\/#article","isPartOf":{"@id":"https:\/\/www.clusteraudiovisual.cat\/es\/internet-i-laudiovisual-es-troben-al-digital-media-forum\/"},"author":{"name":"admin","@id":"https:\/\/www.clusteraudiovisual.cat\/es\/#\/schema\/person\/23e1e732da72779cfc4fd7842583d17d"},"headline":"Internet y el Audiovisual se encuentran en el Digital &#038; Media Forum","datePublished":"2015-05-12T08:26:01+00:00","mainEntityOfPage":{"@id":"https:\/\/www.clusteraudiovisual.cat\/es\/internet-i-laudiovisual-es-troben-al-digital-media-forum\/"},"wordCount":551,"commentCount":0,"image":{"@id":"https:\/\/www.clusteraudiovisual.cat\/es\/internet-i-laudiovisual-es-troben-al-digital-media-forum\/#primaryimage"},"thumbnailUrl":"https:\/\/www.clusteraudiovisual.cat\/wp-content\/uploads\/2021\/02\/Media-forum-web-e1431594191117.jpg","articleSection":["Actualidad"],"inLanguage":"es","potentialAction":[{"@type":"CommentAction","name":"Comment","target":["https:\/\/www.clusteraudiovisual.cat\/es\/internet-i-laudiovisual-es-troben-al-digital-media-forum\/#respond"]}]},{"@type":"WebPage","@id":"https:\/\/www.clusteraudiovisual.cat\/es\/internet-i-laudiovisual-es-troben-al-digital-media-forum\/","url":"https:\/\/www.clusteraudiovisual.cat\/es\/internet-i-laudiovisual-es-troben-al-digital-media-forum\/","name":"Internet y el Audiovisual se encuentran en el Digital & Media Forum - Cl\u00faster Audiovisual","isPartOf":{"@id":"https:\/\/www.clusteraudiovisual.cat\/es\/#website"},"primaryImageOfPage":{"@id":"https:\/\/www.clusteraudiovisual.cat\/es\/internet-i-laudiovisual-es-troben-al-digital-media-forum\/#primaryimage"},"image":{"@id":"https:\/\/www.clusteraudiovisual.cat\/es\/internet-i-laudiovisual-es-troben-al-digital-media-forum\/#primaryimage"},"thumbnailUrl":"https:\/\/www.clusteraudiovisual.cat\/wp-content\/uploads\/2021\/02\/Media-forum-web-e1431594191117.jpg","datePublished":"2015-05-12T08:26:01+00:00","author":{"@id":"https:\/\/www.clusteraudiovisual.cat\/es\/#\/schema\/person\/23e1e732da72779cfc4fd7842583d17d"},"inLanguage":"es","potentialAction":[{"@type":"ReadAction","target":["https:\/\/www.clusteraudiovisual.cat\/es\/internet-i-laudiovisual-es-troben-al-digital-media-forum\/"]}]},{"@type":"ImageObject","inLanguage":"es","@id":"https:\/\/www.clusteraudiovisual.cat\/es\/internet-i-laudiovisual-es-troben-al-digital-media-forum\/#primaryimage","url":"https:\/\/www.clusteraudiovisual.cat\/wp-content\/uploads\/2021\/02\/Media-forum-web-e1431594191117.jpg","contentUrl":"https:\/\/www.clusteraudiovisual.cat\/wp-content\/uploads\/2021\/02\/Media-forum-web-e1431594191117.jpg","width":738,"height":300},{"@type":"WebSite","@id":"https:\/\/www.clusteraudiovisual.cat\/es\/#website","url":"https:\/\/www.clusteraudiovisual.cat\/es\/","name":"Cl\u00faster Audiovisual","description":"Associaci\u00f3 d&#039;empreses que integren el sector audiovisual.","potentialAction":[{"@type":"SearchAction","target":{"@type":"EntryPoint","urlTemplate":"https:\/\/www.clusteraudiovisual.cat\/es\/?s={search_term_string}"},"query-input":{"@type":"PropertyValueSpecification","valueRequired":true,"valueName":"search_term_string"}}],"inLanguage":"es"},{"@type":"Person","@id":"https:\/\/www.clusteraudiovisual.cat\/es\/#\/schema\/person\/23e1e732da72779cfc4fd7842583d17d","name":"admin","sameAs":["https:\/\/www.clusteraudiovisual.cat"],"url":"https:\/\/www.clusteraudiovisual.cat\/es\/author\/admin\/"}]}},"_links":{"self":[{"href":"https:\/\/www.clusteraudiovisual.cat\/es\/wp-json\/wp\/v2\/posts\/5578","targetHints":{"allow":["GET"]}}],"collection":[{"href":"https:\/\/www.clusteraudiovisual.cat\/es\/wp-json\/wp\/v2\/posts"}],"about":[{"href":"https:\/\/www.clusteraudiovisual.cat\/es\/wp-json\/wp\/v2\/types\/post"}],"author":[{"embeddable":true,"href":"https:\/\/www.clusteraudiovisual.cat\/es\/wp-json\/wp\/v2\/users\/1"}],"replies":[{"embeddable":true,"href":"https:\/\/www.clusteraudiovisual.cat\/es\/wp-json\/wp\/v2\/comments?post=5578"}],"version-history":[{"count":0,"href":"https:\/\/www.clusteraudiovisual.cat\/es\/wp-json\/wp\/v2\/posts\/5578\/revisions"}],"wp:featuredmedia":[{"embeddable":true,"href":"https:\/\/www.clusteraudiovisual.cat\/es\/wp-json\/wp\/v2\/media\/4076"}],"wp:attachment":[{"href":"https:\/\/www.clusteraudiovisual.cat\/es\/wp-json\/wp\/v2\/media?parent=5578"}],"wp:term":[{"taxonomy":"category","embeddable":true,"href":"https:\/\/www.clusteraudiovisual.cat\/es\/wp-json\/wp\/v2\/categories?post=5578"},{"taxonomy":"post_tag","embeddable":true,"href":"https:\/\/www.clusteraudiovisual.cat\/es\/wp-json\/wp\/v2\/tags?post=5578"}],"curies":[{"name":"wp","href":"https:\/\/api.w.org\/{rel}","templated":true}]}}