{"id":5562,"date":"2015-03-04T11:14:07","date_gmt":"2015-03-04T11:14:07","guid":{"rendered":"https:\/\/www.clusteraudiovisual.cat\/el-cluster-en-el-mobile-world-congress\/"},"modified":"2015-03-04T11:14:07","modified_gmt":"2015-03-04T11:14:07","slug":"el-cluster-en-el-mobile-world-congress","status":"publish","type":"post","link":"https:\/\/www.clusteraudiovisual.cat\/es\/el-cluster-en-el-mobile-world-congress\/","title":{"rendered":"El Cluster en el Mobile World Congress"},"content":{"rendered":"<p>Un grupo de unas 20 empresas del Cluster Audiovisual de Catalu\u00f1a ha visitado hoy el 4YFN (<a href=\"http:\/\/www.4yfn.com\/\">Four Years From Now)<\/a>. Invitadas por la direcci\u00f3n, han podido asistir a unas jornadas que compaginan conferencias y talleres, y cuentan con una zona expositiva pensada para conectar las startups del \u00e1mbito digital, media y tecnol\u00f3gico con los inversores y las empresas interesadas.<\/p>\n<p>El 4YFN -la de este a\u00f1o ha sido la segunda edici\u00f3n- se est\u00e1 convirtiendo en el \u00e1mbito del <a href=\"http:\/\/www.mobileworldcongress.com\/\">Mobile World Congress<\/a> que est\u00e1 m\u00e1s estrechamente relacionado con la innovaci\u00f3n, la creatividad y los contenidos emergentes.<\/p>\n<p>Adem\u00e1s, algunos socios del Cluster han tenido una presencia destacada en el Mobile World Congress, como es el caso de Abertis Telecom, que ha presentado diversas soluciones relacionadas con la <a href=\"https:\/\/www.abertistelecom.com\/sala-de-prensa\/\">tecnolog\u00eda 4K y el Internet de las Cosas<\/a>; BTV, que ha producido los <a href=\"http:\/\/www.btv.cat\/actualitat\/btv-emet-amb-exit-liinformatiu-100-mobil\/\">informativos diarios por medio de smartphones<\/a>; o Agile Contents, que ha expuesto su <a href=\"http:\/\/www.agilecontents.com\/\">soluci\u00f3n de portales multimedia<\/a>.<\/p>\n<p>Asimismo el programa Generaci\u00f3 Digital, producido por TV3 en colaboraci\u00f3n con Createl, emitir\u00e1 este martes 10 el <a href=\"http:\/\/www.ccma.cat\/tv3\/generacio-digital\/\">segundo programa especial sobre el Mobile World Congress<\/a>.<\/p>\n","protected":false},"excerpt":{"rendered":"<p>Un grupo de unas 20 empresas del Cluster Audiovisual de Catalu\u00f1a ha visitado hoy el 4YFN (Four Years From Now)<\/p>\n","protected":false},"author":1,"featured_media":4055,"comment_status":"open","ping_status":"open","sticky":false,"template":"","format":"standard","meta":{"_acf_changed":false,"footnotes":""},"categories":[21],"tags":[],"class_list":["post-5562","post","type-post","status-publish","format-standard","has-post-thumbnail","hentry","category-actualidad"],"acf":[],"yoast_head":"<!-- This site is optimized with the Yoast SEO plugin v27.0 - https:\/\/yoast.com\/product\/yoast-seo-wordpress\/ -->\n<title>El Cluster en el Mobile World Congress - Cl\u00faster Audiovisual<\/title>\n<meta name=\"robots\" content=\"index, follow, max-snippet:-1, max-image-preview:large, max-video-preview:-1\" \/>\n<link rel=\"canonical\" href=\"https:\/\/www.clusteraudiovisual.cat\/es\/el-cluster-en-el-mobile-world-congress\/\" \/>\n<meta property=\"og:locale\" content=\"es_ES\" \/>\n<meta property=\"og:type\" content=\"article\" \/>\n<meta property=\"og:title\" content=\"El Cluster en el Mobile World Congress - Cl\u00faster Audiovisual\" \/>\n<meta property=\"og:description\" content=\"Un grupo de unas 20 empresas del Cluster Audiovisual de Catalu\u00f1a ha visitado hoy el 4YFN (Four Years From Now)\" \/>\n<meta property=\"og:url\" content=\"https:\/\/www.clusteraudiovisual.cat\/es\/el-cluster-en-el-mobile-world-congress\/\" \/>\n<meta property=\"og:site_name\" content=\"Cl\u00faster Audiovisual\" \/>\n<meta property=\"article:published_time\" content=\"2015-03-04T11:14:07+00:00\" \/>\n<meta property=\"og:image\" content=\"https:\/\/www.clusteraudiovisual.cat\/wp-content\/uploads\/2021\/02\/4yfn-e1426154322436.jpg\" \/>\n\t<meta property=\"og:image:width\" content=\"819\" \/>\n\t<meta property=\"og:image:height\" content=\"300\" \/>\n\t<meta property=\"og:image:type\" content=\"image\/jpeg\" \/>\n<meta name=\"author\" content=\"admin\" \/>\n<meta name=\"twitter:card\" content=\"summary_large_image\" \/>\n<meta name=\"twitter:label1\" content=\"Escrito por\" \/>\n\t<meta name=\"twitter:data1\" content=\"admin\" \/>\n\t<meta name=\"twitter:label2\" content=\"Tiempo de lectura\" \/>\n\t<meta name=\"twitter:data2\" content=\"1 minuto\" \/>\n<script type=\"application\/ld+json\" class=\"yoast-schema-graph\">{\"@context\":\"https:\/\/schema.org\",\"@graph\":[{\"@type\":\"Article\",\"@id\":\"https:\/\/www.clusteraudiovisual.cat\/es\/el-cluster-en-el-mobile-world-congress\/#article\",\"isPartOf\":{\"@id\":\"https:\/\/www.clusteraudiovisual.cat\/es\/el-cluster-en-el-mobile-world-congress\/\"},\"author\":{\"name\":\"admin\",\"@id\":\"https:\/\/www.clusteraudiovisual.cat\/es\/#\/schema\/person\/23e1e732da72779cfc4fd7842583d17d\"},\"headline\":\"El Cluster en el Mobile World Congress\",\"datePublished\":\"2015-03-04T11:14:07+00:00\",\"mainEntityOfPage\":{\"@id\":\"https:\/\/www.clusteraudiovisual.cat\/es\/el-cluster-en-el-mobile-world-congress\/\"},\"wordCount\":195,\"commentCount\":0,\"image\":{\"@id\":\"https:\/\/www.clusteraudiovisual.cat\/es\/el-cluster-en-el-mobile-world-congress\/#primaryimage\"},\"thumbnailUrl\":\"https:\/\/www.clusteraudiovisual.cat\/wp-content\/uploads\/2021\/02\/4yfn-e1426154322436.jpg\",\"articleSection\":[\"Actualidad\"],\"inLanguage\":\"es\",\"potentialAction\":[{\"@type\":\"CommentAction\",\"name\":\"Comment\",\"target\":[\"https:\/\/www.clusteraudiovisual.cat\/es\/el-cluster-en-el-mobile-world-congress\/#respond\"]}]},{\"@type\":\"WebPage\",\"@id\":\"https:\/\/www.clusteraudiovisual.cat\/es\/el-cluster-en-el-mobile-world-congress\/\",\"url\":\"https:\/\/www.clusteraudiovisual.cat\/es\/el-cluster-en-el-mobile-world-congress\/\",\"name\":\"El Cluster en el Mobile World Congress - Cl\u00faster Audiovisual\",\"isPartOf\":{\"@id\":\"https:\/\/www.clusteraudiovisual.cat\/es\/#website\"},\"primaryImageOfPage\":{\"@id\":\"https:\/\/www.clusteraudiovisual.cat\/es\/el-cluster-en-el-mobile-world-congress\/#primaryimage\"},\"image\":{\"@id\":\"https:\/\/www.clusteraudiovisual.cat\/es\/el-cluster-en-el-mobile-world-congress\/#primaryimage\"},\"thumbnailUrl\":\"https:\/\/www.clusteraudiovisual.cat\/wp-content\/uploads\/2021\/02\/4yfn-e1426154322436.jpg\",\"datePublished\":\"2015-03-04T11:14:07+00:00\",\"author\":{\"@id\":\"https:\/\/www.clusteraudiovisual.cat\/es\/#\/schema\/person\/23e1e732da72779cfc4fd7842583d17d\"},\"inLanguage\":\"es\",\"potentialAction\":[{\"@type\":\"ReadAction\",\"target\":[\"https:\/\/www.clusteraudiovisual.cat\/es\/el-cluster-en-el-mobile-world-congress\/\"]}]},{\"@type\":\"ImageObject\",\"inLanguage\":\"es\",\"@id\":\"https:\/\/www.clusteraudiovisual.cat\/es\/el-cluster-en-el-mobile-world-congress\/#primaryimage\",\"url\":\"https:\/\/www.clusteraudiovisual.cat\/wp-content\/uploads\/2021\/02\/4yfn-e1426154322436.jpg\",\"contentUrl\":\"https:\/\/www.clusteraudiovisual.cat\/wp-content\/uploads\/2021\/02\/4yfn-e1426154322436.jpg\",\"width\":819,\"height\":300},{\"@type\":\"WebSite\",\"@id\":\"https:\/\/www.clusteraudiovisual.cat\/es\/#website\",\"url\":\"https:\/\/www.clusteraudiovisual.cat\/es\/\",\"name\":\"Cl\u00faster Audiovisual\",\"description\":\"Associaci\u00f3 d&#039;empreses que integren el sector audiovisual.\",\"potentialAction\":[{\"@type\":\"SearchAction\",\"target\":{\"@type\":\"EntryPoint\",\"urlTemplate\":\"https:\/\/www.clusteraudiovisual.cat\/es\/?s={search_term_string}\"},\"query-input\":{\"@type\":\"PropertyValueSpecification\",\"valueRequired\":true,\"valueName\":\"search_term_string\"}}],\"inLanguage\":\"es\"},{\"@type\":\"Person\",\"@id\":\"https:\/\/www.clusteraudiovisual.cat\/es\/#\/schema\/person\/23e1e732da72779cfc4fd7842583d17d\",\"name\":\"admin\",\"sameAs\":[\"https:\/\/www.clusteraudiovisual.cat\"],\"url\":\"https:\/\/www.clusteraudiovisual.cat\/es\/author\/admin\/\"}]}<\/script>\n<!-- \/ Yoast SEO plugin. -->","yoast_head_json":{"title":"El Cluster en el Mobile World Congress - Cl\u00faster Audiovisual","robots":{"index":"index","follow":"follow","max-snippet":"max-snippet:-1","max-image-preview":"max-image-preview:large","max-video-preview":"max-video-preview:-1"},"canonical":"https:\/\/www.clusteraudiovisual.cat\/es\/el-cluster-en-el-mobile-world-congress\/","og_locale":"es_ES","og_type":"article","og_title":"El Cluster en el Mobile World Congress - Cl\u00faster Audiovisual","og_description":"Un grupo de unas 20 empresas del Cluster Audiovisual de Catalu\u00f1a ha visitado hoy el 4YFN (Four Years From Now)","og_url":"https:\/\/www.clusteraudiovisual.cat\/es\/el-cluster-en-el-mobile-world-congress\/","og_site_name":"Cl\u00faster Audiovisual","article_published_time":"2015-03-04T11:14:07+00:00","og_image":[{"width":819,"height":300,"url":"https:\/\/www.clusteraudiovisual.cat\/wp-content\/uploads\/2021\/02\/4yfn-e1426154322436.jpg","type":"image\/jpeg"}],"author":"admin","twitter_card":"summary_large_image","twitter_misc":{"Escrito por":"admin","Tiempo de lectura":"1 minuto"},"schema":{"@context":"https:\/\/schema.org","@graph":[{"@type":"Article","@id":"https:\/\/www.clusteraudiovisual.cat\/es\/el-cluster-en-el-mobile-world-congress\/#article","isPartOf":{"@id":"https:\/\/www.clusteraudiovisual.cat\/es\/el-cluster-en-el-mobile-world-congress\/"},"author":{"name":"admin","@id":"https:\/\/www.clusteraudiovisual.cat\/es\/#\/schema\/person\/23e1e732da72779cfc4fd7842583d17d"},"headline":"El Cluster en el Mobile World Congress","datePublished":"2015-03-04T11:14:07+00:00","mainEntityOfPage":{"@id":"https:\/\/www.clusteraudiovisual.cat\/es\/el-cluster-en-el-mobile-world-congress\/"},"wordCount":195,"commentCount":0,"image":{"@id":"https:\/\/www.clusteraudiovisual.cat\/es\/el-cluster-en-el-mobile-world-congress\/#primaryimage"},"thumbnailUrl":"https:\/\/www.clusteraudiovisual.cat\/wp-content\/uploads\/2021\/02\/4yfn-e1426154322436.jpg","articleSection":["Actualidad"],"inLanguage":"es","potentialAction":[{"@type":"CommentAction","name":"Comment","target":["https:\/\/www.clusteraudiovisual.cat\/es\/el-cluster-en-el-mobile-world-congress\/#respond"]}]},{"@type":"WebPage","@id":"https:\/\/www.clusteraudiovisual.cat\/es\/el-cluster-en-el-mobile-world-congress\/","url":"https:\/\/www.clusteraudiovisual.cat\/es\/el-cluster-en-el-mobile-world-congress\/","name":"El Cluster en el Mobile World Congress - Cl\u00faster Audiovisual","isPartOf":{"@id":"https:\/\/www.clusteraudiovisual.cat\/es\/#website"},"primaryImageOfPage":{"@id":"https:\/\/www.clusteraudiovisual.cat\/es\/el-cluster-en-el-mobile-world-congress\/#primaryimage"},"image":{"@id":"https:\/\/www.clusteraudiovisual.cat\/es\/el-cluster-en-el-mobile-world-congress\/#primaryimage"},"thumbnailUrl":"https:\/\/www.clusteraudiovisual.cat\/wp-content\/uploads\/2021\/02\/4yfn-e1426154322436.jpg","datePublished":"2015-03-04T11:14:07+00:00","author":{"@id":"https:\/\/www.clusteraudiovisual.cat\/es\/#\/schema\/person\/23e1e732da72779cfc4fd7842583d17d"},"inLanguage":"es","potentialAction":[{"@type":"ReadAction","target":["https:\/\/www.clusteraudiovisual.cat\/es\/el-cluster-en-el-mobile-world-congress\/"]}]},{"@type":"ImageObject","inLanguage":"es","@id":"https:\/\/www.clusteraudiovisual.cat\/es\/el-cluster-en-el-mobile-world-congress\/#primaryimage","url":"https:\/\/www.clusteraudiovisual.cat\/wp-content\/uploads\/2021\/02\/4yfn-e1426154322436.jpg","contentUrl":"https:\/\/www.clusteraudiovisual.cat\/wp-content\/uploads\/2021\/02\/4yfn-e1426154322436.jpg","width":819,"height":300},{"@type":"WebSite","@id":"https:\/\/www.clusteraudiovisual.cat\/es\/#website","url":"https:\/\/www.clusteraudiovisual.cat\/es\/","name":"Cl\u00faster Audiovisual","description":"Associaci\u00f3 d&#039;empreses que integren el sector audiovisual.","potentialAction":[{"@type":"SearchAction","target":{"@type":"EntryPoint","urlTemplate":"https:\/\/www.clusteraudiovisual.cat\/es\/?s={search_term_string}"},"query-input":{"@type":"PropertyValueSpecification","valueRequired":true,"valueName":"search_term_string"}}],"inLanguage":"es"},{"@type":"Person","@id":"https:\/\/www.clusteraudiovisual.cat\/es\/#\/schema\/person\/23e1e732da72779cfc4fd7842583d17d","name":"admin","sameAs":["https:\/\/www.clusteraudiovisual.cat"],"url":"https:\/\/www.clusteraudiovisual.cat\/es\/author\/admin\/"}]}},"_links":{"self":[{"href":"https:\/\/www.clusteraudiovisual.cat\/es\/wp-json\/wp\/v2\/posts\/5562","targetHints":{"allow":["GET"]}}],"collection":[{"href":"https:\/\/www.clusteraudiovisual.cat\/es\/wp-json\/wp\/v2\/posts"}],"about":[{"href":"https:\/\/www.clusteraudiovisual.cat\/es\/wp-json\/wp\/v2\/types\/post"}],"author":[{"embeddable":true,"href":"https:\/\/www.clusteraudiovisual.cat\/es\/wp-json\/wp\/v2\/users\/1"}],"replies":[{"embeddable":true,"href":"https:\/\/www.clusteraudiovisual.cat\/es\/wp-json\/wp\/v2\/comments?post=5562"}],"version-history":[{"count":0,"href":"https:\/\/www.clusteraudiovisual.cat\/es\/wp-json\/wp\/v2\/posts\/5562\/revisions"}],"wp:featuredmedia":[{"embeddable":true,"href":"https:\/\/www.clusteraudiovisual.cat\/es\/wp-json\/wp\/v2\/media\/4055"}],"wp:attachment":[{"href":"https:\/\/www.clusteraudiovisual.cat\/es\/wp-json\/wp\/v2\/media?parent=5562"}],"wp:term":[{"taxonomy":"category","embeddable":true,"href":"https:\/\/www.clusteraudiovisual.cat\/es\/wp-json\/wp\/v2\/categories?post=5562"},{"taxonomy":"post_tag","embeddable":true,"href":"https:\/\/www.clusteraudiovisual.cat\/es\/wp-json\/wp\/v2\/tags?post=5562"}],"curies":[{"name":"wp","href":"https:\/\/api.w.org\/{rel}","templated":true}]}}