{"id":5558,"date":"2015-02-11T08:42:58","date_gmt":"2015-02-11T08:42:58","guid":{"rendered":"https:\/\/www.clusteraudiovisual.cat\/el-cluster-firma-un-convenio-con-la-upc\/"},"modified":"2015-02-11T08:42:58","modified_gmt":"2015-02-11T08:42:58","slug":"el-cluster-firma-un-convenio-con-la-upc","status":"publish","type":"post","link":"https:\/\/www.clusteraudiovisual.cat\/es\/el-cluster-firma-un-convenio-con-la-upc\/","title":{"rendered":"El Cluster firma un convenio con la UPC"},"content":{"rendered":"<p>El Cluster y la Universidad Polit\u00e9cnica de Catalu\u00f1a han firmado un acuerdo marco de colaboraci\u00f3n con el objetivo de trabajar conjuntamente en materia docente, de innovaci\u00f3n y de transferencia de tecnolog\u00eda en el campo del audiovisual y las tecnolog\u00edas de la informaci\u00f3n y la comunicaci\u00f3n, as\u00ed como en las actividades relacionadas con la promoci\u00f3n y la difusi\u00f3n del sector audiovisual catal\u00e1n.<\/p>\n<p>El acuerdo, firmado por el rector de la UPC, Enric Fossas, y el presidente del Cluster Audiovisual de Catalu\u00f1a, Xavier Guitart, prev\u00e9 el establecimiento de v\u00ednculos permanentes de colaboraci\u00f3n y la generaci\u00f3n de oportunidades y de proyectos entre las empresas del Cluster y la Universidad, a trav\u00e9s de la <a href=\"http:\/\/telecombcn.upc.edu\/es\/\">Escuela T\u00e9cnica Superior de Ingenier\u00eda de Telecomunicaci\u00f3n de Barcelona (ETSETB)<\/a>, la\u00a0<a href=\"http:\/\/www.fib.upc.edu\/es.html\">Facultad de Inform\u00e1tica de Barcelona (FIB)<\/a>\u00a0y la <a href=\"http:\/\/www.eet.upc.edu\/?set_language=es\">Escuela de Ingenier\u00eda de Terrassa (EET)<\/a>.<\/p>\n<p>El acuerdo incluye la organizaci\u00f3n de jornadas y mesas redondas; la adaptaci\u00f3n empresarial de las ideas y proyectos tecnol\u00f3gicos de estudiantes y investigadores de la UPC; la colaboraci\u00f3n en el dise\u00f1o de planes de estudio y la participaci\u00f3n de las empresas en las actividades docentes: programaci\u00f3n de asignaturas o seminarios; la realizaci\u00f3n de pr\u00e1cticas de los estudiantes en las empresas asociadas al Cluster, as\u00ed como el acceso a la formaci\u00f3n destinada a la cualificaci\u00f3n del personal de las empresas.<\/p>\n","protected":false},"excerpt":{"rendered":"<p>El Cluster y la Universidad Polit\u00e9cnica de Catalu\u00f1a han firmado un acuerdo marco de colaboraci\u00f3n<\/p>\n","protected":false},"author":1,"featured_media":4050,"comment_status":"open","ping_status":"open","sticky":false,"template":"","format":"standard","meta":{"_acf_changed":false,"footnotes":""},"categories":[21],"tags":[],"class_list":["post-5558","post","type-post","status-publish","format-standard","has-post-thumbnail","hentry","category-actualidad"],"acf":[],"yoast_head":"<!-- This site is optimized with the Yoast SEO plugin v27.0 - https:\/\/yoast.com\/product\/yoast-seo-wordpress\/ -->\n<title>El Cluster firma un convenio con la UPC - Cl\u00faster Audiovisual<\/title>\n<meta name=\"robots\" content=\"index, follow, max-snippet:-1, max-image-preview:large, max-video-preview:-1\" \/>\n<link rel=\"canonical\" href=\"https:\/\/www.clusteraudiovisual.cat\/es\/el-cluster-firma-un-convenio-con-la-upc\/\" \/>\n<meta property=\"og:locale\" content=\"es_ES\" \/>\n<meta property=\"og:type\" content=\"article\" \/>\n<meta property=\"og:title\" content=\"El Cluster firma un convenio con la UPC - Cl\u00faster Audiovisual\" \/>\n<meta property=\"og:description\" content=\"El Cluster y la Universidad Polit\u00e9cnica de Catalu\u00f1a han firmado un acuerdo marco de colaboraci\u00f3n\" \/>\n<meta property=\"og:url\" content=\"https:\/\/www.clusteraudiovisual.cat\/es\/el-cluster-firma-un-convenio-con-la-upc\/\" \/>\n<meta property=\"og:site_name\" content=\"Cl\u00faster Audiovisual\" \/>\n<meta property=\"article:published_time\" content=\"2015-02-11T08:42:58+00:00\" \/>\n<meta property=\"og:image\" content=\"https:\/\/www.clusteraudiovisual.cat\/wp-content\/uploads\/2021\/02\/convenir-UPC-e1423827525569.jpg\" \/>\n\t<meta property=\"og:image:width\" content=\"570\" \/>\n\t<meta property=\"og:image:height\" content=\"380\" \/>\n\t<meta property=\"og:image:type\" content=\"image\/jpeg\" \/>\n<meta name=\"author\" content=\"admin\" \/>\n<meta name=\"twitter:card\" content=\"summary_large_image\" \/>\n<meta name=\"twitter:label1\" content=\"Escrito por\" \/>\n\t<meta name=\"twitter:data1\" content=\"admin\" \/>\n\t<meta name=\"twitter:label2\" content=\"Tiempo de lectura\" \/>\n\t<meta name=\"twitter:data2\" content=\"1 minuto\" \/>\n<script type=\"application\/ld+json\" class=\"yoast-schema-graph\">{\"@context\":\"https:\/\/schema.org\",\"@graph\":[{\"@type\":\"Article\",\"@id\":\"https:\/\/www.clusteraudiovisual.cat\/es\/el-cluster-firma-un-convenio-con-la-upc\/#article\",\"isPartOf\":{\"@id\":\"https:\/\/www.clusteraudiovisual.cat\/es\/el-cluster-firma-un-convenio-con-la-upc\/\"},\"author\":{\"name\":\"admin\",\"@id\":\"https:\/\/www.clusteraudiovisual.cat\/es\/#\/schema\/person\/23e1e732da72779cfc4fd7842583d17d\"},\"headline\":\"El Cluster firma un convenio con la UPC\",\"datePublished\":\"2015-02-11T08:42:58+00:00\",\"mainEntityOfPage\":{\"@id\":\"https:\/\/www.clusteraudiovisual.cat\/es\/el-cluster-firma-un-convenio-con-la-upc\/\"},\"wordCount\":254,\"commentCount\":0,\"image\":{\"@id\":\"https:\/\/www.clusteraudiovisual.cat\/es\/el-cluster-firma-un-convenio-con-la-upc\/#primaryimage\"},\"thumbnailUrl\":\"https:\/\/www.clusteraudiovisual.cat\/wp-content\/uploads\/2021\/02\/convenir-UPC-e1423827525569.jpg\",\"articleSection\":[\"Actualidad\"],\"inLanguage\":\"es\",\"potentialAction\":[{\"@type\":\"CommentAction\",\"name\":\"Comment\",\"target\":[\"https:\/\/www.clusteraudiovisual.cat\/es\/el-cluster-firma-un-convenio-con-la-upc\/#respond\"]}]},{\"@type\":\"WebPage\",\"@id\":\"https:\/\/www.clusteraudiovisual.cat\/es\/el-cluster-firma-un-convenio-con-la-upc\/\",\"url\":\"https:\/\/www.clusteraudiovisual.cat\/es\/el-cluster-firma-un-convenio-con-la-upc\/\",\"name\":\"El Cluster firma un convenio con la UPC - Cl\u00faster Audiovisual\",\"isPartOf\":{\"@id\":\"https:\/\/www.clusteraudiovisual.cat\/es\/#website\"},\"primaryImageOfPage\":{\"@id\":\"https:\/\/www.clusteraudiovisual.cat\/es\/el-cluster-firma-un-convenio-con-la-upc\/#primaryimage\"},\"image\":{\"@id\":\"https:\/\/www.clusteraudiovisual.cat\/es\/el-cluster-firma-un-convenio-con-la-upc\/#primaryimage\"},\"thumbnailUrl\":\"https:\/\/www.clusteraudiovisual.cat\/wp-content\/uploads\/2021\/02\/convenir-UPC-e1423827525569.jpg\",\"datePublished\":\"2015-02-11T08:42:58+00:00\",\"author\":{\"@id\":\"https:\/\/www.clusteraudiovisual.cat\/es\/#\/schema\/person\/23e1e732da72779cfc4fd7842583d17d\"},\"inLanguage\":\"es\",\"potentialAction\":[{\"@type\":\"ReadAction\",\"target\":[\"https:\/\/www.clusteraudiovisual.cat\/es\/el-cluster-firma-un-convenio-con-la-upc\/\"]}]},{\"@type\":\"ImageObject\",\"inLanguage\":\"es\",\"@id\":\"https:\/\/www.clusteraudiovisual.cat\/es\/el-cluster-firma-un-convenio-con-la-upc\/#primaryimage\",\"url\":\"https:\/\/www.clusteraudiovisual.cat\/wp-content\/uploads\/2021\/02\/convenir-UPC-e1423827525569.jpg\",\"contentUrl\":\"https:\/\/www.clusteraudiovisual.cat\/wp-content\/uploads\/2021\/02\/convenir-UPC-e1423827525569.jpg\",\"width\":570,\"height\":380},{\"@type\":\"WebSite\",\"@id\":\"https:\/\/www.clusteraudiovisual.cat\/es\/#website\",\"url\":\"https:\/\/www.clusteraudiovisual.cat\/es\/\",\"name\":\"Cl\u00faster Audiovisual\",\"description\":\"Associaci\u00f3 d&#039;empreses que integren el sector audiovisual.\",\"potentialAction\":[{\"@type\":\"SearchAction\",\"target\":{\"@type\":\"EntryPoint\",\"urlTemplate\":\"https:\/\/www.clusteraudiovisual.cat\/es\/?s={search_term_string}\"},\"query-input\":{\"@type\":\"PropertyValueSpecification\",\"valueRequired\":true,\"valueName\":\"search_term_string\"}}],\"inLanguage\":\"es\"},{\"@type\":\"Person\",\"@id\":\"https:\/\/www.clusteraudiovisual.cat\/es\/#\/schema\/person\/23e1e732da72779cfc4fd7842583d17d\",\"name\":\"admin\",\"sameAs\":[\"https:\/\/www.clusteraudiovisual.cat\"],\"url\":\"https:\/\/www.clusteraudiovisual.cat\/es\/author\/admin\/\"}]}<\/script>\n<!-- \/ Yoast SEO plugin. -->","yoast_head_json":{"title":"El Cluster firma un convenio con la UPC - Cl\u00faster Audiovisual","robots":{"index":"index","follow":"follow","max-snippet":"max-snippet:-1","max-image-preview":"max-image-preview:large","max-video-preview":"max-video-preview:-1"},"canonical":"https:\/\/www.clusteraudiovisual.cat\/es\/el-cluster-firma-un-convenio-con-la-upc\/","og_locale":"es_ES","og_type":"article","og_title":"El Cluster firma un convenio con la UPC - Cl\u00faster Audiovisual","og_description":"El Cluster y la Universidad Polit\u00e9cnica de Catalu\u00f1a han firmado un acuerdo marco de colaboraci\u00f3n","og_url":"https:\/\/www.clusteraudiovisual.cat\/es\/el-cluster-firma-un-convenio-con-la-upc\/","og_site_name":"Cl\u00faster Audiovisual","article_published_time":"2015-02-11T08:42:58+00:00","og_image":[{"width":570,"height":380,"url":"https:\/\/www.clusteraudiovisual.cat\/wp-content\/uploads\/2021\/02\/convenir-UPC-e1423827525569.jpg","type":"image\/jpeg"}],"author":"admin","twitter_card":"summary_large_image","twitter_misc":{"Escrito por":"admin","Tiempo de lectura":"1 minuto"},"schema":{"@context":"https:\/\/schema.org","@graph":[{"@type":"Article","@id":"https:\/\/www.clusteraudiovisual.cat\/es\/el-cluster-firma-un-convenio-con-la-upc\/#article","isPartOf":{"@id":"https:\/\/www.clusteraudiovisual.cat\/es\/el-cluster-firma-un-convenio-con-la-upc\/"},"author":{"name":"admin","@id":"https:\/\/www.clusteraudiovisual.cat\/es\/#\/schema\/person\/23e1e732da72779cfc4fd7842583d17d"},"headline":"El Cluster firma un convenio con la UPC","datePublished":"2015-02-11T08:42:58+00:00","mainEntityOfPage":{"@id":"https:\/\/www.clusteraudiovisual.cat\/es\/el-cluster-firma-un-convenio-con-la-upc\/"},"wordCount":254,"commentCount":0,"image":{"@id":"https:\/\/www.clusteraudiovisual.cat\/es\/el-cluster-firma-un-convenio-con-la-upc\/#primaryimage"},"thumbnailUrl":"https:\/\/www.clusteraudiovisual.cat\/wp-content\/uploads\/2021\/02\/convenir-UPC-e1423827525569.jpg","articleSection":["Actualidad"],"inLanguage":"es","potentialAction":[{"@type":"CommentAction","name":"Comment","target":["https:\/\/www.clusteraudiovisual.cat\/es\/el-cluster-firma-un-convenio-con-la-upc\/#respond"]}]},{"@type":"WebPage","@id":"https:\/\/www.clusteraudiovisual.cat\/es\/el-cluster-firma-un-convenio-con-la-upc\/","url":"https:\/\/www.clusteraudiovisual.cat\/es\/el-cluster-firma-un-convenio-con-la-upc\/","name":"El Cluster firma un convenio con la UPC - Cl\u00faster Audiovisual","isPartOf":{"@id":"https:\/\/www.clusteraudiovisual.cat\/es\/#website"},"primaryImageOfPage":{"@id":"https:\/\/www.clusteraudiovisual.cat\/es\/el-cluster-firma-un-convenio-con-la-upc\/#primaryimage"},"image":{"@id":"https:\/\/www.clusteraudiovisual.cat\/es\/el-cluster-firma-un-convenio-con-la-upc\/#primaryimage"},"thumbnailUrl":"https:\/\/www.clusteraudiovisual.cat\/wp-content\/uploads\/2021\/02\/convenir-UPC-e1423827525569.jpg","datePublished":"2015-02-11T08:42:58+00:00","author":{"@id":"https:\/\/www.clusteraudiovisual.cat\/es\/#\/schema\/person\/23e1e732da72779cfc4fd7842583d17d"},"inLanguage":"es","potentialAction":[{"@type":"ReadAction","target":["https:\/\/www.clusteraudiovisual.cat\/es\/el-cluster-firma-un-convenio-con-la-upc\/"]}]},{"@type":"ImageObject","inLanguage":"es","@id":"https:\/\/www.clusteraudiovisual.cat\/es\/el-cluster-firma-un-convenio-con-la-upc\/#primaryimage","url":"https:\/\/www.clusteraudiovisual.cat\/wp-content\/uploads\/2021\/02\/convenir-UPC-e1423827525569.jpg","contentUrl":"https:\/\/www.clusteraudiovisual.cat\/wp-content\/uploads\/2021\/02\/convenir-UPC-e1423827525569.jpg","width":570,"height":380},{"@type":"WebSite","@id":"https:\/\/www.clusteraudiovisual.cat\/es\/#website","url":"https:\/\/www.clusteraudiovisual.cat\/es\/","name":"Cl\u00faster Audiovisual","description":"Associaci\u00f3 d&#039;empreses que integren el sector audiovisual.","potentialAction":[{"@type":"SearchAction","target":{"@type":"EntryPoint","urlTemplate":"https:\/\/www.clusteraudiovisual.cat\/es\/?s={search_term_string}"},"query-input":{"@type":"PropertyValueSpecification","valueRequired":true,"valueName":"search_term_string"}}],"inLanguage":"es"},{"@type":"Person","@id":"https:\/\/www.clusteraudiovisual.cat\/es\/#\/schema\/person\/23e1e732da72779cfc4fd7842583d17d","name":"admin","sameAs":["https:\/\/www.clusteraudiovisual.cat"],"url":"https:\/\/www.clusteraudiovisual.cat\/es\/author\/admin\/"}]}},"_links":{"self":[{"href":"https:\/\/www.clusteraudiovisual.cat\/es\/wp-json\/wp\/v2\/posts\/5558","targetHints":{"allow":["GET"]}}],"collection":[{"href":"https:\/\/www.clusteraudiovisual.cat\/es\/wp-json\/wp\/v2\/posts"}],"about":[{"href":"https:\/\/www.clusteraudiovisual.cat\/es\/wp-json\/wp\/v2\/types\/post"}],"author":[{"embeddable":true,"href":"https:\/\/www.clusteraudiovisual.cat\/es\/wp-json\/wp\/v2\/users\/1"}],"replies":[{"embeddable":true,"href":"https:\/\/www.clusteraudiovisual.cat\/es\/wp-json\/wp\/v2\/comments?post=5558"}],"version-history":[{"count":0,"href":"https:\/\/www.clusteraudiovisual.cat\/es\/wp-json\/wp\/v2\/posts\/5558\/revisions"}],"wp:featuredmedia":[{"embeddable":true,"href":"https:\/\/www.clusteraudiovisual.cat\/es\/wp-json\/wp\/v2\/media\/4050"}],"wp:attachment":[{"href":"https:\/\/www.clusteraudiovisual.cat\/es\/wp-json\/wp\/v2\/media?parent=5558"}],"wp:term":[{"taxonomy":"category","embeddable":true,"href":"https:\/\/www.clusteraudiovisual.cat\/es\/wp-json\/wp\/v2\/categories?post=5558"},{"taxonomy":"post_tag","embeddable":true,"href":"https:\/\/www.clusteraudiovisual.cat\/es\/wp-json\/wp\/v2\/tags?post=5558"}],"curies":[{"name":"wp","href":"https:\/\/api.w.org\/{rel}","templated":true}]}}