{"id":5533,"date":"2014-10-30T13:52:19","date_gmt":"2014-10-30T13:52:19","guid":{"rendered":"https:\/\/www.clusteraudiovisual.cat\/doscientos-profesionales-debaten-la-relacion-entre-marcas-y-contenidos\/"},"modified":"2014-10-30T13:52:19","modified_gmt":"2014-10-30T13:52:19","slug":"doscientos-profesionales-debaten-la-relacion-entre-marcas-y-contenidos","status":"publish","type":"post","link":"https:\/\/www.clusteraudiovisual.cat\/es\/doscientos-profesionales-debaten-la-relacion-entre-marcas-y-contenidos\/","title":{"rendered":"Doscientos profesionales debaten la relaci\u00f3n entre Marcas y Contenidos"},"content":{"rendered":"<p lang=\"es-ES\">Alrededor de doscientos profesionales del audiovisual y del marketing se han juntado en una sesi\u00f3n sobre <i>Comunicaci\u00f3n colaborativa<\/i>, organizada por el Cluster Audiovisual de Catalu\u00f1a en la sede de Fomento con el objetivo de debatir la relaci\u00f3n entre las marcas, las agencias de publicidad, las productoras y los canales.<\/p>\n<p lang=\"es-ES\">El acto ha contado con la participaci\u00f3n de Jaume Alemany, director de marketing de Damm; Jordi Alavedra, CEO de la agencia Ogilvy &amp; Mather en Barcelona; Tinet Rubira, director de Gestmusic\/Endemol y Carles Manteca, director comercial y de marketing de la CCMA; con Enric Pujadas, vicepresidente del Cluster, como moderador.<\/p>\n<p lang=\"es-ES\">Los ponentes han coincidido en remarcar que los modelos cl\u00e1sicos de publicidad, que a\u00fan dominan el sector, ya no dan respuesta a las necesidades de un consumidor-espectador cada vez m\u00e1s diverso, cambiante y exigente, y con una creciente capacidad de intervenir en su propio consumo. \u201cEl espectador siempre se nos escapa, va un paso por delante nuestro\u201d, ha advertido Tinet Rubira.<\/p>\n<p lang=\"es-ES\">Tambi\u00e9n han coincidido en que hace falta aunar esfuerzos para dar con un modelo publicitario alternativo o complementario, basado en la comunicaci\u00f3n colaborativa que integre todos los agentes de la creaci\u00f3n de contenidos y sea menos agresivo para con el espectador.<\/p>\n<p lang=\"es-ES\">Jaume Alemany ha precisado que Damm trata no solo de patrocinar actividades art\u00edsticas, sino de mantener relaciones a largo plazo con los mismos artistas, mientras que Carles Manteca (CCMA) ha anunciado que TV3 apostar\u00e1 por destinar parte del sus recursos al I+D creativo.<\/p>\n<p lang=\"es-ES\">Jordi Alavedra ha advertido que el nuevo modelo puede encontrarse con problemas: la enorme complejidad de los proyectos de comunicaci\u00f3n colaborativa, la gran cantidad de agentes implicados, la dificultad de conciliar intereses a menudo contrapuestos o el encarecimiento del proceso, entre otros.<\/p>\n","protected":false},"excerpt":{"rendered":"<p>Alrededor de doscientos profesionales del audiovisual y del marketing se han juntado en una sesi\u00f3n sobre Comunicaci\u00f3n colaborativa, organizada por el Cluster<\/p>\n","protected":false},"author":1,"featured_media":4004,"comment_status":"open","ping_status":"open","sticky":false,"template":"","format":"standard","meta":{"_acf_changed":false,"footnotes":""},"categories":[21],"tags":[],"class_list":["post-5533","post","type-post","status-publish","format-standard","has-post-thumbnail","hentry","category-actualidad"],"acf":[],"yoast_head":"<!-- This site is optimized with the Yoast SEO plugin v27.0 - https:\/\/yoast.com\/product\/yoast-seo-wordpress\/ -->\n<title>Doscientos profesionales debaten la relaci\u00f3n entre Marcas y Contenidos - Cl\u00faster Audiovisual<\/title>\n<meta name=\"robots\" content=\"index, follow, max-snippet:-1, max-image-preview:large, max-video-preview:-1\" \/>\n<link rel=\"canonical\" href=\"https:\/\/www.clusteraudiovisual.cat\/es\/doscientos-profesionales-debaten-la-relacion-entre-marcas-y-contenidos\/\" \/>\n<meta property=\"og:locale\" content=\"es_ES\" \/>\n<meta property=\"og:type\" content=\"article\" \/>\n<meta property=\"og:title\" content=\"Doscientos profesionales debaten la relaci\u00f3n entre Marcas y Contenidos - Cl\u00faster Audiovisual\" \/>\n<meta property=\"og:description\" content=\"Alrededor de doscientos profesionales del audiovisual y del marketing se han juntado en una sesi\u00f3n sobre Comunicaci\u00f3n colaborativa, organizada por el Cluster\" \/>\n<meta property=\"og:url\" content=\"https:\/\/www.clusteraudiovisual.cat\/es\/doscientos-profesionales-debaten-la-relacion-entre-marcas-y-contenidos\/\" \/>\n<meta property=\"og:site_name\" content=\"Cl\u00faster Audiovisual\" \/>\n<meta property=\"article:published_time\" content=\"2014-10-30T13:52:19+00:00\" \/>\n<meta property=\"og:image\" content=\"https:\/\/www.clusteraudiovisual.cat\/wp-content\/uploads\/2021\/02\/H8I5267LOGO-e1415014542914.jpg\" \/>\n\t<meta property=\"og:image:width\" content=\"570\" \/>\n\t<meta property=\"og:image:height\" content=\"380\" \/>\n\t<meta property=\"og:image:type\" content=\"image\/jpeg\" \/>\n<meta name=\"author\" content=\"admin\" \/>\n<meta name=\"twitter:card\" content=\"summary_large_image\" \/>\n<meta name=\"twitter:label1\" content=\"Escrito por\" \/>\n\t<meta name=\"twitter:data1\" content=\"admin\" \/>\n\t<meta name=\"twitter:label2\" content=\"Tiempo de lectura\" \/>\n\t<meta name=\"twitter:data2\" content=\"2 minutos\" \/>\n<script type=\"application\/ld+json\" class=\"yoast-schema-graph\">{\"@context\":\"https:\/\/schema.org\",\"@graph\":[{\"@type\":\"Article\",\"@id\":\"https:\/\/www.clusteraudiovisual.cat\/es\/doscientos-profesionales-debaten-la-relacion-entre-marcas-y-contenidos\/#article\",\"isPartOf\":{\"@id\":\"https:\/\/www.clusteraudiovisual.cat\/es\/doscientos-profesionales-debaten-la-relacion-entre-marcas-y-contenidos\/\"},\"author\":{\"name\":\"admin\",\"@id\":\"https:\/\/www.clusteraudiovisual.cat\/es\/#\/schema\/person\/23e1e732da72779cfc4fd7842583d17d\"},\"headline\":\"Doscientos profesionales debaten la relaci\u00f3n entre Marcas y Contenidos\",\"datePublished\":\"2014-10-30T13:52:19+00:00\",\"mainEntityOfPage\":{\"@id\":\"https:\/\/www.clusteraudiovisual.cat\/es\/doscientos-profesionales-debaten-la-relacion-entre-marcas-y-contenidos\/\"},\"wordCount\":311,\"commentCount\":0,\"image\":{\"@id\":\"https:\/\/www.clusteraudiovisual.cat\/es\/doscientos-profesionales-debaten-la-relacion-entre-marcas-y-contenidos\/#primaryimage\"},\"thumbnailUrl\":\"https:\/\/www.clusteraudiovisual.cat\/wp-content\/uploads\/2021\/02\/H8I5267LOGO-e1415014542914.jpg\",\"articleSection\":[\"Actualidad\"],\"inLanguage\":\"es\",\"potentialAction\":[{\"@type\":\"CommentAction\",\"name\":\"Comment\",\"target\":[\"https:\/\/www.clusteraudiovisual.cat\/es\/doscientos-profesionales-debaten-la-relacion-entre-marcas-y-contenidos\/#respond\"]}]},{\"@type\":\"WebPage\",\"@id\":\"https:\/\/www.clusteraudiovisual.cat\/es\/doscientos-profesionales-debaten-la-relacion-entre-marcas-y-contenidos\/\",\"url\":\"https:\/\/www.clusteraudiovisual.cat\/es\/doscientos-profesionales-debaten-la-relacion-entre-marcas-y-contenidos\/\",\"name\":\"Doscientos profesionales debaten la relaci\u00f3n entre Marcas y Contenidos - Cl\u00faster Audiovisual\",\"isPartOf\":{\"@id\":\"https:\/\/www.clusteraudiovisual.cat\/es\/#website\"},\"primaryImageOfPage\":{\"@id\":\"https:\/\/www.clusteraudiovisual.cat\/es\/doscientos-profesionales-debaten-la-relacion-entre-marcas-y-contenidos\/#primaryimage\"},\"image\":{\"@id\":\"https:\/\/www.clusteraudiovisual.cat\/es\/doscientos-profesionales-debaten-la-relacion-entre-marcas-y-contenidos\/#primaryimage\"},\"thumbnailUrl\":\"https:\/\/www.clusteraudiovisual.cat\/wp-content\/uploads\/2021\/02\/H8I5267LOGO-e1415014542914.jpg\",\"datePublished\":\"2014-10-30T13:52:19+00:00\",\"author\":{\"@id\":\"https:\/\/www.clusteraudiovisual.cat\/es\/#\/schema\/person\/23e1e732da72779cfc4fd7842583d17d\"},\"inLanguage\":\"es\",\"potentialAction\":[{\"@type\":\"ReadAction\",\"target\":[\"https:\/\/www.clusteraudiovisual.cat\/es\/doscientos-profesionales-debaten-la-relacion-entre-marcas-y-contenidos\/\"]}]},{\"@type\":\"ImageObject\",\"inLanguage\":\"es\",\"@id\":\"https:\/\/www.clusteraudiovisual.cat\/es\/doscientos-profesionales-debaten-la-relacion-entre-marcas-y-contenidos\/#primaryimage\",\"url\":\"https:\/\/www.clusteraudiovisual.cat\/wp-content\/uploads\/2021\/02\/H8I5267LOGO-e1415014542914.jpg\",\"contentUrl\":\"https:\/\/www.clusteraudiovisual.cat\/wp-content\/uploads\/2021\/02\/H8I5267LOGO-e1415014542914.jpg\",\"width\":570,\"height\":380},{\"@type\":\"WebSite\",\"@id\":\"https:\/\/www.clusteraudiovisual.cat\/es\/#website\",\"url\":\"https:\/\/www.clusteraudiovisual.cat\/es\/\",\"name\":\"Cl\u00faster Audiovisual\",\"description\":\"Associaci\u00f3 d&#039;empreses que integren el sector audiovisual.\",\"potentialAction\":[{\"@type\":\"SearchAction\",\"target\":{\"@type\":\"EntryPoint\",\"urlTemplate\":\"https:\/\/www.clusteraudiovisual.cat\/es\/?s={search_term_string}\"},\"query-input\":{\"@type\":\"PropertyValueSpecification\",\"valueRequired\":true,\"valueName\":\"search_term_string\"}}],\"inLanguage\":\"es\"},{\"@type\":\"Person\",\"@id\":\"https:\/\/www.clusteraudiovisual.cat\/es\/#\/schema\/person\/23e1e732da72779cfc4fd7842583d17d\",\"name\":\"admin\",\"sameAs\":[\"https:\/\/www.clusteraudiovisual.cat\"],\"url\":\"https:\/\/www.clusteraudiovisual.cat\/es\/author\/admin\/\"}]}<\/script>\n<!-- \/ Yoast SEO plugin. -->","yoast_head_json":{"title":"Doscientos profesionales debaten la relaci\u00f3n entre Marcas y Contenidos - Cl\u00faster Audiovisual","robots":{"index":"index","follow":"follow","max-snippet":"max-snippet:-1","max-image-preview":"max-image-preview:large","max-video-preview":"max-video-preview:-1"},"canonical":"https:\/\/www.clusteraudiovisual.cat\/es\/doscientos-profesionales-debaten-la-relacion-entre-marcas-y-contenidos\/","og_locale":"es_ES","og_type":"article","og_title":"Doscientos profesionales debaten la relaci\u00f3n entre Marcas y Contenidos - Cl\u00faster Audiovisual","og_description":"Alrededor de doscientos profesionales del audiovisual y del marketing se han juntado en una sesi\u00f3n sobre Comunicaci\u00f3n colaborativa, organizada por el Cluster","og_url":"https:\/\/www.clusteraudiovisual.cat\/es\/doscientos-profesionales-debaten-la-relacion-entre-marcas-y-contenidos\/","og_site_name":"Cl\u00faster Audiovisual","article_published_time":"2014-10-30T13:52:19+00:00","og_image":[{"width":570,"height":380,"url":"https:\/\/www.clusteraudiovisual.cat\/wp-content\/uploads\/2021\/02\/H8I5267LOGO-e1415014542914.jpg","type":"image\/jpeg"}],"author":"admin","twitter_card":"summary_large_image","twitter_misc":{"Escrito por":"admin","Tiempo de lectura":"2 minutos"},"schema":{"@context":"https:\/\/schema.org","@graph":[{"@type":"Article","@id":"https:\/\/www.clusteraudiovisual.cat\/es\/doscientos-profesionales-debaten-la-relacion-entre-marcas-y-contenidos\/#article","isPartOf":{"@id":"https:\/\/www.clusteraudiovisual.cat\/es\/doscientos-profesionales-debaten-la-relacion-entre-marcas-y-contenidos\/"},"author":{"name":"admin","@id":"https:\/\/www.clusteraudiovisual.cat\/es\/#\/schema\/person\/23e1e732da72779cfc4fd7842583d17d"},"headline":"Doscientos profesionales debaten la relaci\u00f3n entre Marcas y Contenidos","datePublished":"2014-10-30T13:52:19+00:00","mainEntityOfPage":{"@id":"https:\/\/www.clusteraudiovisual.cat\/es\/doscientos-profesionales-debaten-la-relacion-entre-marcas-y-contenidos\/"},"wordCount":311,"commentCount":0,"image":{"@id":"https:\/\/www.clusteraudiovisual.cat\/es\/doscientos-profesionales-debaten-la-relacion-entre-marcas-y-contenidos\/#primaryimage"},"thumbnailUrl":"https:\/\/www.clusteraudiovisual.cat\/wp-content\/uploads\/2021\/02\/H8I5267LOGO-e1415014542914.jpg","articleSection":["Actualidad"],"inLanguage":"es","potentialAction":[{"@type":"CommentAction","name":"Comment","target":["https:\/\/www.clusteraudiovisual.cat\/es\/doscientos-profesionales-debaten-la-relacion-entre-marcas-y-contenidos\/#respond"]}]},{"@type":"WebPage","@id":"https:\/\/www.clusteraudiovisual.cat\/es\/doscientos-profesionales-debaten-la-relacion-entre-marcas-y-contenidos\/","url":"https:\/\/www.clusteraudiovisual.cat\/es\/doscientos-profesionales-debaten-la-relacion-entre-marcas-y-contenidos\/","name":"Doscientos profesionales debaten la relaci\u00f3n entre Marcas y Contenidos - Cl\u00faster Audiovisual","isPartOf":{"@id":"https:\/\/www.clusteraudiovisual.cat\/es\/#website"},"primaryImageOfPage":{"@id":"https:\/\/www.clusteraudiovisual.cat\/es\/doscientos-profesionales-debaten-la-relacion-entre-marcas-y-contenidos\/#primaryimage"},"image":{"@id":"https:\/\/www.clusteraudiovisual.cat\/es\/doscientos-profesionales-debaten-la-relacion-entre-marcas-y-contenidos\/#primaryimage"},"thumbnailUrl":"https:\/\/www.clusteraudiovisual.cat\/wp-content\/uploads\/2021\/02\/H8I5267LOGO-e1415014542914.jpg","datePublished":"2014-10-30T13:52:19+00:00","author":{"@id":"https:\/\/www.clusteraudiovisual.cat\/es\/#\/schema\/person\/23e1e732da72779cfc4fd7842583d17d"},"inLanguage":"es","potentialAction":[{"@type":"ReadAction","target":["https:\/\/www.clusteraudiovisual.cat\/es\/doscientos-profesionales-debaten-la-relacion-entre-marcas-y-contenidos\/"]}]},{"@type":"ImageObject","inLanguage":"es","@id":"https:\/\/www.clusteraudiovisual.cat\/es\/doscientos-profesionales-debaten-la-relacion-entre-marcas-y-contenidos\/#primaryimage","url":"https:\/\/www.clusteraudiovisual.cat\/wp-content\/uploads\/2021\/02\/H8I5267LOGO-e1415014542914.jpg","contentUrl":"https:\/\/www.clusteraudiovisual.cat\/wp-content\/uploads\/2021\/02\/H8I5267LOGO-e1415014542914.jpg","width":570,"height":380},{"@type":"WebSite","@id":"https:\/\/www.clusteraudiovisual.cat\/es\/#website","url":"https:\/\/www.clusteraudiovisual.cat\/es\/","name":"Cl\u00faster Audiovisual","description":"Associaci\u00f3 d&#039;empreses que integren el sector audiovisual.","potentialAction":[{"@type":"SearchAction","target":{"@type":"EntryPoint","urlTemplate":"https:\/\/www.clusteraudiovisual.cat\/es\/?s={search_term_string}"},"query-input":{"@type":"PropertyValueSpecification","valueRequired":true,"valueName":"search_term_string"}}],"inLanguage":"es"},{"@type":"Person","@id":"https:\/\/www.clusteraudiovisual.cat\/es\/#\/schema\/person\/23e1e732da72779cfc4fd7842583d17d","name":"admin","sameAs":["https:\/\/www.clusteraudiovisual.cat"],"url":"https:\/\/www.clusteraudiovisual.cat\/es\/author\/admin\/"}]}},"_links":{"self":[{"href":"https:\/\/www.clusteraudiovisual.cat\/es\/wp-json\/wp\/v2\/posts\/5533","targetHints":{"allow":["GET"]}}],"collection":[{"href":"https:\/\/www.clusteraudiovisual.cat\/es\/wp-json\/wp\/v2\/posts"}],"about":[{"href":"https:\/\/www.clusteraudiovisual.cat\/es\/wp-json\/wp\/v2\/types\/post"}],"author":[{"embeddable":true,"href":"https:\/\/www.clusteraudiovisual.cat\/es\/wp-json\/wp\/v2\/users\/1"}],"replies":[{"embeddable":true,"href":"https:\/\/www.clusteraudiovisual.cat\/es\/wp-json\/wp\/v2\/comments?post=5533"}],"version-history":[{"count":0,"href":"https:\/\/www.clusteraudiovisual.cat\/es\/wp-json\/wp\/v2\/posts\/5533\/revisions"}],"wp:featuredmedia":[{"embeddable":true,"href":"https:\/\/www.clusteraudiovisual.cat\/es\/wp-json\/wp\/v2\/media\/4004"}],"wp:attachment":[{"href":"https:\/\/www.clusteraudiovisual.cat\/es\/wp-json\/wp\/v2\/media?parent=5533"}],"wp:term":[{"taxonomy":"category","embeddable":true,"href":"https:\/\/www.clusteraudiovisual.cat\/es\/wp-json\/wp\/v2\/categories?post=5533"},{"taxonomy":"post_tag","embeddable":true,"href":"https:\/\/www.clusteraudiovisual.cat\/es\/wp-json\/wp\/v2\/tags?post=5533"}],"curies":[{"name":"wp","href":"https:\/\/api.w.org\/{rel}","templated":true}]}}