{"id":5529,"date":"2014-09-30T12:39:34","date_gmt":"2014-09-30T12:39:34","guid":{"rendered":"https:\/\/www.clusteraudiovisual.cat\/sesion-de-trabajo-con-filmin-y-wuaki-tv\/"},"modified":"2014-09-30T12:39:34","modified_gmt":"2014-09-30T12:39:34","slug":"sesion-de-trabajo-con-filmin-y-wuaki-tv","status":"publish","type":"post","link":"https:\/\/www.clusteraudiovisual.cat\/es\/sesion-de-trabajo-con-filmin-y-wuaki-tv\/","title":{"rendered":"Sesi\u00f3n de trabajo con FILMIN y WUAKI TV"},"content":{"rendered":"<p>\u00bfQu\u00e9 papel tiene y tendr\u00e1 Internet en el sector audiovisual? \u00bfQu\u00e9 nuevos modelos de negocio pueden encajar en la Red? \u00bfQu\u00e9 estrategias de distribuci\u00f3n online se derivan del desplome de la distribuci\u00f3n anal\u00f3gica? Estas son algunas de las preguntas que han tratado de responder Juan Carlos Tous, socio fundador de <a href=\"https:\/\/www.filmin.es\/\">Filmin<\/a> y Cameo, y Josep Monle\u00f3n, director de contenidos de <a href=\"https:\/\/es.wuaki.tv\/\">Wuaki TV<\/a> durante la sesi\u00f3n organizada en la sede de Foment por el Cluster Audiovisual de Catalu\u00f1a.<\/p>\n<p>Tanto Filmin como WuakiTV son plataformas de distribuci\u00f3n y de reproducci\u00f3n de contenidos online que se han desarrollado en el mundo digital siguiendo modelos diferentes. WuakiTV, propiedad del grupo japon\u00e9s Rakuten, responde a un modelo de expansi\u00f3n internacional, ofrece contenidos de <i>majors<\/i> norteamericanas, tiene 1,5M de usuarios registrados y m\u00e1s de 100 empleados\/as con m\u00e1s de 10 nacionalidades diferentes. Filmin, por su lado, con 9 empleados\/as, es una plataforma que apuesta por el \u00e1mbito local, ofrece contenidos en versi\u00f3n original, da cabida a los nuevos creadores y participa en festivales y proyectos de todo el estado espa\u00f1ol.<\/p>\n<p>Aunque desde perspectivas diferentes, ambos ponentes han coincidido en se\u00f1alar que el futuro del audiovisual pasa por Internet, un medio que inevitablemente (re)definir\u00e1 el modelo de consumo y de distribuci\u00f3n que ha venido d\u00e1ndose hasta ahora, y que el crecimiento del sector depende del aumento de la cantidad y la variedad de dispositivos, as\u00ed como de su capacidad de interconexi\u00f3n.<\/p>\n<p>Josep Monle\u00f3n y Juan Carlos Tous tambi\u00e9n han advertido que Internet presenta algunos retos y que el crecimiento puede topar con algunos obst\u00e1culos, como la desconfianza que el mundo digital genera en algunos sectores hegem\u00f3nicos del audiovisual, la competencia que representa la \u201cpirater\u00eda\u201d o la ausencia de regulaci\u00f3n institucional.<\/p>\n","protected":false},"excerpt":{"rendered":"<p>\u00bfQu\u00e9 papel tiene y tendr\u00e1 Internet en el sector audiovisual? \u00bfQu\u00e9 nuevos modelos de negocio pueden encajar en la Red?<\/p>\n","protected":false},"author":1,"featured_media":3999,"comment_status":"open","ping_status":"open","sticky":false,"template":"","format":"standard","meta":{"_acf_changed":false,"footnotes":""},"categories":[21],"tags":[],"class_list":["post-5529","post","type-post","status-publish","format-standard","has-post-thumbnail","hentry","category-actualidad"],"acf":[],"yoast_head":"<!-- This site is optimized with the Yoast SEO plugin v27.0 - https:\/\/yoast.com\/product\/yoast-seo-wordpress\/ -->\n<title>Sesi\u00f3n de trabajo con FILMIN y WUAKI TV - Cl\u00faster Audiovisual<\/title>\n<meta name=\"robots\" content=\"index, follow, max-snippet:-1, max-image-preview:large, max-video-preview:-1\" \/>\n<link rel=\"canonical\" href=\"https:\/\/www.clusteraudiovisual.cat\/es\/sesion-de-trabajo-con-filmin-y-wuaki-tv\/\" \/>\n<meta property=\"og:locale\" content=\"es_ES\" \/>\n<meta property=\"og:type\" content=\"article\" \/>\n<meta property=\"og:title\" content=\"Sesi\u00f3n de trabajo con FILMIN y WUAKI TV - Cl\u00faster Audiovisual\" \/>\n<meta property=\"og:description\" content=\"\u00bfQu\u00e9 papel tiene y tendr\u00e1 Internet en el sector audiovisual? \u00bfQu\u00e9 nuevos modelos de negocio pueden encajar en la Red?\" \/>\n<meta property=\"og:url\" content=\"https:\/\/www.clusteraudiovisual.cat\/es\/sesion-de-trabajo-con-filmin-y-wuaki-tv\/\" \/>\n<meta property=\"og:site_name\" content=\"Cl\u00faster Audiovisual\" \/>\n<meta property=\"article:published_time\" content=\"2014-09-30T12:39:34+00:00\" \/>\n<meta property=\"og:image\" content=\"https:\/\/www.clusteraudiovisual.cat\/wp-content\/uploads\/2021\/02\/Filmin-i-WuakiTV-e1414759003895.jpg\" \/>\n\t<meta property=\"og:image:width\" content=\"507\" \/>\n\t<meta property=\"og:image:height\" content=\"380\" \/>\n\t<meta property=\"og:image:type\" content=\"image\/jpeg\" \/>\n<meta name=\"author\" content=\"admin\" \/>\n<meta name=\"twitter:card\" content=\"summary_large_image\" \/>\n<meta name=\"twitter:label1\" content=\"Escrito por\" \/>\n\t<meta name=\"twitter:data1\" content=\"admin\" \/>\n\t<meta name=\"twitter:label2\" content=\"Tiempo de lectura\" \/>\n\t<meta name=\"twitter:data2\" content=\"2 minutos\" \/>\n<script type=\"application\/ld+json\" class=\"yoast-schema-graph\">{\"@context\":\"https:\/\/schema.org\",\"@graph\":[{\"@type\":\"Article\",\"@id\":\"https:\/\/www.clusteraudiovisual.cat\/es\/sesion-de-trabajo-con-filmin-y-wuaki-tv\/#article\",\"isPartOf\":{\"@id\":\"https:\/\/www.clusteraudiovisual.cat\/es\/sesion-de-trabajo-con-filmin-y-wuaki-tv\/\"},\"author\":{\"name\":\"admin\",\"@id\":\"https:\/\/www.clusteraudiovisual.cat\/es\/#\/schema\/person\/23e1e732da72779cfc4fd7842583d17d\"},\"headline\":\"Sesi\u00f3n de trabajo con FILMIN y WUAKI TV\",\"datePublished\":\"2014-09-30T12:39:34+00:00\",\"mainEntityOfPage\":{\"@id\":\"https:\/\/www.clusteraudiovisual.cat\/es\/sesion-de-trabajo-con-filmin-y-wuaki-tv\/\"},\"wordCount\":316,\"commentCount\":0,\"image\":{\"@id\":\"https:\/\/www.clusteraudiovisual.cat\/es\/sesion-de-trabajo-con-filmin-y-wuaki-tv\/#primaryimage\"},\"thumbnailUrl\":\"https:\/\/www.clusteraudiovisual.cat\/wp-content\/uploads\/2021\/02\/Filmin-i-WuakiTV-e1414759003895.jpg\",\"articleSection\":[\"Actualidad\"],\"inLanguage\":\"es\",\"potentialAction\":[{\"@type\":\"CommentAction\",\"name\":\"Comment\",\"target\":[\"https:\/\/www.clusteraudiovisual.cat\/es\/sesion-de-trabajo-con-filmin-y-wuaki-tv\/#respond\"]}]},{\"@type\":\"WebPage\",\"@id\":\"https:\/\/www.clusteraudiovisual.cat\/es\/sesion-de-trabajo-con-filmin-y-wuaki-tv\/\",\"url\":\"https:\/\/www.clusteraudiovisual.cat\/es\/sesion-de-trabajo-con-filmin-y-wuaki-tv\/\",\"name\":\"Sesi\u00f3n de trabajo con FILMIN y WUAKI TV - Cl\u00faster Audiovisual\",\"isPartOf\":{\"@id\":\"https:\/\/www.clusteraudiovisual.cat\/es\/#website\"},\"primaryImageOfPage\":{\"@id\":\"https:\/\/www.clusteraudiovisual.cat\/es\/sesion-de-trabajo-con-filmin-y-wuaki-tv\/#primaryimage\"},\"image\":{\"@id\":\"https:\/\/www.clusteraudiovisual.cat\/es\/sesion-de-trabajo-con-filmin-y-wuaki-tv\/#primaryimage\"},\"thumbnailUrl\":\"https:\/\/www.clusteraudiovisual.cat\/wp-content\/uploads\/2021\/02\/Filmin-i-WuakiTV-e1414759003895.jpg\",\"datePublished\":\"2014-09-30T12:39:34+00:00\",\"author\":{\"@id\":\"https:\/\/www.clusteraudiovisual.cat\/es\/#\/schema\/person\/23e1e732da72779cfc4fd7842583d17d\"},\"inLanguage\":\"es\",\"potentialAction\":[{\"@type\":\"ReadAction\",\"target\":[\"https:\/\/www.clusteraudiovisual.cat\/es\/sesion-de-trabajo-con-filmin-y-wuaki-tv\/\"]}]},{\"@type\":\"ImageObject\",\"inLanguage\":\"es\",\"@id\":\"https:\/\/www.clusteraudiovisual.cat\/es\/sesion-de-trabajo-con-filmin-y-wuaki-tv\/#primaryimage\",\"url\":\"https:\/\/www.clusteraudiovisual.cat\/wp-content\/uploads\/2021\/02\/Filmin-i-WuakiTV-e1414759003895.jpg\",\"contentUrl\":\"https:\/\/www.clusteraudiovisual.cat\/wp-content\/uploads\/2021\/02\/Filmin-i-WuakiTV-e1414759003895.jpg\",\"width\":507,\"height\":380},{\"@type\":\"WebSite\",\"@id\":\"https:\/\/www.clusteraudiovisual.cat\/es\/#website\",\"url\":\"https:\/\/www.clusteraudiovisual.cat\/es\/\",\"name\":\"Cl\u00faster Audiovisual\",\"description\":\"Associaci\u00f3 d&#039;empreses que integren el sector audiovisual.\",\"potentialAction\":[{\"@type\":\"SearchAction\",\"target\":{\"@type\":\"EntryPoint\",\"urlTemplate\":\"https:\/\/www.clusteraudiovisual.cat\/es\/?s={search_term_string}\"},\"query-input\":{\"@type\":\"PropertyValueSpecification\",\"valueRequired\":true,\"valueName\":\"search_term_string\"}}],\"inLanguage\":\"es\"},{\"@type\":\"Person\",\"@id\":\"https:\/\/www.clusteraudiovisual.cat\/es\/#\/schema\/person\/23e1e732da72779cfc4fd7842583d17d\",\"name\":\"admin\",\"sameAs\":[\"https:\/\/www.clusteraudiovisual.cat\"],\"url\":\"https:\/\/www.clusteraudiovisual.cat\/es\/author\/admin\/\"}]}<\/script>\n<!-- \/ Yoast SEO plugin. -->","yoast_head_json":{"title":"Sesi\u00f3n de trabajo con FILMIN y WUAKI TV - Cl\u00faster Audiovisual","robots":{"index":"index","follow":"follow","max-snippet":"max-snippet:-1","max-image-preview":"max-image-preview:large","max-video-preview":"max-video-preview:-1"},"canonical":"https:\/\/www.clusteraudiovisual.cat\/es\/sesion-de-trabajo-con-filmin-y-wuaki-tv\/","og_locale":"es_ES","og_type":"article","og_title":"Sesi\u00f3n de trabajo con FILMIN y WUAKI TV - Cl\u00faster Audiovisual","og_description":"\u00bfQu\u00e9 papel tiene y tendr\u00e1 Internet en el sector audiovisual? \u00bfQu\u00e9 nuevos modelos de negocio pueden encajar en la Red?","og_url":"https:\/\/www.clusteraudiovisual.cat\/es\/sesion-de-trabajo-con-filmin-y-wuaki-tv\/","og_site_name":"Cl\u00faster Audiovisual","article_published_time":"2014-09-30T12:39:34+00:00","og_image":[{"width":507,"height":380,"url":"https:\/\/www.clusteraudiovisual.cat\/wp-content\/uploads\/2021\/02\/Filmin-i-WuakiTV-e1414759003895.jpg","type":"image\/jpeg"}],"author":"admin","twitter_card":"summary_large_image","twitter_misc":{"Escrito por":"admin","Tiempo de lectura":"2 minutos"},"schema":{"@context":"https:\/\/schema.org","@graph":[{"@type":"Article","@id":"https:\/\/www.clusteraudiovisual.cat\/es\/sesion-de-trabajo-con-filmin-y-wuaki-tv\/#article","isPartOf":{"@id":"https:\/\/www.clusteraudiovisual.cat\/es\/sesion-de-trabajo-con-filmin-y-wuaki-tv\/"},"author":{"name":"admin","@id":"https:\/\/www.clusteraudiovisual.cat\/es\/#\/schema\/person\/23e1e732da72779cfc4fd7842583d17d"},"headline":"Sesi\u00f3n de trabajo con FILMIN y WUAKI TV","datePublished":"2014-09-30T12:39:34+00:00","mainEntityOfPage":{"@id":"https:\/\/www.clusteraudiovisual.cat\/es\/sesion-de-trabajo-con-filmin-y-wuaki-tv\/"},"wordCount":316,"commentCount":0,"image":{"@id":"https:\/\/www.clusteraudiovisual.cat\/es\/sesion-de-trabajo-con-filmin-y-wuaki-tv\/#primaryimage"},"thumbnailUrl":"https:\/\/www.clusteraudiovisual.cat\/wp-content\/uploads\/2021\/02\/Filmin-i-WuakiTV-e1414759003895.jpg","articleSection":["Actualidad"],"inLanguage":"es","potentialAction":[{"@type":"CommentAction","name":"Comment","target":["https:\/\/www.clusteraudiovisual.cat\/es\/sesion-de-trabajo-con-filmin-y-wuaki-tv\/#respond"]}]},{"@type":"WebPage","@id":"https:\/\/www.clusteraudiovisual.cat\/es\/sesion-de-trabajo-con-filmin-y-wuaki-tv\/","url":"https:\/\/www.clusteraudiovisual.cat\/es\/sesion-de-trabajo-con-filmin-y-wuaki-tv\/","name":"Sesi\u00f3n de trabajo con FILMIN y WUAKI TV - Cl\u00faster Audiovisual","isPartOf":{"@id":"https:\/\/www.clusteraudiovisual.cat\/es\/#website"},"primaryImageOfPage":{"@id":"https:\/\/www.clusteraudiovisual.cat\/es\/sesion-de-trabajo-con-filmin-y-wuaki-tv\/#primaryimage"},"image":{"@id":"https:\/\/www.clusteraudiovisual.cat\/es\/sesion-de-trabajo-con-filmin-y-wuaki-tv\/#primaryimage"},"thumbnailUrl":"https:\/\/www.clusteraudiovisual.cat\/wp-content\/uploads\/2021\/02\/Filmin-i-WuakiTV-e1414759003895.jpg","datePublished":"2014-09-30T12:39:34+00:00","author":{"@id":"https:\/\/www.clusteraudiovisual.cat\/es\/#\/schema\/person\/23e1e732da72779cfc4fd7842583d17d"},"inLanguage":"es","potentialAction":[{"@type":"ReadAction","target":["https:\/\/www.clusteraudiovisual.cat\/es\/sesion-de-trabajo-con-filmin-y-wuaki-tv\/"]}]},{"@type":"ImageObject","inLanguage":"es","@id":"https:\/\/www.clusteraudiovisual.cat\/es\/sesion-de-trabajo-con-filmin-y-wuaki-tv\/#primaryimage","url":"https:\/\/www.clusteraudiovisual.cat\/wp-content\/uploads\/2021\/02\/Filmin-i-WuakiTV-e1414759003895.jpg","contentUrl":"https:\/\/www.clusteraudiovisual.cat\/wp-content\/uploads\/2021\/02\/Filmin-i-WuakiTV-e1414759003895.jpg","width":507,"height":380},{"@type":"WebSite","@id":"https:\/\/www.clusteraudiovisual.cat\/es\/#website","url":"https:\/\/www.clusteraudiovisual.cat\/es\/","name":"Cl\u00faster Audiovisual","description":"Associaci\u00f3 d&#039;empreses que integren el sector audiovisual.","potentialAction":[{"@type":"SearchAction","target":{"@type":"EntryPoint","urlTemplate":"https:\/\/www.clusteraudiovisual.cat\/es\/?s={search_term_string}"},"query-input":{"@type":"PropertyValueSpecification","valueRequired":true,"valueName":"search_term_string"}}],"inLanguage":"es"},{"@type":"Person","@id":"https:\/\/www.clusteraudiovisual.cat\/es\/#\/schema\/person\/23e1e732da72779cfc4fd7842583d17d","name":"admin","sameAs":["https:\/\/www.clusteraudiovisual.cat"],"url":"https:\/\/www.clusteraudiovisual.cat\/es\/author\/admin\/"}]}},"_links":{"self":[{"href":"https:\/\/www.clusteraudiovisual.cat\/es\/wp-json\/wp\/v2\/posts\/5529","targetHints":{"allow":["GET"]}}],"collection":[{"href":"https:\/\/www.clusteraudiovisual.cat\/es\/wp-json\/wp\/v2\/posts"}],"about":[{"href":"https:\/\/www.clusteraudiovisual.cat\/es\/wp-json\/wp\/v2\/types\/post"}],"author":[{"embeddable":true,"href":"https:\/\/www.clusteraudiovisual.cat\/es\/wp-json\/wp\/v2\/users\/1"}],"replies":[{"embeddable":true,"href":"https:\/\/www.clusteraudiovisual.cat\/es\/wp-json\/wp\/v2\/comments?post=5529"}],"version-history":[{"count":0,"href":"https:\/\/www.clusteraudiovisual.cat\/es\/wp-json\/wp\/v2\/posts\/5529\/revisions"}],"wp:featuredmedia":[{"embeddable":true,"href":"https:\/\/www.clusteraudiovisual.cat\/es\/wp-json\/wp\/v2\/media\/3999"}],"wp:attachment":[{"href":"https:\/\/www.clusteraudiovisual.cat\/es\/wp-json\/wp\/v2\/media?parent=5529"}],"wp:term":[{"taxonomy":"category","embeddable":true,"href":"https:\/\/www.clusteraudiovisual.cat\/es\/wp-json\/wp\/v2\/categories?post=5529"},{"taxonomy":"post_tag","embeddable":true,"href":"https:\/\/www.clusteraudiovisual.cat\/es\/wp-json\/wp\/v2\/tags?post=5529"}],"curies":[{"name":"wp","href":"https:\/\/api.w.org\/{rel}","templated":true}]}}