{"id":55233,"date":"2026-01-29T13:47:21","date_gmt":"2026-01-29T12:47:21","guid":{"rendered":"https:\/\/www.clusteraudiovisual.cat\/?p=55233"},"modified":"2026-03-30T15:07:16","modified_gmt":"2026-03-30T13:07:16","slug":"las-empresas-del-cluster-audiovisual-de-catalunya-en-ise-2026","status":"publish","type":"post","link":"https:\/\/www.clusteraudiovisual.cat\/es\/las-empresas-del-cluster-audiovisual-de-catalunya-en-ise-2026\/","title":{"rendered":"Las empresas del Cl\u00faster Audiovisual de Catalunya en ISE 2026!"},"content":{"rendered":"<p>El <strong><a style=\"color: #3366ff;\" href=\"https:\/\/www.iseurope.org\/\" target=\"_blank\" rel=\"noopener\">ISE<\/a><\/strong>, la mayor feria audiovisual y de sistemas integrados del mundo celebra su 22\u00aa edici\u00f3n del <strong>3 al 6 de febrero en Fira Barcelona Gran Via<\/strong>. El Cl\u00faster Audiovisual de Catalunya colabora con ISE desde el a\u00f1o 2019, cuando la feria se traslad\u00f3 a Barcelona procedente de \u00c1msterdam. El Cl\u00faster act\u00faa como agente conector de la feria con la industria y las instituciones catalanas.<\/p>\n<p>Este a\u00f1o, el Cl\u00faster Audiovisual de Catalu\u00f1a estar\u00e1 presente en la feria en el marco del Catalonia Pavilion de la Generalidad de Catalu\u00f1a (CS100 \u2013 Stand 4) y en el stand compartido con el Ayuntamiento de Barcelona (CS240). Ambos situados en el Congress Square, entre los pabellones 4 y 5.<\/p>\n<p>&nbsp;<\/p>\n<p>&nbsp;<\/p>\n<p><strong>Una docena de empresas socias estar\u00e1n presentes con stand propio:<\/strong><\/p>\n<p><strong><a style=\"color: #3366ff;\" href=\"https:\/\/www.algamiberica.com\/\" target=\"_blank\" rel=\"noopener\">Algam Enterprise<\/a><\/strong> (3R190 &#8211; Pabell\u00f3n 3). Especializados en la distribuci\u00f3n de equipos de sonido profesionales, sistemas AV y de control, v\u00eddeo e iluminaci\u00f3n para proveedores de servicios t\u00e9cnicos, integradores AV, compa\u00f1\u00edas de difusi\u00f3n y estudios. Son distribuidor oficiales de HARMAN Profesional en Espa\u00f1a y presentan la nueva Comtech D Series, una soluci\u00f3n de procesamiento avanzada que, junto con el software Spat Revolution, ampl\u00eda las posibilidades de control y renderizado de audio espacial en entornos profesionales.<\/p>\n<p>La <strong>Comtech D Series<\/strong> ha sido dise\u00f1ada para aplicaciones que requieren alto rendimiento y estabilidad operativa para la gesti\u00f3n de se\u00f1ales en proyectos de gran complejidad t\u00e9cnica. La soluci\u00f3n se complementa con <strong>Spat Revolution<\/strong>, software de referencia en espacializaci\u00f3n y control de audio inmersivo, que proporciona un motor de renderizado de alta precisi\u00f3n y gran flexibilidad en el dise\u00f1o de escenas sonoras.Esta propuesta est\u00e1 especialmente orientada a aplicaciones como instalaciones inmersivas, teatros, museos, centros culturales, eventos en directo y proyectos audiovisuales de alto nivel t\u00e9cnico.<\/p>\n<p>&nbsp;<\/p>\n<p><strong><a style=\"color: #3366ff;\" href=\"https:\/\/www.auravision.es\/\" target=\"_blank\" rel=\"noopener\">Aura Vision<\/a><\/strong> (3E600 &#8211; Pabell\u00f3n 3). L\u00edder europeo en soluciones de pantallas LED, lanzar\u00e1n su nuevo <strong>Comet-C Orbit<\/strong>. Dise\u00f1ada para entornos corporativos y educativos, la pantalla LED todo en uno refleja la creencia de Aura Vision de que la tecnolog\u00eda LED debe construirse alrededor de las personas que lo utilizan a diario, no s\u00f3lo de los espacios donde se instala.<\/p>\n<p>Tambi\u00e9n presentar\u00e1n la \u00faltima versi\u00f3n del <strong>Comet-C PRO HB<\/strong>. Recientemente actualizada para ofrecer el doble de brillo con el mismo consumo de energ\u00eda, la pantalla se ha desarrollado para entornos tales como salas de control, centros de operaciones de seguridad e instalaciones de radiodifusi\u00f3n, donde la claridad, estabilidad y funcionamiento 24\/7 son esenciales. El Comet-C PRO HB tambi\u00e9n ha sido preseleccionado para un Premio Invation en la categor\u00eda de Tecnolog\u00eda de Visualizaci\u00f3n.<\/p>\n<p>&nbsp;<\/p>\n<p><strong><a style=\"color: #3366ff;\" href=\"https:\/\/www.dbaudio.com\/global\/es\/\" target=\"_blank\" rel=\"noopener\">d&amp;b audiotechnik<\/a><\/strong> (7E190 &#8211; Pabell\u00f3n 7 y Audio Demo Rooms D2). Ofrecen formaci\u00f3n, servicio t\u00e9cnico, asistencia a las aplicaciones, informaci\u00f3n t\u00e9cnica, soluciones personalizadas y financiaci\u00f3n, adem\u00e1s de una experta red de ventas y distribuci\u00f3n mundial. Presentan la nueva <strong>Serie U<\/strong>, una gama de altavoces de fuente puntual compactas y polivalentes que redefine la versatilidad, el rendimiento y la libertad de integraci\u00f3n tanto en touring como en instalaci\u00f3n fija, con un dise\u00f1o discreto, robusto y neutral. La serie incorpora un avanzado concepto electroac\u00fastico con control de directividad superior, rendimiento coherente hasta 55 Hz, gu\u00edas de onda giratorias y versiones f\u00edsicas id\u00e9nticas en formato pasivo y en red, permitiendo escoger la arquitectura de sistema m\u00e1s adecuada para cada proyecto. Adem\u00e1s, se integra plenamente en el ecosistema d&amp;b, ofrece opciones de alimentaci\u00f3n flexibles (amplificador, CA o PoE++), es ideal para sistemas distribuidos o inmersivos como de Soundscape y se completa con el nuevo subgrave compacto B10, asegurando soluciones de alto rendimiento y gran adaptabilidad para cualquier aplicaci\u00f3n.<\/p>\n<p>&nbsp;<\/p>\n<p><strong><a style=\"color: #3366ff;\" href=\"https:\/\/www.epson.es\/es_ES\" target=\"_blank\" rel=\"noopener\">EPSON<\/a><\/strong> (3J100 &#8211; Pabell\u00f3n 3). Presenta una de sus propuestas de videoproyecci\u00f3n m\u00e1s ambiciosas, centrada en la <strong>instalaci\u00f3n inmersiva <em>Infinity<\/em><\/strong>, que utiliza tecnolog\u00eda de proyecci\u00f3n avanzada para convertir la luz y el color en una experiencia envolvente y art\u00edstica. Tambi\u00e9n mostrar\u00e1 su nuevo proyector insignia de alta luminosidad con resoluci\u00f3n 4K y conectividad de \u00faltima generaci\u00f3n, una nueva gama de lentes profesionales para proyecci\u00f3n de alto rendimiento y proyectores interactivos de ultra corto alcance para educaci\u00f3n, demostrando c\u00f3mo estas tecnolog\u00edas pueden transformar espacios en experiencias visuales impactantes e inspiradoras.<\/p>\n<p>&nbsp;<\/p>\n<p><strong><a style=\"color: #3366ff;\" href=\"https:\/\/www.flockdroneart.com\/en\/\" target=\"_blank\" rel=\"noopener\">Flock Drone Art<\/a><\/strong> (8G600 &#8211; Pabell\u00f3n 8.1). Productora de espect\u00e1culos con drones. Realizan Drone Light Shows con drones de \u00faltima generaci\u00f3n equipados con potentes luces que permiten disfrutar de un espect\u00e1culo de luces 360\u00ba con la m\u00e1xima seguridad y precisi\u00f3n.<\/p>\n<p>&nbsp;<\/p>\n<p><strong><a style=\"color: #3366ff;\" href=\"https:\/\/fluge.es\/\" target=\"_blank\" rel=\"noopener\">Fluge Audiovisuales<\/a><\/strong> (6E700 &#8211; Pabell\u00f3n 6). Con un stand concebido como una experiencia inmersiva de alto impacto visual y tecnol\u00f3gico, en el que desplegar\u00e1n una propuesta que fusiona arquitectura esc\u00e9nica, creatividad digital e interactividad en tiempo real. Uno de los grandes atractivos ser\u00e1 el <strong>t\u00fanel con pantallas LED de doble cara<\/strong>, cuyo contenido est\u00e1 desarrollado por el estudio creativo Girasomnis, con la direcci\u00f3n art\u00edstica de Paco Gramaje, que ha dise\u00f1ado esta experiencia pensada para mostrar el potencial expresivo del audiovisual en eventos, espacios culturales y entornos de marca. Tambi\u00e9n presentar\u00e1n <em><strong>LYNTRA<\/strong><\/em>, un software propio para convertir superficies y pantallas de gran formato en experiencias interactivas de alta precisi\u00f3n.<\/p>\n<p>&nbsp;<\/p>\n<p><strong><a style=\"color: #3366ff;\" href=\"https:\/\/www.infiled.com\/\" target=\"_blank\" rel=\"noopener\">INFiLED<\/a><\/strong> (3B900 &#8211; Pabell\u00f3n 3). Especializados en la fabricaci\u00f3n y desarrollo de grandes equipos de v\u00eddeo LED. Participan con una propuesta centrada en el cliente, presentando una amplia gama de nuevas soluciones de pantallas LED dise\u00f1adas para aplicaciones reales en sectores como el corporativo, retail, broadcast, DOOH y lavado. Destacar\u00e1 un espacio expositivo inmersivo en el que las pantallas definen la arquitectura y la experiencia del visitante, as\u00ed como el lanzamiento de nuevas series innovadoras como <strong>GeminiLED, InfiPixmk2, Mirak y Black Widow AMT<\/strong>, que combinan dise\u00f1o avanzado, alto rendimiento visual, flexibilidad creativa y sostenibilidad. Adem\u00e1s, INFiLED reforzar\u00e1 su papel como referente del sector compartiendo conocimiento con socios estrat\u00e9gicos, demostrando su compromiso con soluciones tecnol\u00f3gicas de alto impacto, orientadas a las personas y adaptadas a las cambiantes necesidades de integradores y usuarios finales.<\/p>\n<p>&nbsp;<\/p>\n<p><strong><a style=\"color: #3366ff;\" href=\"https:\/\/lang-iberia.com\/es\/\" target=\"_blank\" rel=\"noopener\">LANG<\/a><\/strong> (3H500 &#8211; Pabell\u00f3n 3). Es uno de los principales distribuidores europeos de dispositivos de presentaci\u00f3n visual, tanto para alquiler como venta. A trav\u00e9s de la investigaci\u00f3n y desarrollo continuos, LANG est\u00e1 siempre tecnol\u00f3gicamente a la vanguardia y, en colaboraci\u00f3n con sus socios, tambi\u00e9n ofrece soluciones individuales para usuarios profesionales.<\/p>\n<p>&nbsp;<\/p>\n<p><strong><a style=\"color: #3366ff;\" href=\"https:\/\/eu.connect.panasonic.com\/es\/es\" target=\"_blank\" rel=\"noopener\">Panasonic Connect<\/a><\/strong> (3J500 &#8211; Pabell\u00f3n 3). Presenta una nueva plataforma de fuente de luz por proyecci\u00f3n y su <strong>primer proyector LCD 4K para aplicaciones pro AV<\/strong>, ampliando as\u00ed su gama de tecnolog\u00edas visuales profesionales. La nueva plataforma busca ofrecer caracter\u00edsticas propias de los sistemas 3-chip DLP, mejorando la reproducci\u00f3n de color y brillo en un formato compacto para instalaciones fijas. Adem\u00e1s, mostrar\u00e1 un proyector LCD 4K en un entorno de simulaci\u00f3n para destacar la proyecci\u00f3n a corta distancia con menor estructura de p\u00edxel visible, ideal para aplicaciones inmersivas e interactivas. Tambi\u00e9n expondr\u00e1 un proyector de 42.000 l\u00famenes para grandes espacios y eventos en vivo, y una plataforma modular LED de 55 pulgadas para se\u00f1alizaci\u00f3n y videowalls, bajo la marca Mevix, con el objetivo de optimizar rendimiento, instalaci\u00f3n y eficiencia operativa.<\/p>\n<p>&nbsp;<\/p>\n<p><strong><a style=\"color: #3366ff;\" href=\"https:\/\/www.sono.es\/ca\/\" target=\"_blank\" rel=\"noopener\">SONO<\/a><\/strong> (5F150 &#8211; Pabell\u00f3n 5). Ofrecen soluciones integrales para eventos, proyectos de integraci\u00f3n y muse\u00edsticos e instalaciones audiovisuales. Disponen de plat\u00f3s f\u00edsicos y virtuales totalmente equipados con lo \u00faltimo en tecnolog\u00eda, con casi 50 a\u00f1os de trayectoria en la creaci\u00f3n de experiencias audiovisuales.<\/p>\n<p>&nbsp;<\/p>\n<p><strong><a style=\"color: #3366ff;\" href=\"https:\/\/www.3cat.cat\/3cat\/\" target=\"_blank\" rel=\"noopener\">3Cat<\/a><\/strong> (SPARK). 3Cat es la principal corporaci\u00f3n p\u00fablica de medios audiovisuales de Catalu\u00f1a. Est\u00e1 comprometida con la exploraci\u00f3n de nuevos formatos que conecten con las audiencias, especialmente con las m\u00e1s j\u00f3venes, en entornos digitales.<\/p>\n<p>En Spark, 3Cat presentar\u00e1 una experiencia interactiva inmersiva inspirada en <em><strong>Manairons<\/strong><\/em>, su nuevo videojuego arraigado en el folclore catal\u00e1n y protagonizado por los manairons, criaturas m\u00edticas del Pirineo. Los visitantes entrar\u00e1n en un cubo de tres pantallas para explorar el universo de Manairons mediante interacci\u00f3n basada en gestos, y tambi\u00e9n podr\u00e1n jugar a una demo fuera del cubo.<\/p>\n<p>Coproducido con <strong>JanduSoft<\/strong>, con <strong>Flop Work<\/strong> como socio tecnol\u00f3gico e interactivo, el proyecto muestra a 3Cat como un hub creativo-tecnol\u00f3gico de medios y como productor de narrativa digital innovadora.<\/p>\n<p>&nbsp;<\/p>\n<p><strong><a style=\"color: #3366ff;\" href=\"https:\/\/windowsight.com\/\" target=\"_blank\" rel=\"noopener\">WindowSight<\/a><\/strong> (3F500 &#8211; Pabell\u00f3n 3). Expondr\u00e1n por primera vez en el stand de Samsung, el mayor del sal\u00f3n, presentando una nueva integraci\u00f3n con <strong>Samsung VXT<\/strong>, su plataforma principal de digital signage. Son la plataforma l\u00edder para transformar cualquier televisor en una obra de arte con la mayor comunidad de artistas; contando con m\u00e1s de 300 artistas, m\u00e1s de 50 fot\u00f3grafos de National Geographic y m\u00e1s de 20.000 contenidos.<\/p>\n<p>&nbsp;<\/p>\n<p>&nbsp;<\/p>\n<p><strong>Empresas socias en el marco del stand del Catalonia Pavilion (CS100 \u2013 Congress Square):<\/strong><\/p>\n<p><strong><a style=\"color: #3366ff;\" href=\"https:\/\/cit.upc.edu\/ca\/\" target=\"_blank\" rel=\"noopener\">CIT UPC &#8211; Centre d&#8217;Innovaci\u00f3 i Tecnologia de la Universitat Polit\u00e8cnica de Catalunya<\/a><\/strong> (Estand 8). Entidad sin \u00e1nimo de lucro, que pone la capacidad de investigaci\u00f3n universitaria al servicio de la innovaci\u00f3n en las empresas a partir del conocimiento y resultados de los centros de investigaci\u00f3n y transferencia de tecnolog\u00eda de la UPC.<\/p>\n<p>&nbsp;<\/p>\n<p><strong><a style=\"color: #3366ff;\" href=\"https:\/\/drivingstudios.com\/\" target=\"_blank\" rel=\"noopener\">Driving Studios<\/a><\/strong> (Estand 11). Ofrecen servicios integrales en la industria de la automoci\u00f3n, y desde Catalu\u00f1a se ha consolidado como un hub audiovisual de referencia en el sur de Europa. El complejo, situado a 60 km de Barcelona, \u200b\u200bcuenta con 16.000 m2 (6.000 m2 interiores y 10.000 m2 de backlot exterior) y ha acogido producciones internacionales de marcas y productoras de primer nivel. Su n\u00facleo tecnol\u00f3gico es un <strong>LED Volume Studio de 1.000m\u00b2<\/strong> con pantalla LED curva, techo LED e integraci\u00f3n con Unreal Engine, Disguise y Mo-Sys, combinado con el ciclorama en L m\u00e1s grande de Catalu\u00f1a. Tambi\u00e9n dispone de un Stage 2 de 2.000 m\u00b2 para grandes decorados, un backlot exterior de 10.000 m\u00b2 y m\u00e1s de 3.000 m\u00b2 de espacios de producci\u00f3n y servicios, con certificaci\u00f3n TISAX, lo que le convierte en una infraestructura estrat\u00e9gica para atraer grandes rodajes internacionales y reforzar el papel de Catalu\u00f1a como polo audiovisual.<\/p>\n<p>&nbsp;<\/p>\n<p><strong><a style=\"color: #3366ff;\" href=\"https:\/\/ebantic.com\/es_es\/\" target=\"_blank\" rel=\"noopener\">Ebantic<\/a><\/strong> (Estand 20). Ebantic y Fujiflm presentan mundialmente <strong>ProArchive<\/strong>, el nuevo servicio de Fujifilm para la preservaci\u00f3n, gesti\u00f3n y acceso a grandes archivos audiovisuales, dise\u00f1ado y desarrollado en estrecha colaboraci\u00f3n con Ebantic. Este servicio permite conservar y organizar de forma centralizada, segura y accesible contenidos de alto valor, con ingesta y b\u00fasqueda avanzada mediante IA, combinando flexibilidad en nube y almacenamiento f\u00edsico a largo plazo. El proyecto pone en valor la experiencia de Ebantic en sistemas de archivo digital, integraci\u00f3n tecnol\u00f3gica y flujos de trabajo para instituciones culturales, museos y archivos, aportando una soluci\u00f3n robusta que combina almacenamiento a largo plazo, herramientas avanzadas de ingesta y catalogaci\u00f3n con IA, y una arquitectura flexible adaptada a cada cliente.<\/p>\n<p>&nbsp;<\/p>\n<p><strong><a style=\"color: #3366ff;\" href=\"https:\/\/eurecat.org\/home\/\" target=\"_blank\" rel=\"noopener\">Eurecat<\/a><\/strong> (Estand 14). Centro tecnol\u00f3gico de I+D industrial, especializado en estrategias para la innovaci\u00f3n y crecimiento econ\u00f3mico de las industrias culturales y creativas.<\/p>\n<p>&nbsp;<\/p>\n<p><strong><a style=\"color: #3366ff;\" href=\"https:\/\/egm.studio\/about\/\" target=\"_blank\" rel=\"noopener\">EGMStudio<\/a><\/strong> (Estand 1). Estudio creativo ubicado en Barcelona, \u200b\u200bespecializado en la generaci\u00f3n de imagen CGI, la Animaci\u00f3n 3D y la Postproducci\u00f3n de alto nivel. Con una s\u00f3lida trayectoria en el tratamiento de la imagen y una clara orientaci\u00f3n a la innovaci\u00f3n, el estudio crea contenidos visuales de alto impacto que combinan creatividad y fotorealismo. En el ISE 2026, EGMS presenta <strong>como la Inteligencia Artificial aplicada al pipeline de producci\u00f3n 3D permite agilizar procesos<\/strong>, reducir tiempo de renderizado y alcanzar niveles de fotorealismo a\u00fan m\u00e1s elevados. La combinaci\u00f3n del 3D con la IA aplicada a la creaci\u00f3n de recursos gr\u00e1ficos y una base creativa redefine los est\u00e1ndares de producci\u00f3n visual, ofreciendo soluciones m\u00e1s eficientes, flexibles y escalables.<\/p>\n<p>&nbsp;<\/p>\n<p><strong><a style=\"color: #3366ff;\" href=\"https:\/\/fluendo.com\/\" target=\"_blank\" rel=\"noopener\">Fluendo<\/a><\/strong> (Estand 10). Desarrolladora de productos multimedia legales a partir de los dos frameworks m\u00e1s vers\u00e1tiles del mercado: GStreamer y FFmpeg. Contribuyen a la comunidad de programadores a nivel mundial y ayudan a las empresas a brindar la mejor experiencia multimedia a sus usuarios.<\/p>\n<p>&nbsp;<\/p>\n<p><strong><a style=\"color: #3366ff;\" href=\"https:\/\/www.gestmusic.es\/ca\/\" target=\"_blank\" rel=\"noopener\">Gestmusic<\/a><\/strong> (Estand 13). Gestmusic y Amplify han lanzado<strong> KAI, una nueva herramienta impulsada por IA que unifica y agiliza el flujo de trabajo creativo en producciones de entretenimiento<\/strong> con grandes vol\u00famenes de material audiovisual. KAI indexa autom\u00e1ticamente el contenido, genera narrativas a partir de prontos y permite construir y refinar historias de forma colaborativa, para despu\u00e9s transferirlas directamente a la l\u00ednea de tiempo de edici\u00f3n (NLE). Desarrollada en un proyecto de innovaci\u00f3n europeo con el apoyo de EIT Culture &amp; Creativity y con aportaciones de Fraunhofer IPK y Ugiat Technologies, KAI facilita la b\u00fasqueda, organizaci\u00f3n y reutilizaci\u00f3n de fragmentos, acelerando el proceso desde la captura hasta el montaje final, sin perder el control creativo humano.<\/p>\n<p>&nbsp;<\/p>\n<p><strong><a style=\"color: #3366ff;\" href=\"https:\/\/masacoustics.com\/\" target=\"_blank\" rel=\"noopener\">Mas Acoustics<\/a><\/strong> (Estand 12). Presentan el <strong>Platinum Blanket-Foil de Insuquilt<\/strong>, las mantas ac\u00fasticas de referencia mundial para grandes espacios creativos donde una buena ac\u00fastica es esencial, como Estudios de Cine y TV, Broadcast, Auditorios, salas de conciertos, discotecas o incluso Gimnasios.<\/p>\n<p>&nbsp;<\/p>\n<p><strong><a style=\"color: #3366ff;\" href=\"https:\/\/nrd.es\/ca\/\" target=\"_blank\" rel=\"noopener\">NRD Multimedia<\/a><\/strong> (Estand 26). Empresa que implementa soluciones para la automatizaci\u00f3n y digitalizaci\u00f3n de la producci\u00f3n audiovisual. Dise\u00f1an e integran centros avanzados de producci\u00f3n audiovisual en infraestructuras, organizaciones y medios de comunicaci\u00f3n.<\/p>\n<p>&nbsp;<\/p>\n<p><strong><a style=\"color: #3366ff;\" href=\"https:\/\/www.watchity.com\/\" target=\"_blank\" rel=\"noopener\">Watchity<\/a><\/strong> (Estand 2). Mostrar\u00e1n c\u00f3mo Watchity permite producir, organizar y publicar contenidos audiovisuales de principio a fin desde una \u00fanica plataforma, integrando webs, apps, redes sociales y entornos OTT. Adem\u00e1s, presentar\u00e1n nuevas funcionalidades basadas en inteligencia artificial que agilicen la producci\u00f3n, automaticen la reutilizaci\u00f3n de contenidos y multiplican su impacto: generaci\u00f3n de clips, res\u00famenes, subt\u00edtulos, adaptaci\u00f3n a formatos sociales y flujos audiovisuales m\u00e1s r\u00e1pidos, eficientes y conectados.<\/p>\n<p>&nbsp;<\/p>\n<p>&nbsp;<\/p>\n<p><strong>Empresas socias en el marco del stand del Ayuntamiento de Barcelona compartido con el Cl\u00faster\u00a0(CS240 \u2013 Congress Square):<\/strong><\/p>\n<p><strong><a style=\"color: #3366ff;\" href=\"https:\/\/blit.studio\/\" target=\"_blank\" rel=\"noopener\">Blit<\/a><\/strong>. Estudio creativo de contenido para marcas, eventos, m\u00fasica y arte. Han trabajado con grandes empresas e instituciones desde el dise\u00f1o visual hasta las experiencias inmersivas.<\/p>\n<p>&nbsp;<\/p>\n<p><strong><a style=\"color: #3366ff;\" href=\"https:\/\/emogg.com\/es\" target=\"_blank\" rel=\"noopener\">Emogg<\/a><\/strong>. Emogg Analytics\u00ae es una soluci\u00f3n tecnol\u00f3gica que permite transformar los eventos en activos estrat\u00e9gicos para empresas, instituciones y marcas. A trav\u00e9s de la medida objetiva de la comunicaci\u00f3n no verbal de la audiencia, Emogg convierte lo tradicionalmente intangible \u2014atenci\u00f3n, impacto emocional o conexi\u00f3n con los mensajes\u2014 en datos objetivos para la toma de decisiones.<\/p>\n<p>La plataforma analiza la experiencia del p\u00fablico en tiempo real y genera indicadores claros que permiten evaluar la eficacia de la comunicaci\u00f3n, optimizar contenidos y demostrar el valor real de los eventos frente a equipos de direcci\u00f3n, comunicaci\u00f3n y marketing. Todo el proceso se basa en una tecnolog\u00eda privacy-first, dise\u00f1ada para cumplir estrictamente con el GDPR, sin identificar personas ni almacenar datos personales.<\/p>\n<p>&nbsp;<\/p>\n<p><strong><a style=\"color: #3366ff;\" href=\"https:\/\/framemov.com\/\" target=\"_blank\" rel=\"noopener\">Framemov<\/a><\/strong>. Productora de contenidos audiovisuales inmersivos y para publicidad. Especializada en instalaciones inmersivas, producci\u00f3n virtual y v\u00eddeo mapping. Presentan dos soluciones; por un lado, <em><strong>DYNAMIC PERSONA<\/strong><\/em> se trata de una instalaci\u00f3n interactiva basada en IA que funciona a partir de la detecci\u00f3n de personas mediante una c\u00e1mara Kinect. A partir de la silueta captada, la inteligencia artificial genera contenidos visuales en tiempo real. El sistema se basa en una serie de opciones totalmente personalizables, previamente definidas y programadas por nuestro equipo.<\/p>\n<p>Por otra parte, <em><strong>VELORA<\/strong> <\/em>es una experiencia que explora c\u00f3mo los espacios pueden crearse y vivirse, no s\u00f3lo observarse. En el contexto de ISE, funciona como un showcase creativo del enfoque de Framemov: entornos dise\u00f1ados a trav\u00e9s de la interacci\u00f3n que se transforman en experiencias personales. A partir de decisiones sobre atm\u00f3sfera, color y luz, el visitante genera su propio mundo y pasa a formar parte de \u00e9l, mostrando c\u00f3mo la tecnolog\u00eda y la inteligencia artificial pueden actuar de forma invisible para convertir el espacio en un medio narrativo, emocional y memorable.<\/p>\n<p>&nbsp;<\/p>\n<p><strong><a style=\"color: #3366ff;\" href=\"https:\/\/flopwork.com\/es\" target=\"_blank\" rel=\"noopener\">Flop Work<\/a><\/strong>. Crean, desarrollan y construyen proyectos de comunicaci\u00f3n para marcas, agencias e instituciones, fusionando el arte, la creatividad y la \u00faltima tecnolog\u00eda.<\/p>\n<p>&nbsp;<\/p>\n<p><strong><a style=\"color: #3366ff;\" href=\"https:\/\/www.intoreality.tv\/\" target=\"_blank\" rel=\"noopener\">Into Reality<\/a><\/strong>. Tecnol\u00f3gica que est\u00e1 transformando la forma en que consumimos contenidos audiovisuales a trav\u00e9s de una tecnolog\u00eda disruptiva que <strong>integra experiencias inmersivas con contenido tradicional<\/strong>, en m\u00faltiples dispositivos: tel\u00e9fonos m\u00f3viles, ordenadores, tabletas y gafas de realidad virtual, y en m\u00faltiples plataformas. Su propuesta no s\u00f3lo ofrece entretenimiento, sino que tambi\u00e9n rompe las barreras de acceso a la cultura, acerc\u00e1ndola a todos los p\u00fablicos. Se centran especialmente en entornos hospitalarios, pedi\u00e1tricos, escuelas, geri\u00e1tricos o centros penitenciarios, donde la inmersi\u00f3n digital ayuda a mejorar la experiencia y el bienestar de los pacientes.<\/p>\n<p>&nbsp;<\/p>\n<p><strong><a style=\"color: #3366ff;\" href=\"https:\/\/produktia.tv\/\" target=\"_blank\" rel=\"noopener\">Produktia<\/a><\/strong>. Presentan <em><strong>The Virtual Layer<\/strong><\/em>, un proyecto en el que han podido experimentar con tecnolog\u00eda de Realidad Mixta aplicada al interiorismo de proyectos hospitality. Gracias a unas gafas de visualizaci\u00f3n \u00f3ptica con posicionamiento espacial, se pueden visualizar a escala real productos de Kriskadecor, Kave Home, Estiluz y Niessen a un nivel de detalle fotorrealista. Adem\u00e1s de la representaci\u00f3n visual de cada producto, la aplicaci\u00f3n permite mostrar informaci\u00f3n contextual sobre atributos de sostenibilidad, materiales y caracter\u00edsticas t\u00e9cnicas permitiendo acceder a un conocimiento m\u00e1s din\u00e1mico del producto sin necesidad de cat\u00e1logos ni renders est\u00e1ticos.<\/p>\n<p>&nbsp;<\/p>\n<p>&nbsp;<\/p>\n<p><strong>Empresas socias en el marco del stand del ICEC y la DG de Innovaci\u00f3n y Cultura Digital (CS224 \u2013 Congress Square):<\/strong><\/p>\n<p>En este espacio se podr\u00e1n descubrir el trabajo creativo de 6 empresas digitales catalanas a trav\u00e9s de la pieza <em><strong>Immersive Horizons: En journey across Catalan digital creativity<\/strong><\/em>, de 20 minutos de duraci\u00f3n y creada especialmente para el ISE. De estos 6 estudios seleccionados, dos forman parte del Cl\u00faster Audiovisual de Catalu\u00f1a:<\/p>\n<p><strong><a style=\"color: #3366ff;\" href=\"https:\/\/eyesbergstudio.com\/\" target=\"_blank\" rel=\"noopener\">Eyesberg<\/a><\/strong>. Estudio de arte multimedia especializado en instalaciones inmersivas e interactivas con participaci\u00f3n en festivales locales e internacionales de relevancia. Su pieza, <em><strong>The Beauty of Destruction<\/strong><\/em> inspirada en el cr\u00e1ter Kerid de Islandia, reflexiona sobre la violencia de la naturaleza y su capacidad de regeneraci\u00f3n.<\/p>\n<p><strong><a style=\"color: #3366ff;\" href=\"https:\/\/www.onionlab.com\/\" target=\"_blank\" rel=\"noopener\">Onionlab<\/a><\/strong>. Estudio creativo que explora el arte, el dise\u00f1o y la tecnolog\u00eda a trav\u00e9s de experiencias inmersivas. <em><strong>2100: The Outcome<\/strong><\/em> explora tres escenarios futuros determinados por las decisiones que tomamos hoy sobre el clima, fomentando la reflexi\u00f3n sobre nuestra responsabilidad colectiva.<\/p>\n<p>&nbsp;<\/p>\n<p>&nbsp;<\/p>\n<p><strong>Empresas socias en el marco del Innovation Park\u00a0(Congress Square):<\/strong><\/p>\n<p><strong><a style=\"color: #3366ff;\" href=\"https:\/\/www.itsonsync.com\/\" target=\"_blank\" rel=\"noopener\">IT&#8217;S ON<\/a><\/strong>. Software especializado en \u00abremote monitoring\u00bb en tiempo real y streaming en plat\u00f3s. Ofrecen servicios de v\u00eddeo asistencia, soluciones integradas, una aplicaci\u00f3n para clientes y servicios internacionales.<\/p>\n<p>&nbsp;<\/p>\n<p>&nbsp;<\/p>\n<p>Empresas socias del Cl\u00faster Audiovisual que participan en el ISE Open <strong><a style=\"color: #3366ff;\" href=\"https:\/\/www.b2match.com\/e\/ise-2026-open-innovation-challenge\" target=\"_blank\" rel=\"noopener\">ISE Open Innovation Challenge 2026<\/a><\/strong>: <strong>3Cat<\/strong>, <strong>Abacus<\/strong>, <strong>Alguna Pregunta<\/strong>, <strong>CaixaForum+<\/strong>, <strong>Gestmusic<\/strong>, <strong>Grup Planeta<\/strong>,<strong> IT\u2019S ON<\/strong>, <strong>Lavinia<\/strong>, <strong>Nextus<\/strong> y <strong>XAL<\/strong>.<\/p>\n","protected":false},"excerpt":{"rendered":"<p>El ISE, la mayor feria audiovisual y de sistemas integrados del mundo celebra su 22\u00aa edici\u00f3n del 3 al 6 de febrero en Fira Barcelona Gran Via. El Cl\u00faster Audiovisual [&hellip;]<\/p>\n","protected":false},"author":10,"featured_media":55180,"comment_status":"closed","ping_status":"closed","sticky":false,"template":"","format":"standard","meta":{"_acf_changed":false,"footnotes":""},"categories":[21],"tags":[],"class_list":["post-55233","post","type-post","status-publish","format-standard","has-post-thumbnail","hentry","category-actualidad"],"acf":[],"yoast_head":"<!-- This site is optimized with the Yoast SEO plugin v27.0 - https:\/\/yoast.com\/product\/yoast-seo-wordpress\/ -->\n<title>Las empresas del Cl\u00faster Audiovisual de Catalunya en ISE 2026! - Cl\u00faster Audiovisual<\/title>\n<meta name=\"robots\" content=\"index, follow, max-snippet:-1, max-image-preview:large, max-video-preview:-1\" \/>\n<link rel=\"canonical\" href=\"https:\/\/www.clusteraudiovisual.cat\/es\/las-empresas-del-cluster-audiovisual-de-catalunya-en-ise-2026\/\" \/>\n<meta property=\"og:locale\" content=\"es_ES\" \/>\n<meta property=\"og:type\" content=\"article\" \/>\n<meta property=\"og:title\" content=\"Las empresas del Cl\u00faster Audiovisual de Catalunya en ISE 2026! - Cl\u00faster Audiovisual\" \/>\n<meta property=\"og:description\" content=\"El ISE, la mayor feria audiovisual y de sistemas integrados del mundo celebra su 22\u00aa edici\u00f3n del 3 al 6 de febrero en Fira Barcelona Gran Via. El Cl\u00faster Audiovisual [&hellip;]\" \/>\n<meta property=\"og:url\" content=\"https:\/\/www.clusteraudiovisual.cat\/es\/las-empresas-del-cluster-audiovisual-de-catalunya-en-ise-2026\/\" \/>\n<meta property=\"og:site_name\" content=\"Cl\u00faster Audiovisual\" \/>\n<meta property=\"article:published_time\" content=\"2026-01-29T12:47:21+00:00\" \/>\n<meta property=\"article:modified_time\" content=\"2026-03-30T13:07:16+00:00\" \/>\n<meta property=\"og:image\" content=\"https:\/\/www.clusteraudiovisual.cat\/wp-content\/uploads\/2026\/01\/ISE2026_Noticia_Socis.jpg\" \/>\n\t<meta property=\"og:image:width\" content=\"1200\" \/>\n\t<meta property=\"og:image:height\" content=\"759\" \/>\n\t<meta property=\"og:image:type\" content=\"image\/jpeg\" \/>\n<meta name=\"author\" content=\"ngrinyo\" \/>\n<meta name=\"twitter:card\" content=\"summary_large_image\" \/>\n<meta name=\"twitter:label1\" content=\"Escrito por\" \/>\n\t<meta name=\"twitter:data1\" content=\"ngrinyo\" \/>\n\t<meta name=\"twitter:label2\" content=\"Tiempo de lectura\" \/>\n\t<meta name=\"twitter:data2\" content=\"16 minutos\" \/>\n<script type=\"application\/ld+json\" class=\"yoast-schema-graph\">{\"@context\":\"https:\/\/schema.org\",\"@graph\":[{\"@type\":\"Article\",\"@id\":\"https:\/\/www.clusteraudiovisual.cat\/es\/las-empresas-del-cluster-audiovisual-de-catalunya-en-ise-2026\/#article\",\"isPartOf\":{\"@id\":\"https:\/\/www.clusteraudiovisual.cat\/es\/las-empresas-del-cluster-audiovisual-de-catalunya-en-ise-2026\/\"},\"author\":{\"name\":\"ngrinyo\",\"@id\":\"https:\/\/www.clusteraudiovisual.cat\/es\/#\/schema\/person\/f584bbf31325897c0bb1c87583f62bdf\"},\"headline\":\"Las empresas del Cl\u00faster Audiovisual de Catalunya en ISE 2026!\",\"datePublished\":\"2026-01-29T12:47:21+00:00\",\"dateModified\":\"2026-03-30T13:07:16+00:00\",\"mainEntityOfPage\":{\"@id\":\"https:\/\/www.clusteraudiovisual.cat\/es\/las-empresas-del-cluster-audiovisual-de-catalunya-en-ise-2026\/\"},\"wordCount\":3209,\"image\":{\"@id\":\"https:\/\/www.clusteraudiovisual.cat\/es\/las-empresas-del-cluster-audiovisual-de-catalunya-en-ise-2026\/#primaryimage\"},\"thumbnailUrl\":\"https:\/\/www.clusteraudiovisual.cat\/wp-content\/uploads\/2026\/01\/ISE2026_Noticia_Socis.jpg\",\"articleSection\":[\"Actualidad\"],\"inLanguage\":\"es\"},{\"@type\":\"WebPage\",\"@id\":\"https:\/\/www.clusteraudiovisual.cat\/es\/las-empresas-del-cluster-audiovisual-de-catalunya-en-ise-2026\/\",\"url\":\"https:\/\/www.clusteraudiovisual.cat\/es\/las-empresas-del-cluster-audiovisual-de-catalunya-en-ise-2026\/\",\"name\":\"Las empresas del Cl\u00faster Audiovisual de Catalunya en ISE 2026! - Cl\u00faster Audiovisual\",\"isPartOf\":{\"@id\":\"https:\/\/www.clusteraudiovisual.cat\/es\/#website\"},\"primaryImageOfPage\":{\"@id\":\"https:\/\/www.clusteraudiovisual.cat\/es\/las-empresas-del-cluster-audiovisual-de-catalunya-en-ise-2026\/#primaryimage\"},\"image\":{\"@id\":\"https:\/\/www.clusteraudiovisual.cat\/es\/las-empresas-del-cluster-audiovisual-de-catalunya-en-ise-2026\/#primaryimage\"},\"thumbnailUrl\":\"https:\/\/www.clusteraudiovisual.cat\/wp-content\/uploads\/2026\/01\/ISE2026_Noticia_Socis.jpg\",\"datePublished\":\"2026-01-29T12:47:21+00:00\",\"dateModified\":\"2026-03-30T13:07:16+00:00\",\"author\":{\"@id\":\"https:\/\/www.clusteraudiovisual.cat\/es\/#\/schema\/person\/f584bbf31325897c0bb1c87583f62bdf\"},\"inLanguage\":\"es\",\"potentialAction\":[{\"@type\":\"ReadAction\",\"target\":[\"https:\/\/www.clusteraudiovisual.cat\/es\/las-empresas-del-cluster-audiovisual-de-catalunya-en-ise-2026\/\"]}]},{\"@type\":\"ImageObject\",\"inLanguage\":\"es\",\"@id\":\"https:\/\/www.clusteraudiovisual.cat\/es\/las-empresas-del-cluster-audiovisual-de-catalunya-en-ise-2026\/#primaryimage\",\"url\":\"https:\/\/www.clusteraudiovisual.cat\/wp-content\/uploads\/2026\/01\/ISE2026_Noticia_Socis.jpg\",\"contentUrl\":\"https:\/\/www.clusteraudiovisual.cat\/wp-content\/uploads\/2026\/01\/ISE2026_Noticia_Socis.jpg\",\"width\":1200,\"height\":759},{\"@type\":\"WebSite\",\"@id\":\"https:\/\/www.clusteraudiovisual.cat\/es\/#website\",\"url\":\"https:\/\/www.clusteraudiovisual.cat\/es\/\",\"name\":\"Cl\u00faster Audiovisual\",\"description\":\"Associaci\u00f3 d&#039;empreses que integren el sector audiovisual.\",\"potentialAction\":[{\"@type\":\"SearchAction\",\"target\":{\"@type\":\"EntryPoint\",\"urlTemplate\":\"https:\/\/www.clusteraudiovisual.cat\/es\/?s={search_term_string}\"},\"query-input\":{\"@type\":\"PropertyValueSpecification\",\"valueRequired\":true,\"valueName\":\"search_term_string\"}}],\"inLanguage\":\"es\"},{\"@type\":\"Person\",\"@id\":\"https:\/\/www.clusteraudiovisual.cat\/es\/#\/schema\/person\/f584bbf31325897c0bb1c87583f62bdf\",\"name\":\"ngrinyo\",\"url\":\"https:\/\/www.clusteraudiovisual.cat\/es\/author\/ngrinyo\/\"}]}<\/script>\n<!-- \/ Yoast SEO plugin. -->","yoast_head_json":{"title":"Las empresas del Cl\u00faster Audiovisual de Catalunya en ISE 2026! - Cl\u00faster Audiovisual","robots":{"index":"index","follow":"follow","max-snippet":"max-snippet:-1","max-image-preview":"max-image-preview:large","max-video-preview":"max-video-preview:-1"},"canonical":"https:\/\/www.clusteraudiovisual.cat\/es\/las-empresas-del-cluster-audiovisual-de-catalunya-en-ise-2026\/","og_locale":"es_ES","og_type":"article","og_title":"Las empresas del Cl\u00faster Audiovisual de Catalunya en ISE 2026! - Cl\u00faster Audiovisual","og_description":"El ISE, la mayor feria audiovisual y de sistemas integrados del mundo celebra su 22\u00aa edici\u00f3n del 3 al 6 de febrero en Fira Barcelona Gran Via. El Cl\u00faster Audiovisual [&hellip;]","og_url":"https:\/\/www.clusteraudiovisual.cat\/es\/las-empresas-del-cluster-audiovisual-de-catalunya-en-ise-2026\/","og_site_name":"Cl\u00faster Audiovisual","article_published_time":"2026-01-29T12:47:21+00:00","article_modified_time":"2026-03-30T13:07:16+00:00","og_image":[{"width":1200,"height":759,"url":"https:\/\/www.clusteraudiovisual.cat\/wp-content\/uploads\/2026\/01\/ISE2026_Noticia_Socis.jpg","type":"image\/jpeg"}],"author":"ngrinyo","twitter_card":"summary_large_image","twitter_misc":{"Escrito por":"ngrinyo","Tiempo de lectura":"16 minutos"},"schema":{"@context":"https:\/\/schema.org","@graph":[{"@type":"Article","@id":"https:\/\/www.clusteraudiovisual.cat\/es\/las-empresas-del-cluster-audiovisual-de-catalunya-en-ise-2026\/#article","isPartOf":{"@id":"https:\/\/www.clusteraudiovisual.cat\/es\/las-empresas-del-cluster-audiovisual-de-catalunya-en-ise-2026\/"},"author":{"name":"ngrinyo","@id":"https:\/\/www.clusteraudiovisual.cat\/es\/#\/schema\/person\/f584bbf31325897c0bb1c87583f62bdf"},"headline":"Las empresas del Cl\u00faster Audiovisual de Catalunya en ISE 2026!","datePublished":"2026-01-29T12:47:21+00:00","dateModified":"2026-03-30T13:07:16+00:00","mainEntityOfPage":{"@id":"https:\/\/www.clusteraudiovisual.cat\/es\/las-empresas-del-cluster-audiovisual-de-catalunya-en-ise-2026\/"},"wordCount":3209,"image":{"@id":"https:\/\/www.clusteraudiovisual.cat\/es\/las-empresas-del-cluster-audiovisual-de-catalunya-en-ise-2026\/#primaryimage"},"thumbnailUrl":"https:\/\/www.clusteraudiovisual.cat\/wp-content\/uploads\/2026\/01\/ISE2026_Noticia_Socis.jpg","articleSection":["Actualidad"],"inLanguage":"es"},{"@type":"WebPage","@id":"https:\/\/www.clusteraudiovisual.cat\/es\/las-empresas-del-cluster-audiovisual-de-catalunya-en-ise-2026\/","url":"https:\/\/www.clusteraudiovisual.cat\/es\/las-empresas-del-cluster-audiovisual-de-catalunya-en-ise-2026\/","name":"Las empresas del Cl\u00faster Audiovisual de Catalunya en ISE 2026! - Cl\u00faster Audiovisual","isPartOf":{"@id":"https:\/\/www.clusteraudiovisual.cat\/es\/#website"},"primaryImageOfPage":{"@id":"https:\/\/www.clusteraudiovisual.cat\/es\/las-empresas-del-cluster-audiovisual-de-catalunya-en-ise-2026\/#primaryimage"},"image":{"@id":"https:\/\/www.clusteraudiovisual.cat\/es\/las-empresas-del-cluster-audiovisual-de-catalunya-en-ise-2026\/#primaryimage"},"thumbnailUrl":"https:\/\/www.clusteraudiovisual.cat\/wp-content\/uploads\/2026\/01\/ISE2026_Noticia_Socis.jpg","datePublished":"2026-01-29T12:47:21+00:00","dateModified":"2026-03-30T13:07:16+00:00","author":{"@id":"https:\/\/www.clusteraudiovisual.cat\/es\/#\/schema\/person\/f584bbf31325897c0bb1c87583f62bdf"},"inLanguage":"es","potentialAction":[{"@type":"ReadAction","target":["https:\/\/www.clusteraudiovisual.cat\/es\/las-empresas-del-cluster-audiovisual-de-catalunya-en-ise-2026\/"]}]},{"@type":"ImageObject","inLanguage":"es","@id":"https:\/\/www.clusteraudiovisual.cat\/es\/las-empresas-del-cluster-audiovisual-de-catalunya-en-ise-2026\/#primaryimage","url":"https:\/\/www.clusteraudiovisual.cat\/wp-content\/uploads\/2026\/01\/ISE2026_Noticia_Socis.jpg","contentUrl":"https:\/\/www.clusteraudiovisual.cat\/wp-content\/uploads\/2026\/01\/ISE2026_Noticia_Socis.jpg","width":1200,"height":759},{"@type":"WebSite","@id":"https:\/\/www.clusteraudiovisual.cat\/es\/#website","url":"https:\/\/www.clusteraudiovisual.cat\/es\/","name":"Cl\u00faster Audiovisual","description":"Associaci\u00f3 d&#039;empreses que integren el sector audiovisual.","potentialAction":[{"@type":"SearchAction","target":{"@type":"EntryPoint","urlTemplate":"https:\/\/www.clusteraudiovisual.cat\/es\/?s={search_term_string}"},"query-input":{"@type":"PropertyValueSpecification","valueRequired":true,"valueName":"search_term_string"}}],"inLanguage":"es"},{"@type":"Person","@id":"https:\/\/www.clusteraudiovisual.cat\/es\/#\/schema\/person\/f584bbf31325897c0bb1c87583f62bdf","name":"ngrinyo","url":"https:\/\/www.clusteraudiovisual.cat\/es\/author\/ngrinyo\/"}]}},"_links":{"self":[{"href":"https:\/\/www.clusteraudiovisual.cat\/es\/wp-json\/wp\/v2\/posts\/55233","targetHints":{"allow":["GET"]}}],"collection":[{"href":"https:\/\/www.clusteraudiovisual.cat\/es\/wp-json\/wp\/v2\/posts"}],"about":[{"href":"https:\/\/www.clusteraudiovisual.cat\/es\/wp-json\/wp\/v2\/types\/post"}],"author":[{"embeddable":true,"href":"https:\/\/www.clusteraudiovisual.cat\/es\/wp-json\/wp\/v2\/users\/10"}],"replies":[{"embeddable":true,"href":"https:\/\/www.clusteraudiovisual.cat\/es\/wp-json\/wp\/v2\/comments?post=55233"}],"version-history":[{"count":4,"href":"https:\/\/www.clusteraudiovisual.cat\/es\/wp-json\/wp\/v2\/posts\/55233\/revisions"}],"predecessor-version":[{"id":55955,"href":"https:\/\/www.clusteraudiovisual.cat\/es\/wp-json\/wp\/v2\/posts\/55233\/revisions\/55955"}],"wp:featuredmedia":[{"embeddable":true,"href":"https:\/\/www.clusteraudiovisual.cat\/es\/wp-json\/wp\/v2\/media\/55180"}],"wp:attachment":[{"href":"https:\/\/www.clusteraudiovisual.cat\/es\/wp-json\/wp\/v2\/media?parent=55233"}],"wp:term":[{"taxonomy":"category","embeddable":true,"href":"https:\/\/www.clusteraudiovisual.cat\/es\/wp-json\/wp\/v2\/categories?post=55233"},{"taxonomy":"post_tag","embeddable":true,"href":"https:\/\/www.clusteraudiovisual.cat\/es\/wp-json\/wp\/v2\/tags?post=55233"}],"curies":[{"name":"wp","href":"https:\/\/api.w.org\/{rel}","templated":true}]}}