{"id":5504,"date":"2014-07-14T07:28:26","date_gmt":"2014-07-14T07:28:26","guid":{"rendered":"https:\/\/www.clusteraudiovisual.cat\/el-cluster-audiovisual-amplia-la-junta-directiva\/"},"modified":"2014-07-14T07:28:26","modified_gmt":"2014-07-14T07:28:26","slug":"el-cluster-audiovisual-amplia-la-junta-directiva","status":"publish","type":"post","link":"https:\/\/www.clusteraudiovisual.cat\/es\/el-cluster-audiovisual-amplia-la-junta-directiva\/","title":{"rendered":"El Cluster Audiovisual ampl\u00eda la Junta Directiva"},"content":{"rendered":"<p>El Cluster Audiovisual de Catalu\u00f1a encara el segundo a\u00f1o de su actividad reforzando la Junta Directiva en la cual se han incorporado 16 representantes del sector audiovisual catal\u00e1n.<\/p>\n<p>Xavier Guitart seguir\u00e1 como presidente del Cluster Audiovisual y le acompa\u00f1ar\u00e1n tres vicepresidentes: Antoni Esteve (Lavinia), Tinet Rubira (Gestmusic Endemol) i Enric Pujadas (Ogilvy), Margarita Cardona (El terrat) como tesorera y Gen\u00eds de Tera en calidad de secretario.<\/p>\n<p>Tambi\u00e9n forman parte de la Junta Paco Escribano (Minoria Absoluta), Joan Bas (Diagonal TV), Sergi Ovide (Ovide), Ignasi Comillas (Veranda) Noem\u00ed Cun\u00ed (Broadcaster), Valent\u00ed Roda (La Quimera), Jordi Mendieta (Dreamteamconcept) Josep Maria Quintana (Createl), Jordi Roig\u00e9 (Utopia Global) y Eduard Gil (Paral\u00b7lel 40).<\/p>\n<p>Actualmente el Cluster est\u00e1 compuesto por alrededor de 60 empresas de producci\u00f3n, de servicios, tecnolog\u00eda, publicidad, entre otras, y mantiene acuerdos permanentes de interlocuci\u00f3n con las universidades catalanas,\u00a0centros de investigaci\u00f3n, asociaciones profesionales y organismos p\u00fablicos.<\/p>\n","protected":false},"excerpt":{"rendered":"<p>El Cluster Audiovisual de Catalu\u00f1a encara el segundo a\u00f1o de su actividad reforzando la Junta Directiva en la cual se han incorporado&#8230;<\/p>\n","protected":false},"author":1,"featured_media":3968,"comment_status":"open","ping_status":"open","sticky":false,"template":"","format":"standard","meta":{"_acf_changed":false,"footnotes":""},"categories":[21],"tags":[],"class_list":["post-5504","post","type-post","status-publish","format-standard","has-post-thumbnail","hentry","category-actualidad"],"acf":[],"yoast_head":"<!-- This site is optimized with the Yoast SEO plugin v27.0 - https:\/\/yoast.com\/product\/yoast-seo-wordpress\/ -->\n<title>El Cluster Audiovisual ampl\u00eda la Junta Directiva - Cl\u00faster Audiovisual<\/title>\n<meta name=\"robots\" content=\"index, follow, max-snippet:-1, max-image-preview:large, max-video-preview:-1\" \/>\n<link rel=\"canonical\" href=\"https:\/\/www.clusteraudiovisual.cat\/es\/el-cluster-audiovisual-amplia-la-junta-directiva\/\" \/>\n<meta property=\"og:locale\" content=\"es_ES\" \/>\n<meta property=\"og:type\" content=\"article\" \/>\n<meta property=\"og:title\" content=\"El Cluster Audiovisual ampl\u00eda la Junta Directiva - Cl\u00faster Audiovisual\" \/>\n<meta property=\"og:description\" content=\"El Cluster Audiovisual de Catalu\u00f1a encara el segundo a\u00f1o de su actividad reforzando la Junta Directiva en la cual se han incorporado...\" \/>\n<meta property=\"og:url\" content=\"https:\/\/www.clusteraudiovisual.cat\/es\/el-cluster-audiovisual-amplia-la-junta-directiva\/\" \/>\n<meta property=\"og:site_name\" content=\"Cl\u00faster Audiovisual\" \/>\n<meta property=\"article:published_time\" content=\"2014-07-14T07:28:26+00:00\" \/>\n<meta property=\"og:image\" content=\"https:\/\/www.clusteraudiovisual.cat\/wp-content\/uploads\/2021\/02\/ampliacio_junta_14_07_20141.jpg\" \/>\n\t<meta property=\"og:image:width\" content=\"605\" \/>\n\t<meta property=\"og:image:height\" content=\"380\" \/>\n\t<meta property=\"og:image:type\" content=\"image\/jpeg\" \/>\n<meta name=\"author\" content=\"admin\" \/>\n<meta name=\"twitter:card\" content=\"summary_large_image\" \/>\n<meta name=\"twitter:label1\" content=\"Escrito por\" \/>\n\t<meta name=\"twitter:data1\" content=\"admin\" \/>\n\t<meta name=\"twitter:label2\" content=\"Tiempo de lectura\" \/>\n\t<meta name=\"twitter:data2\" content=\"1 minuto\" \/>\n<script type=\"application\/ld+json\" class=\"yoast-schema-graph\">{\"@context\":\"https:\/\/schema.org\",\"@graph\":[{\"@type\":\"Article\",\"@id\":\"https:\/\/www.clusteraudiovisual.cat\/es\/el-cluster-audiovisual-amplia-la-junta-directiva\/#article\",\"isPartOf\":{\"@id\":\"https:\/\/www.clusteraudiovisual.cat\/es\/el-cluster-audiovisual-amplia-la-junta-directiva\/\"},\"author\":{\"name\":\"admin\",\"@id\":\"https:\/\/www.clusteraudiovisual.cat\/es\/#\/schema\/person\/23e1e732da72779cfc4fd7842583d17d\"},\"headline\":\"El Cluster Audiovisual ampl\u00eda la Junta Directiva\",\"datePublished\":\"2014-07-14T07:28:26+00:00\",\"mainEntityOfPage\":{\"@id\":\"https:\/\/www.clusteraudiovisual.cat\/es\/el-cluster-audiovisual-amplia-la-junta-directiva\/\"},\"wordCount\":163,\"commentCount\":0,\"image\":{\"@id\":\"https:\/\/www.clusteraudiovisual.cat\/es\/el-cluster-audiovisual-amplia-la-junta-directiva\/#primaryimage\"},\"thumbnailUrl\":\"https:\/\/www.clusteraudiovisual.cat\/wp-content\/uploads\/2021\/02\/ampliacio_junta_14_07_20141.jpg\",\"articleSection\":[\"Actualidad\"],\"inLanguage\":\"es\",\"potentialAction\":[{\"@type\":\"CommentAction\",\"name\":\"Comment\",\"target\":[\"https:\/\/www.clusteraudiovisual.cat\/es\/el-cluster-audiovisual-amplia-la-junta-directiva\/#respond\"]}]},{\"@type\":\"WebPage\",\"@id\":\"https:\/\/www.clusteraudiovisual.cat\/es\/el-cluster-audiovisual-amplia-la-junta-directiva\/\",\"url\":\"https:\/\/www.clusteraudiovisual.cat\/es\/el-cluster-audiovisual-amplia-la-junta-directiva\/\",\"name\":\"El Cluster Audiovisual ampl\u00eda la Junta Directiva - Cl\u00faster Audiovisual\",\"isPartOf\":{\"@id\":\"https:\/\/www.clusteraudiovisual.cat\/es\/#website\"},\"primaryImageOfPage\":{\"@id\":\"https:\/\/www.clusteraudiovisual.cat\/es\/el-cluster-audiovisual-amplia-la-junta-directiva\/#primaryimage\"},\"image\":{\"@id\":\"https:\/\/www.clusteraudiovisual.cat\/es\/el-cluster-audiovisual-amplia-la-junta-directiva\/#primaryimage\"},\"thumbnailUrl\":\"https:\/\/www.clusteraudiovisual.cat\/wp-content\/uploads\/2021\/02\/ampliacio_junta_14_07_20141.jpg\",\"datePublished\":\"2014-07-14T07:28:26+00:00\",\"author\":{\"@id\":\"https:\/\/www.clusteraudiovisual.cat\/es\/#\/schema\/person\/23e1e732da72779cfc4fd7842583d17d\"},\"inLanguage\":\"es\",\"potentialAction\":[{\"@type\":\"ReadAction\",\"target\":[\"https:\/\/www.clusteraudiovisual.cat\/es\/el-cluster-audiovisual-amplia-la-junta-directiva\/\"]}]},{\"@type\":\"ImageObject\",\"inLanguage\":\"es\",\"@id\":\"https:\/\/www.clusteraudiovisual.cat\/es\/el-cluster-audiovisual-amplia-la-junta-directiva\/#primaryimage\",\"url\":\"https:\/\/www.clusteraudiovisual.cat\/wp-content\/uploads\/2021\/02\/ampliacio_junta_14_07_20141.jpg\",\"contentUrl\":\"https:\/\/www.clusteraudiovisual.cat\/wp-content\/uploads\/2021\/02\/ampliacio_junta_14_07_20141.jpg\",\"width\":605,\"height\":380},{\"@type\":\"WebSite\",\"@id\":\"https:\/\/www.clusteraudiovisual.cat\/es\/#website\",\"url\":\"https:\/\/www.clusteraudiovisual.cat\/es\/\",\"name\":\"Cl\u00faster Audiovisual\",\"description\":\"Associaci\u00f3 d&#039;empreses que integren el sector audiovisual.\",\"potentialAction\":[{\"@type\":\"SearchAction\",\"target\":{\"@type\":\"EntryPoint\",\"urlTemplate\":\"https:\/\/www.clusteraudiovisual.cat\/es\/?s={search_term_string}\"},\"query-input\":{\"@type\":\"PropertyValueSpecification\",\"valueRequired\":true,\"valueName\":\"search_term_string\"}}],\"inLanguage\":\"es\"},{\"@type\":\"Person\",\"@id\":\"https:\/\/www.clusteraudiovisual.cat\/es\/#\/schema\/person\/23e1e732da72779cfc4fd7842583d17d\",\"name\":\"admin\",\"sameAs\":[\"https:\/\/www.clusteraudiovisual.cat\"],\"url\":\"https:\/\/www.clusteraudiovisual.cat\/es\/author\/admin\/\"}]}<\/script>\n<!-- \/ Yoast SEO plugin. -->","yoast_head_json":{"title":"El Cluster Audiovisual ampl\u00eda la Junta Directiva - Cl\u00faster Audiovisual","robots":{"index":"index","follow":"follow","max-snippet":"max-snippet:-1","max-image-preview":"max-image-preview:large","max-video-preview":"max-video-preview:-1"},"canonical":"https:\/\/www.clusteraudiovisual.cat\/es\/el-cluster-audiovisual-amplia-la-junta-directiva\/","og_locale":"es_ES","og_type":"article","og_title":"El Cluster Audiovisual ampl\u00eda la Junta Directiva - Cl\u00faster Audiovisual","og_description":"El Cluster Audiovisual de Catalu\u00f1a encara el segundo a\u00f1o de su actividad reforzando la Junta Directiva en la cual se han incorporado...","og_url":"https:\/\/www.clusteraudiovisual.cat\/es\/el-cluster-audiovisual-amplia-la-junta-directiva\/","og_site_name":"Cl\u00faster Audiovisual","article_published_time":"2014-07-14T07:28:26+00:00","og_image":[{"width":605,"height":380,"url":"https:\/\/www.clusteraudiovisual.cat\/wp-content\/uploads\/2021\/02\/ampliacio_junta_14_07_20141.jpg","type":"image\/jpeg"}],"author":"admin","twitter_card":"summary_large_image","twitter_misc":{"Escrito por":"admin","Tiempo de lectura":"1 minuto"},"schema":{"@context":"https:\/\/schema.org","@graph":[{"@type":"Article","@id":"https:\/\/www.clusteraudiovisual.cat\/es\/el-cluster-audiovisual-amplia-la-junta-directiva\/#article","isPartOf":{"@id":"https:\/\/www.clusteraudiovisual.cat\/es\/el-cluster-audiovisual-amplia-la-junta-directiva\/"},"author":{"name":"admin","@id":"https:\/\/www.clusteraudiovisual.cat\/es\/#\/schema\/person\/23e1e732da72779cfc4fd7842583d17d"},"headline":"El Cluster Audiovisual ampl\u00eda la Junta Directiva","datePublished":"2014-07-14T07:28:26+00:00","mainEntityOfPage":{"@id":"https:\/\/www.clusteraudiovisual.cat\/es\/el-cluster-audiovisual-amplia-la-junta-directiva\/"},"wordCount":163,"commentCount":0,"image":{"@id":"https:\/\/www.clusteraudiovisual.cat\/es\/el-cluster-audiovisual-amplia-la-junta-directiva\/#primaryimage"},"thumbnailUrl":"https:\/\/www.clusteraudiovisual.cat\/wp-content\/uploads\/2021\/02\/ampliacio_junta_14_07_20141.jpg","articleSection":["Actualidad"],"inLanguage":"es","potentialAction":[{"@type":"CommentAction","name":"Comment","target":["https:\/\/www.clusteraudiovisual.cat\/es\/el-cluster-audiovisual-amplia-la-junta-directiva\/#respond"]}]},{"@type":"WebPage","@id":"https:\/\/www.clusteraudiovisual.cat\/es\/el-cluster-audiovisual-amplia-la-junta-directiva\/","url":"https:\/\/www.clusteraudiovisual.cat\/es\/el-cluster-audiovisual-amplia-la-junta-directiva\/","name":"El Cluster Audiovisual ampl\u00eda la Junta Directiva - Cl\u00faster Audiovisual","isPartOf":{"@id":"https:\/\/www.clusteraudiovisual.cat\/es\/#website"},"primaryImageOfPage":{"@id":"https:\/\/www.clusteraudiovisual.cat\/es\/el-cluster-audiovisual-amplia-la-junta-directiva\/#primaryimage"},"image":{"@id":"https:\/\/www.clusteraudiovisual.cat\/es\/el-cluster-audiovisual-amplia-la-junta-directiva\/#primaryimage"},"thumbnailUrl":"https:\/\/www.clusteraudiovisual.cat\/wp-content\/uploads\/2021\/02\/ampliacio_junta_14_07_20141.jpg","datePublished":"2014-07-14T07:28:26+00:00","author":{"@id":"https:\/\/www.clusteraudiovisual.cat\/es\/#\/schema\/person\/23e1e732da72779cfc4fd7842583d17d"},"inLanguage":"es","potentialAction":[{"@type":"ReadAction","target":["https:\/\/www.clusteraudiovisual.cat\/es\/el-cluster-audiovisual-amplia-la-junta-directiva\/"]}]},{"@type":"ImageObject","inLanguage":"es","@id":"https:\/\/www.clusteraudiovisual.cat\/es\/el-cluster-audiovisual-amplia-la-junta-directiva\/#primaryimage","url":"https:\/\/www.clusteraudiovisual.cat\/wp-content\/uploads\/2021\/02\/ampliacio_junta_14_07_20141.jpg","contentUrl":"https:\/\/www.clusteraudiovisual.cat\/wp-content\/uploads\/2021\/02\/ampliacio_junta_14_07_20141.jpg","width":605,"height":380},{"@type":"WebSite","@id":"https:\/\/www.clusteraudiovisual.cat\/es\/#website","url":"https:\/\/www.clusteraudiovisual.cat\/es\/","name":"Cl\u00faster Audiovisual","description":"Associaci\u00f3 d&#039;empreses que integren el sector audiovisual.","potentialAction":[{"@type":"SearchAction","target":{"@type":"EntryPoint","urlTemplate":"https:\/\/www.clusteraudiovisual.cat\/es\/?s={search_term_string}"},"query-input":{"@type":"PropertyValueSpecification","valueRequired":true,"valueName":"search_term_string"}}],"inLanguage":"es"},{"@type":"Person","@id":"https:\/\/www.clusteraudiovisual.cat\/es\/#\/schema\/person\/23e1e732da72779cfc4fd7842583d17d","name":"admin","sameAs":["https:\/\/www.clusteraudiovisual.cat"],"url":"https:\/\/www.clusteraudiovisual.cat\/es\/author\/admin\/"}]}},"_links":{"self":[{"href":"https:\/\/www.clusteraudiovisual.cat\/es\/wp-json\/wp\/v2\/posts\/5504","targetHints":{"allow":["GET"]}}],"collection":[{"href":"https:\/\/www.clusteraudiovisual.cat\/es\/wp-json\/wp\/v2\/posts"}],"about":[{"href":"https:\/\/www.clusteraudiovisual.cat\/es\/wp-json\/wp\/v2\/types\/post"}],"author":[{"embeddable":true,"href":"https:\/\/www.clusteraudiovisual.cat\/es\/wp-json\/wp\/v2\/users\/1"}],"replies":[{"embeddable":true,"href":"https:\/\/www.clusteraudiovisual.cat\/es\/wp-json\/wp\/v2\/comments?post=5504"}],"version-history":[{"count":0,"href":"https:\/\/www.clusteraudiovisual.cat\/es\/wp-json\/wp\/v2\/posts\/5504\/revisions"}],"wp:featuredmedia":[{"embeddable":true,"href":"https:\/\/www.clusteraudiovisual.cat\/es\/wp-json\/wp\/v2\/media\/3968"}],"wp:attachment":[{"href":"https:\/\/www.clusteraudiovisual.cat\/es\/wp-json\/wp\/v2\/media?parent=5504"}],"wp:term":[{"taxonomy":"category","embeddable":true,"href":"https:\/\/www.clusteraudiovisual.cat\/es\/wp-json\/wp\/v2\/categories?post=5504"},{"taxonomy":"post_tag","embeddable":true,"href":"https:\/\/www.clusteraudiovisual.cat\/es\/wp-json\/wp\/v2\/tags?post=5504"}],"curies":[{"name":"wp","href":"https:\/\/api.w.org\/{rel}","templated":true}]}}