{"id":5500,"date":"2014-06-30T15:54:03","date_gmt":"2014-06-30T15:54:03","guid":{"rendered":"https:\/\/www.clusteraudiovisual.cat\/digital-media-summit-al-sonard\/"},"modified":"2014-06-30T15:54:03","modified_gmt":"2014-06-30T15:54:03","slug":"digital-media-summit-al-sonard","status":"publish","type":"post","link":"https:\/\/www.clusteraudiovisual.cat\/es\/digital-media-summit-al-sonard\/","title":{"rendered":"Digital &#038; Media Summit en el S\u00f3nar+D"},"content":{"rendered":"<p>Este a\u00f1o, la edici\u00f3n del <a href=\"http:\/\/sonarplusd.com\/es\/2014\/\">S\u00f3nar+D<\/a> ha acogido el taller <a href=\"http:\/\/digitalmediasummit.ca\/\">Digital &amp; Media Summit<\/a>, coorganizado por <a href=\"http:\/\/www.ecommercetechbcn.com\/es\/\">Ecommerce&amp;tech Barcelona<\/a> y el Cluster Audiovisual de Catalu\u00f1a, que ha reunido a representantes de 30 empresas provenientes de las industrias nacionales tecnol\u00f3gicas y del audiovisual.<\/p>\n<p>Los participantes han intercambiado sus experiencias y han explorado nuevas formas de colaboraci\u00f3n y de establecimiento de acuerdos comerciales. El encuentro ha permitido constatar que las empresas audiovisuales y las digitales tienen cada vez m\u00e1s puntos en com\u00fan y pueden complementar con facilidad nuevas v\u00edas de negocio. La creciente demanda de contenidos audiovisuales en todo tipo de dispositivos, la experiencia de las empresas digitales en el conocimiento del usuario y la monetizaci\u00f3n directa de contenidos y servicios han sido los temas m\u00e1s valorados por ambas partes.<\/p>\n<p>El encuentro, de dos horas de duraci\u00f3n, ha permitido que se establecieran contactos y nuevas v\u00edas e colaboraci\u00f3n que han continuado y continuar\u00e1n m\u00e1s all\u00e1 de la Digital &amp; Media Summit.<\/p>\n","protected":false},"excerpt":{"rendered":"<p>Este a\u00f1o, la edici\u00f3n del S\u00f3nar+D ha acogido el taller Digital &#038; Media Summit, coorganizado por Ecommerce&#038;tech Barcelona y el Cluster Audiovisual de Catalu\u00f1a&#8230;<\/p>\n","protected":false},"author":1,"featured_media":3963,"comment_status":"open","ping_status":"open","sticky":false,"template":"","format":"standard","meta":{"_acf_changed":false,"footnotes":""},"categories":[21],"tags":[],"class_list":["post-5500","post","type-post","status-publish","format-standard","has-post-thumbnail","hentry","category-actualidad"],"acf":[],"yoast_head":"<!-- This site is optimized with the Yoast SEO plugin v27.0 - https:\/\/yoast.com\/product\/yoast-seo-wordpress\/ -->\n<title>Digital &amp; Media Summit en el S\u00f3nar+D - Cl\u00faster Audiovisual<\/title>\n<meta name=\"robots\" content=\"index, follow, max-snippet:-1, max-image-preview:large, max-video-preview:-1\" \/>\n<link rel=\"canonical\" href=\"https:\/\/www.clusteraudiovisual.cat\/es\/digital-media-summit-al-sonard\/\" \/>\n<meta property=\"og:locale\" content=\"es_ES\" \/>\n<meta property=\"og:type\" content=\"article\" \/>\n<meta property=\"og:title\" content=\"Digital &amp; Media Summit en el S\u00f3nar+D - Cl\u00faster Audiovisual\" \/>\n<meta property=\"og:description\" content=\"Este a\u00f1o, la edici\u00f3n del S\u00f3nar+D ha acogido el taller Digital &amp; Media Summit, coorganizado por Ecommerce&amp;tech Barcelona y el Cluster Audiovisual de Catalu\u00f1a...\" \/>\n<meta property=\"og:url\" content=\"https:\/\/www.clusteraudiovisual.cat\/es\/digital-media-summit-al-sonard\/\" \/>\n<meta property=\"og:site_name\" content=\"Cl\u00faster Audiovisual\" \/>\n<meta property=\"article:published_time\" content=\"2014-06-30T15:54:03+00:00\" \/>\n<meta property=\"og:image\" content=\"https:\/\/www.clusteraudiovisual.cat\/wp-content\/uploads\/2021\/02\/Sonar.jpg\" \/>\n\t<meta property=\"og:image:width\" content=\"480\" \/>\n\t<meta property=\"og:image:height\" content=\"360\" \/>\n\t<meta property=\"og:image:type\" content=\"image\/jpeg\" \/>\n<meta name=\"author\" content=\"admin\" \/>\n<meta name=\"twitter:card\" content=\"summary_large_image\" \/>\n<meta name=\"twitter:label1\" content=\"Escrito por\" \/>\n\t<meta name=\"twitter:data1\" content=\"admin\" \/>\n\t<meta name=\"twitter:label2\" content=\"Tiempo de lectura\" \/>\n\t<meta name=\"twitter:data2\" content=\"1 minuto\" \/>\n<script type=\"application\/ld+json\" class=\"yoast-schema-graph\">{\"@context\":\"https:\/\/schema.org\",\"@graph\":[{\"@type\":\"Article\",\"@id\":\"https:\/\/www.clusteraudiovisual.cat\/es\/digital-media-summit-al-sonard\/#article\",\"isPartOf\":{\"@id\":\"https:\/\/www.clusteraudiovisual.cat\/es\/digital-media-summit-al-sonard\/\"},\"author\":{\"name\":\"admin\",\"@id\":\"https:\/\/www.clusteraudiovisual.cat\/es\/#\/schema\/person\/23e1e732da72779cfc4fd7842583d17d\"},\"headline\":\"Digital &#038; Media Summit en el S\u00f3nar+D\",\"datePublished\":\"2014-06-30T15:54:03+00:00\",\"mainEntityOfPage\":{\"@id\":\"https:\/\/www.clusteraudiovisual.cat\/es\/digital-media-summit-al-sonard\/\"},\"wordCount\":184,\"commentCount\":0,\"image\":{\"@id\":\"https:\/\/www.clusteraudiovisual.cat\/es\/digital-media-summit-al-sonard\/#primaryimage\"},\"thumbnailUrl\":\"https:\/\/www.clusteraudiovisual.cat\/wp-content\/uploads\/2021\/02\/Sonar.jpg\",\"articleSection\":[\"Actualidad\"],\"inLanguage\":\"es\",\"potentialAction\":[{\"@type\":\"CommentAction\",\"name\":\"Comment\",\"target\":[\"https:\/\/www.clusteraudiovisual.cat\/es\/digital-media-summit-al-sonard\/#respond\"]}]},{\"@type\":\"WebPage\",\"@id\":\"https:\/\/www.clusteraudiovisual.cat\/es\/digital-media-summit-al-sonard\/\",\"url\":\"https:\/\/www.clusteraudiovisual.cat\/es\/digital-media-summit-al-sonard\/\",\"name\":\"Digital & Media Summit en el S\u00f3nar+D - Cl\u00faster Audiovisual\",\"isPartOf\":{\"@id\":\"https:\/\/www.clusteraudiovisual.cat\/es\/#website\"},\"primaryImageOfPage\":{\"@id\":\"https:\/\/www.clusteraudiovisual.cat\/es\/digital-media-summit-al-sonard\/#primaryimage\"},\"image\":{\"@id\":\"https:\/\/www.clusteraudiovisual.cat\/es\/digital-media-summit-al-sonard\/#primaryimage\"},\"thumbnailUrl\":\"https:\/\/www.clusteraudiovisual.cat\/wp-content\/uploads\/2021\/02\/Sonar.jpg\",\"datePublished\":\"2014-06-30T15:54:03+00:00\",\"author\":{\"@id\":\"https:\/\/www.clusteraudiovisual.cat\/es\/#\/schema\/person\/23e1e732da72779cfc4fd7842583d17d\"},\"inLanguage\":\"es\",\"potentialAction\":[{\"@type\":\"ReadAction\",\"target\":[\"https:\/\/www.clusteraudiovisual.cat\/es\/digital-media-summit-al-sonard\/\"]}]},{\"@type\":\"ImageObject\",\"inLanguage\":\"es\",\"@id\":\"https:\/\/www.clusteraudiovisual.cat\/es\/digital-media-summit-al-sonard\/#primaryimage\",\"url\":\"https:\/\/www.clusteraudiovisual.cat\/wp-content\/uploads\/2021\/02\/Sonar.jpg\",\"contentUrl\":\"https:\/\/www.clusteraudiovisual.cat\/wp-content\/uploads\/2021\/02\/Sonar.jpg\",\"width\":480,\"height\":360},{\"@type\":\"WebSite\",\"@id\":\"https:\/\/www.clusteraudiovisual.cat\/es\/#website\",\"url\":\"https:\/\/www.clusteraudiovisual.cat\/es\/\",\"name\":\"Cl\u00faster Audiovisual\",\"description\":\"Associaci\u00f3 d&#039;empreses que integren el sector audiovisual.\",\"potentialAction\":[{\"@type\":\"SearchAction\",\"target\":{\"@type\":\"EntryPoint\",\"urlTemplate\":\"https:\/\/www.clusteraudiovisual.cat\/es\/?s={search_term_string}\"},\"query-input\":{\"@type\":\"PropertyValueSpecification\",\"valueRequired\":true,\"valueName\":\"search_term_string\"}}],\"inLanguage\":\"es\"},{\"@type\":\"Person\",\"@id\":\"https:\/\/www.clusteraudiovisual.cat\/es\/#\/schema\/person\/23e1e732da72779cfc4fd7842583d17d\",\"name\":\"admin\",\"sameAs\":[\"https:\/\/www.clusteraudiovisual.cat\"],\"url\":\"https:\/\/www.clusteraudiovisual.cat\/es\/author\/admin\/\"}]}<\/script>\n<!-- \/ Yoast SEO plugin. -->","yoast_head_json":{"title":"Digital & Media Summit en el S\u00f3nar+D - Cl\u00faster Audiovisual","robots":{"index":"index","follow":"follow","max-snippet":"max-snippet:-1","max-image-preview":"max-image-preview:large","max-video-preview":"max-video-preview:-1"},"canonical":"https:\/\/www.clusteraudiovisual.cat\/es\/digital-media-summit-al-sonard\/","og_locale":"es_ES","og_type":"article","og_title":"Digital & Media Summit en el S\u00f3nar+D - Cl\u00faster Audiovisual","og_description":"Este a\u00f1o, la edici\u00f3n del S\u00f3nar+D ha acogido el taller Digital & Media Summit, coorganizado por Ecommerce&tech Barcelona y el Cluster Audiovisual de Catalu\u00f1a...","og_url":"https:\/\/www.clusteraudiovisual.cat\/es\/digital-media-summit-al-sonard\/","og_site_name":"Cl\u00faster Audiovisual","article_published_time":"2014-06-30T15:54:03+00:00","og_image":[{"width":480,"height":360,"url":"https:\/\/www.clusteraudiovisual.cat\/wp-content\/uploads\/2021\/02\/Sonar.jpg","type":"image\/jpeg"}],"author":"admin","twitter_card":"summary_large_image","twitter_misc":{"Escrito por":"admin","Tiempo de lectura":"1 minuto"},"schema":{"@context":"https:\/\/schema.org","@graph":[{"@type":"Article","@id":"https:\/\/www.clusteraudiovisual.cat\/es\/digital-media-summit-al-sonard\/#article","isPartOf":{"@id":"https:\/\/www.clusteraudiovisual.cat\/es\/digital-media-summit-al-sonard\/"},"author":{"name":"admin","@id":"https:\/\/www.clusteraudiovisual.cat\/es\/#\/schema\/person\/23e1e732da72779cfc4fd7842583d17d"},"headline":"Digital &#038; Media Summit en el S\u00f3nar+D","datePublished":"2014-06-30T15:54:03+00:00","mainEntityOfPage":{"@id":"https:\/\/www.clusteraudiovisual.cat\/es\/digital-media-summit-al-sonard\/"},"wordCount":184,"commentCount":0,"image":{"@id":"https:\/\/www.clusteraudiovisual.cat\/es\/digital-media-summit-al-sonard\/#primaryimage"},"thumbnailUrl":"https:\/\/www.clusteraudiovisual.cat\/wp-content\/uploads\/2021\/02\/Sonar.jpg","articleSection":["Actualidad"],"inLanguage":"es","potentialAction":[{"@type":"CommentAction","name":"Comment","target":["https:\/\/www.clusteraudiovisual.cat\/es\/digital-media-summit-al-sonard\/#respond"]}]},{"@type":"WebPage","@id":"https:\/\/www.clusteraudiovisual.cat\/es\/digital-media-summit-al-sonard\/","url":"https:\/\/www.clusteraudiovisual.cat\/es\/digital-media-summit-al-sonard\/","name":"Digital & Media Summit en el S\u00f3nar+D - Cl\u00faster Audiovisual","isPartOf":{"@id":"https:\/\/www.clusteraudiovisual.cat\/es\/#website"},"primaryImageOfPage":{"@id":"https:\/\/www.clusteraudiovisual.cat\/es\/digital-media-summit-al-sonard\/#primaryimage"},"image":{"@id":"https:\/\/www.clusteraudiovisual.cat\/es\/digital-media-summit-al-sonard\/#primaryimage"},"thumbnailUrl":"https:\/\/www.clusteraudiovisual.cat\/wp-content\/uploads\/2021\/02\/Sonar.jpg","datePublished":"2014-06-30T15:54:03+00:00","author":{"@id":"https:\/\/www.clusteraudiovisual.cat\/es\/#\/schema\/person\/23e1e732da72779cfc4fd7842583d17d"},"inLanguage":"es","potentialAction":[{"@type":"ReadAction","target":["https:\/\/www.clusteraudiovisual.cat\/es\/digital-media-summit-al-sonard\/"]}]},{"@type":"ImageObject","inLanguage":"es","@id":"https:\/\/www.clusteraudiovisual.cat\/es\/digital-media-summit-al-sonard\/#primaryimage","url":"https:\/\/www.clusteraudiovisual.cat\/wp-content\/uploads\/2021\/02\/Sonar.jpg","contentUrl":"https:\/\/www.clusteraudiovisual.cat\/wp-content\/uploads\/2021\/02\/Sonar.jpg","width":480,"height":360},{"@type":"WebSite","@id":"https:\/\/www.clusteraudiovisual.cat\/es\/#website","url":"https:\/\/www.clusteraudiovisual.cat\/es\/","name":"Cl\u00faster Audiovisual","description":"Associaci\u00f3 d&#039;empreses que integren el sector audiovisual.","potentialAction":[{"@type":"SearchAction","target":{"@type":"EntryPoint","urlTemplate":"https:\/\/www.clusteraudiovisual.cat\/es\/?s={search_term_string}"},"query-input":{"@type":"PropertyValueSpecification","valueRequired":true,"valueName":"search_term_string"}}],"inLanguage":"es"},{"@type":"Person","@id":"https:\/\/www.clusteraudiovisual.cat\/es\/#\/schema\/person\/23e1e732da72779cfc4fd7842583d17d","name":"admin","sameAs":["https:\/\/www.clusteraudiovisual.cat"],"url":"https:\/\/www.clusteraudiovisual.cat\/es\/author\/admin\/"}]}},"_links":{"self":[{"href":"https:\/\/www.clusteraudiovisual.cat\/es\/wp-json\/wp\/v2\/posts\/5500","targetHints":{"allow":["GET"]}}],"collection":[{"href":"https:\/\/www.clusteraudiovisual.cat\/es\/wp-json\/wp\/v2\/posts"}],"about":[{"href":"https:\/\/www.clusteraudiovisual.cat\/es\/wp-json\/wp\/v2\/types\/post"}],"author":[{"embeddable":true,"href":"https:\/\/www.clusteraudiovisual.cat\/es\/wp-json\/wp\/v2\/users\/1"}],"replies":[{"embeddable":true,"href":"https:\/\/www.clusteraudiovisual.cat\/es\/wp-json\/wp\/v2\/comments?post=5500"}],"version-history":[{"count":0,"href":"https:\/\/www.clusteraudiovisual.cat\/es\/wp-json\/wp\/v2\/posts\/5500\/revisions"}],"wp:featuredmedia":[{"embeddable":true,"href":"https:\/\/www.clusteraudiovisual.cat\/es\/wp-json\/wp\/v2\/media\/3963"}],"wp:attachment":[{"href":"https:\/\/www.clusteraudiovisual.cat\/es\/wp-json\/wp\/v2\/media?parent=5500"}],"wp:term":[{"taxonomy":"category","embeddable":true,"href":"https:\/\/www.clusteraudiovisual.cat\/es\/wp-json\/wp\/v2\/categories?post=5500"},{"taxonomy":"post_tag","embeddable":true,"href":"https:\/\/www.clusteraudiovisual.cat\/es\/wp-json\/wp\/v2\/tags?post=5500"}],"curies":[{"name":"wp","href":"https:\/\/api.w.org\/{rel}","templated":true}]}}