{"id":45421,"date":"2024-12-10T11:10:56","date_gmt":"2024-12-10T10:10:56","guid":{"rendered":"https:\/\/www.clusteraudiovisual.cat\/?p=45421"},"modified":"2025-01-08T13:56:20","modified_gmt":"2025-01-08T12:56:20","slug":"podcast-produccion-virtual","status":"publish","type":"post","link":"https:\/\/www.clusteraudiovisual.cat\/es\/podcast-produccion-virtual\/","title":{"rendered":"Catalu\u00f1a, l\u00edder en producci\u00f3n virtual"},"content":{"rendered":"<p>Catalu\u00f1a se est\u00e1 consolidando como un referente en el \u00e1mbito de la producci\u00f3n virtual gracias a una decidida apuesta por la innovaci\u00f3n tecnol\u00f3gica, el talento t\u00e9cnico y creativo y el desarrollo de infraestructuras de vanguardia. El ecosistema catal\u00e1n destaca por su flexibilidad, con plat\u00f3s de diferentes dimensiones y especializaciones que se adaptan a las necesidades de todo tipo de producciones. Adem\u00e1s, Catalu\u00f1a cuenta con una extensa red de empresas, proveedores y centros educativos que ya trabajan con estas tecnolog\u00edas, facilitando la atracci\u00f3n de rodajes tanto locales como internacionales.<\/p>\n<p>En este sentido, el Cl\u00faster Audiovisual de Catalu\u00f1a lanza \u00abCatalu\u00f1a, Virtual Studio\u00bb, un videopodcast de tres cap\u00edtulos con el apoyo del ICEC y la colaboraci\u00f3n de <strong><a style=\"color: #3366ff;\" href=\"https:\/\/www.iseurope.org\/\" target=\"_blank\" rel=\"noopener\">ISE (Integrated Systems Europe)<\/a><\/strong>. Su objetivo es acercar la producci\u00f3n virtual al sector audiovisual y al p\u00fablico general, as\u00ed como visibilizar el liderazgo catal\u00e1n en este \u00e1mbito. A trav\u00e9s del debate con expertos y profesionales del sector, el podcast explora los retos y oportunidades que esta tecnolog\u00eda ofrece para las empresas, como la reducci\u00f3n de costes y tiempos de producci\u00f3n.<\/p>\n<p>&nbsp;<\/p>\n<p><strong>Episodio 1<\/strong><\/p>\n<p>El primer episodio cuenta con la participaci\u00f3n de Cristina Brandner, gerente del Parc Audiovisual de Catalunya, Antoine Vaxelaire, cofundador y director creativo de Plat\u00f3 Nou-Appia, y Demian Sabini, productor ejecutivo de producci\u00f3n virtual del Grup Mediapro, y est\u00e1 moderado por Bibiana Ballb\u00e8, periodista y CEO de TheCreative. En \u00e9l, se ofrece una visi\u00f3n detallada de los plat\u00f3s virtuales en Catalu\u00f1a, su funcionamiento b\u00e1sico y los beneficios que aportan al sector.<\/p>\n<div class='avia-iframe-wrap'><iframe loading=\"lazy\" title=\"Catalunya, Virtual Production - Episode 1\" width=\"1500\" height=\"844\" src=\"https:\/\/www.youtube.com\/embed\/c2MdOvWKBjg?feature=oembed\" frameborder=\"0\" allow=\"accelerometer; autoplay; clipboard-write; encrypted-media; gyroscope; picture-in-picture; web-share\" referrerpolicy=\"strict-origin-when-cross-origin\" allowfullscreen><\/iframe><\/div>\n<div class=\"group\/conversation-turn relative flex w-full min-w-0 flex-col agent-turn\">\n<div class=\"flex-col gap-1 md:gap-3\">\n<p>&nbsp;<\/p>\n<div class=\"flex max-w-full flex-col flex-grow\">\n<div class=\"min-h-8 text-message flex w-full flex-col items-end gap-2 whitespace-normal break-words text-start [.text-message+&amp;]:mt-5\" dir=\"auto\" data-message-author-role=\"assistant\" data-message-id=\"d67f8b8a-58dc-4ce0-9c9a-716c3e3d70b0\" data-message-model-slug=\"gpt-4o\">\n<div class=\"flex w-full flex-col gap-1 empty:hidden first:pt-[3px]\">\n<div class=\"markdown prose w-full break-words dark:prose-invert light\">\n<p><strong>Episodio 2<\/strong><\/p>\n<\/div>\n<\/div>\n<p>Este episodio trata sobre los perfiles profesionales que trabajan y la formaci\u00f3n que se est\u00e1 desarrollando en torno a la producci\u00f3n virtual en Catalu\u00f1a.<\/p>\n<p>Cuenta con la participaci\u00f3n de Ivan Garriga de Pijama Studio, Miquel Garcia de Gestmusic, Irene Figueres de APPIA, Floren Magriny\u00e0 de FX BCN Film School, y est\u00e1 moderado por Antoine Vaxelaire de Plat\u00f3 Nou-Appia. Tambi\u00e9n incluye la intervenci\u00f3n de Mike Blackman, director general de ISE.<\/p>\n<\/div>\n<div class='avia-iframe-wrap'><iframe loading=\"lazy\" title=\"Catalunya, Virtual Production - Episode 2\" width=\"1500\" height=\"844\" src=\"https:\/\/www.youtube.com\/embed\/4ZZeexmL5e4?feature=oembed\" frameborder=\"0\" allow=\"accelerometer; autoplay; clipboard-write; encrypted-media; gyroscope; picture-in-picture; web-share\" referrerpolicy=\"strict-origin-when-cross-origin\" allowfullscreen><\/iframe><\/div>\n<p>&nbsp;<\/p>\n<div class=\"min-h-8 text-message flex w-full flex-col items-end gap-2 whitespace-normal break-words text-start [.text-message+&amp;]:mt-5\" dir=\"auto\" data-message-author-role=\"assistant\" data-message-id=\"d67f8b8a-58dc-4ce0-9c9a-716c3e3d70b0\" data-message-model-slug=\"gpt-4o\">\n<div class=\"flex w-full flex-col gap-1 empty:hidden first:pt-[3px]\">\n<div class=\"markdown prose w-full break-words dark:prose-invert light\">\n<p><strong>Episodio 3<\/strong><\/p>\n<div>Este episodio cuenta con los principales profesionales del estado en el \u00e1mbito de la producci\u00f3n virtual LED: David Monguet, Virtual Production Supervisor; Tom\u00e1s Ybarra, director de fotograf\u00eda; y Sergio Ochoa, VFX Supervisor de Antaviana Films. Ellos nos explicar\u00e1n las ventajas de utilizar la producci\u00f3n virtual LED a trav\u00e9s de casos pr\u00e1cticos, adem\u00e1s de reflexionar sobre los retos y el futuro de esta tecnolog\u00eda. Est\u00e1 moderado por Antoine Vaxelaire de Plat\u00f3 Nou-Appia e incluye la participaci\u00f3n de Mike Blackman, director general de ISE.<\/div>\n<div>\n<div class='avia-iframe-wrap'><iframe loading=\"lazy\" title=\"Catalunya, Virtual Production - Episode 3\" width=\"1500\" height=\"844\" src=\"https:\/\/www.youtube.com\/embed\/e-DoMa78www?feature=oembed\" frameborder=\"0\" allow=\"accelerometer; autoplay; clipboard-write; encrypted-media; gyroscope; picture-in-picture; web-share\" referrerpolicy=\"strict-origin-when-cross-origin\" allowfullscreen><\/iframe><\/div>\n<\/div>\n<p>&nbsp;<\/p>\n<p>Si quieres conocer qu\u00e9 empresas trabajan con producci\u00f3n virtual en Catalu\u00f1a, puedes consultar el directorio del <strong><a style=\"color: #3366ff;\" href=\"https:\/\/www.clusteraudiovisual.cat\/es\/los-socios-del-cluster-audiovisual\/\" target=\"_blank\" rel=\"noopener\">Cl\u00faster Audiovisual de Catalunya<\/a><\/strong> o la <strong><a style=\"color: #3366ff;\" href=\"https:\/\/www.bcncatfilmcommission.com\/es\/directorio-de-empresas\" target=\"_blank\" rel=\"noopener\">Catalunya Film Commission<\/a><\/strong>.<\/p>\n<\/div>\n<\/div>\n<\/div>\n<\/div>\n<\/div>\n<\/div>\n<p>&nbsp;<\/p>\n<p>Con el apoyo de:<\/p>\n<p><img loading=\"lazy\" decoding=\"async\" class=\"alignnone wp-image-42542\" src=\"https:\/\/www.clusteraudiovisual.cat\/wp-content\/uploads\/2024\/10\/ST_Logo_Footer_ICEC-1.jpg\" alt=\"\" width=\"222\" height=\"111\" srcset=\"https:\/\/www.clusteraudiovisual.cat\/wp-content\/uploads\/2024\/10\/ST_Logo_Footer_ICEC-1.jpg 800w, https:\/\/www.clusteraudiovisual.cat\/wp-content\/uploads\/2024\/10\/ST_Logo_Footer_ICEC-1-300x150.jpg 300w, https:\/\/www.clusteraudiovisual.cat\/wp-content\/uploads\/2024\/10\/ST_Logo_Footer_ICEC-1-768x384.jpg 768w, https:\/\/www.clusteraudiovisual.cat\/wp-content\/uploads\/2024\/10\/ST_Logo_Footer_ICEC-1-705x353.jpg 705w\" sizes=\"auto, (max-width: 222px) 100vw, 222px\" \/><\/p>\n<p>&nbsp;<\/p>\n<p>En colaboraci\u00f3n con:<\/p>\n<p><a href=\"https:\/\/www.iseurope.org\/\" target=\"_blank\" rel=\"noopener\"><img loading=\"lazy\" decoding=\"async\" class=\"alignnone wp-image-1186\" src=\"https:\/\/www.clusteraudiovisual.cat\/wp-content\/uploads\/2020\/11\/ise.png\" alt=\"\" width=\"192\" height=\"61\" srcset=\"https:\/\/www.clusteraudiovisual.cat\/wp-content\/uploads\/2020\/11\/ise.png 1000w, https:\/\/www.clusteraudiovisual.cat\/wp-content\/uploads\/2020\/11\/ise-300x96.png 300w, https:\/\/www.clusteraudiovisual.cat\/wp-content\/uploads\/2020\/11\/ise-768x245.png 768w, https:\/\/www.clusteraudiovisual.cat\/wp-content\/uploads\/2020\/11\/ise-705x225.png 705w\" sizes=\"auto, (max-width: 192px) 100vw, 192px\" \/><\/a><\/p>\n<p>&nbsp;<\/p>\n<p>Producido por:<\/p>\n<p><img loading=\"lazy\" decoding=\"async\" class=\"alignnone wp-image-38106\" src=\"https:\/\/www.clusteraudiovisual.cat\/wp-content\/uploads\/2023\/11\/LogoSoci_BeSenpai.jpg\" alt=\"\" width=\"200\" height=\"111\" srcset=\"https:\/\/www.clusteraudiovisual.cat\/wp-content\/uploads\/2023\/11\/LogoSoci_BeSenpai.jpg 450w, https:\/\/www.clusteraudiovisual.cat\/wp-content\/uploads\/2023\/11\/LogoSoci_BeSenpai-300x167.jpg 300w\" sizes=\"auto, (max-width: 200px) 100vw, 200px\" \/>\u00a0 \u00a0 \u00a0 \u00a0 \u00a0\u00a0 <img loading=\"lazy\" decoding=\"async\" class=\"alignnone wp-image-39866\" src=\"https:\/\/www.clusteraudiovisual.cat\/wp-content\/uploads\/2024\/02\/LogoSoci_APPIA.jpg\" alt=\"\" width=\"165\" height=\"92\" srcset=\"https:\/\/www.clusteraudiovisual.cat\/wp-content\/uploads\/2024\/02\/LogoSoci_APPIA.jpg 450w, https:\/\/www.clusteraudiovisual.cat\/wp-content\/uploads\/2024\/02\/LogoSoci_APPIA-300x167.jpg 300w\" sizes=\"auto, (max-width: 165px) 100vw, 165px\" \/><\/p>\n<p>Grabado en:<\/p>\n<p><img loading=\"lazy\" decoding=\"async\" class=\"alignnone wp-image-45666\" src=\"https:\/\/www.clusteraudiovisual.cat\/wp-content\/uploads\/2024\/12\/Logo_PlatoNou_Videopodcast.png\" alt=\"\" width=\"199\" height=\"45\" srcset=\"https:\/\/www.clusteraudiovisual.cat\/wp-content\/uploads\/2024\/12\/Logo_PlatoNou_Videopodcast.png 658w, https:\/\/www.clusteraudiovisual.cat\/wp-content\/uploads\/2024\/12\/Logo_PlatoNou_Videopodcast-300x68.png 300w\" sizes=\"auto, (max-width: 199px) 100vw, 199px\" \/><\/p>\n","protected":false},"excerpt":{"rendered":"<p>Catalu\u00f1a se est\u00e1 consolidando como un referente en el \u00e1mbito de la producci\u00f3n virtual gracias a una decidida apuesta por la innovaci\u00f3n tecnol\u00f3gica, el talento t\u00e9cnico y creativo y el [&hellip;]<\/p>\n","protected":false},"author":10,"featured_media":45459,"comment_status":"closed","ping_status":"closed","sticky":false,"template":"","format":"standard","meta":{"_acf_changed":false,"footnotes":""},"categories":[21],"tags":[],"class_list":["post-45421","post","type-post","status-publish","format-standard","has-post-thumbnail","hentry","category-actualidad"],"acf":[],"yoast_head":"<!-- This site is optimized with the Yoast SEO plugin v27.0 - https:\/\/yoast.com\/product\/yoast-seo-wordpress\/ -->\n<title>Catalu\u00f1a, l\u00edder en producci\u00f3n virtual - Cl\u00faster Audiovisual<\/title>\n<meta name=\"robots\" content=\"index, follow, max-snippet:-1, max-image-preview:large, max-video-preview:-1\" \/>\n<link rel=\"canonical\" href=\"https:\/\/www.clusteraudiovisual.cat\/es\/podcast-produccion-virtual\/\" \/>\n<meta property=\"og:locale\" content=\"es_ES\" \/>\n<meta property=\"og:type\" content=\"article\" \/>\n<meta property=\"og:title\" content=\"Catalu\u00f1a, l\u00edder en producci\u00f3n virtual - Cl\u00faster Audiovisual\" \/>\n<meta property=\"og:description\" content=\"Catalu\u00f1a se est\u00e1 consolidando como un referente en el \u00e1mbito de la producci\u00f3n virtual gracias a una decidida apuesta por la innovaci\u00f3n tecnol\u00f3gica, el talento t\u00e9cnico y creativo y el [&hellip;]\" \/>\n<meta property=\"og:url\" content=\"https:\/\/www.clusteraudiovisual.cat\/es\/podcast-produccion-virtual\/\" \/>\n<meta property=\"og:site_name\" content=\"Cl\u00faster Audiovisual\" \/>\n<meta property=\"article:published_time\" content=\"2024-12-10T10:10:56+00:00\" \/>\n<meta property=\"article:modified_time\" content=\"2025-01-08T12:56:20+00:00\" \/>\n<meta property=\"og:image\" content=\"https:\/\/www.clusteraudiovisual.cat\/wp-content\/uploads\/2024\/12\/2024_Podcast_Catalunya-virtual-production_2.jpg\" \/>\n\t<meta property=\"og:image:width\" content=\"1200\" \/>\n\t<meta property=\"og:image:height\" content=\"675\" \/>\n\t<meta property=\"og:image:type\" content=\"image\/jpeg\" \/>\n<meta name=\"author\" content=\"ngrinyo\" \/>\n<meta name=\"twitter:card\" content=\"summary_large_image\" \/>\n<meta name=\"twitter:label1\" content=\"Escrito por\" \/>\n\t<meta name=\"twitter:data1\" content=\"ngrinyo\" \/>\n\t<meta name=\"twitter:label2\" content=\"Tiempo de lectura\" \/>\n\t<meta name=\"twitter:data2\" content=\"4 minutos\" \/>\n<script type=\"application\/ld+json\" class=\"yoast-schema-graph\">{\"@context\":\"https:\/\/schema.org\",\"@graph\":[{\"@type\":\"Article\",\"@id\":\"https:\/\/www.clusteraudiovisual.cat\/es\/podcast-produccion-virtual\/#article\",\"isPartOf\":{\"@id\":\"https:\/\/www.clusteraudiovisual.cat\/es\/podcast-produccion-virtual\/\"},\"author\":{\"name\":\"ngrinyo\",\"@id\":\"https:\/\/www.clusteraudiovisual.cat\/es\/#\/schema\/person\/f584bbf31325897c0bb1c87583f62bdf\"},\"headline\":\"Catalu\u00f1a, l\u00edder en producci\u00f3n virtual\",\"datePublished\":\"2024-12-10T10:10:56+00:00\",\"dateModified\":\"2025-01-08T12:56:20+00:00\",\"mainEntityOfPage\":{\"@id\":\"https:\/\/www.clusteraudiovisual.cat\/es\/podcast-produccion-virtual\/\"},\"wordCount\":524,\"image\":{\"@id\":\"https:\/\/www.clusteraudiovisual.cat\/es\/podcast-produccion-virtual\/#primaryimage\"},\"thumbnailUrl\":\"https:\/\/www.clusteraudiovisual.cat\/wp-content\/uploads\/2024\/12\/2024_Podcast_Catalunya-virtual-production_2.jpg\",\"articleSection\":[\"Actualidad\"],\"inLanguage\":\"es\"},{\"@type\":\"WebPage\",\"@id\":\"https:\/\/www.clusteraudiovisual.cat\/es\/podcast-produccion-virtual\/\",\"url\":\"https:\/\/www.clusteraudiovisual.cat\/es\/podcast-produccion-virtual\/\",\"name\":\"Catalu\u00f1a, l\u00edder en producci\u00f3n virtual - Cl\u00faster Audiovisual\",\"isPartOf\":{\"@id\":\"https:\/\/www.clusteraudiovisual.cat\/es\/#website\"},\"primaryImageOfPage\":{\"@id\":\"https:\/\/www.clusteraudiovisual.cat\/es\/podcast-produccion-virtual\/#primaryimage\"},\"image\":{\"@id\":\"https:\/\/www.clusteraudiovisual.cat\/es\/podcast-produccion-virtual\/#primaryimage\"},\"thumbnailUrl\":\"https:\/\/www.clusteraudiovisual.cat\/wp-content\/uploads\/2024\/12\/2024_Podcast_Catalunya-virtual-production_2.jpg\",\"datePublished\":\"2024-12-10T10:10:56+00:00\",\"dateModified\":\"2025-01-08T12:56:20+00:00\",\"author\":{\"@id\":\"https:\/\/www.clusteraudiovisual.cat\/es\/#\/schema\/person\/f584bbf31325897c0bb1c87583f62bdf\"},\"inLanguage\":\"es\",\"potentialAction\":[{\"@type\":\"ReadAction\",\"target\":[\"https:\/\/www.clusteraudiovisual.cat\/es\/podcast-produccion-virtual\/\"]}]},{\"@type\":\"ImageObject\",\"inLanguage\":\"es\",\"@id\":\"https:\/\/www.clusteraudiovisual.cat\/es\/podcast-produccion-virtual\/#primaryimage\",\"url\":\"https:\/\/www.clusteraudiovisual.cat\/wp-content\/uploads\/2024\/12\/2024_Podcast_Catalunya-virtual-production_2.jpg\",\"contentUrl\":\"https:\/\/www.clusteraudiovisual.cat\/wp-content\/uploads\/2024\/12\/2024_Podcast_Catalunya-virtual-production_2.jpg\",\"width\":1200,\"height\":675},{\"@type\":\"WebSite\",\"@id\":\"https:\/\/www.clusteraudiovisual.cat\/es\/#website\",\"url\":\"https:\/\/www.clusteraudiovisual.cat\/es\/\",\"name\":\"Cl\u00faster Audiovisual\",\"description\":\"Associaci\u00f3 d&#039;empreses que integren el sector audiovisual.\",\"potentialAction\":[{\"@type\":\"SearchAction\",\"target\":{\"@type\":\"EntryPoint\",\"urlTemplate\":\"https:\/\/www.clusteraudiovisual.cat\/es\/?s={search_term_string}\"},\"query-input\":{\"@type\":\"PropertyValueSpecification\",\"valueRequired\":true,\"valueName\":\"search_term_string\"}}],\"inLanguage\":\"es\"},{\"@type\":\"Person\",\"@id\":\"https:\/\/www.clusteraudiovisual.cat\/es\/#\/schema\/person\/f584bbf31325897c0bb1c87583f62bdf\",\"name\":\"ngrinyo\",\"url\":\"https:\/\/www.clusteraudiovisual.cat\/es\/author\/ngrinyo\/\"}]}<\/script>\n<!-- \/ Yoast SEO plugin. -->","yoast_head_json":{"title":"Catalu\u00f1a, l\u00edder en producci\u00f3n virtual - Cl\u00faster Audiovisual","robots":{"index":"index","follow":"follow","max-snippet":"max-snippet:-1","max-image-preview":"max-image-preview:large","max-video-preview":"max-video-preview:-1"},"canonical":"https:\/\/www.clusteraudiovisual.cat\/es\/podcast-produccion-virtual\/","og_locale":"es_ES","og_type":"article","og_title":"Catalu\u00f1a, l\u00edder en producci\u00f3n virtual - Cl\u00faster Audiovisual","og_description":"Catalu\u00f1a se est\u00e1 consolidando como un referente en el \u00e1mbito de la producci\u00f3n virtual gracias a una decidida apuesta por la innovaci\u00f3n tecnol\u00f3gica, el talento t\u00e9cnico y creativo y el [&hellip;]","og_url":"https:\/\/www.clusteraudiovisual.cat\/es\/podcast-produccion-virtual\/","og_site_name":"Cl\u00faster Audiovisual","article_published_time":"2024-12-10T10:10:56+00:00","article_modified_time":"2025-01-08T12:56:20+00:00","og_image":[{"width":1200,"height":675,"url":"https:\/\/www.clusteraudiovisual.cat\/wp-content\/uploads\/2024\/12\/2024_Podcast_Catalunya-virtual-production_2.jpg","type":"image\/jpeg"}],"author":"ngrinyo","twitter_card":"summary_large_image","twitter_misc":{"Escrito por":"ngrinyo","Tiempo de lectura":"4 minutos"},"schema":{"@context":"https:\/\/schema.org","@graph":[{"@type":"Article","@id":"https:\/\/www.clusteraudiovisual.cat\/es\/podcast-produccion-virtual\/#article","isPartOf":{"@id":"https:\/\/www.clusteraudiovisual.cat\/es\/podcast-produccion-virtual\/"},"author":{"name":"ngrinyo","@id":"https:\/\/www.clusteraudiovisual.cat\/es\/#\/schema\/person\/f584bbf31325897c0bb1c87583f62bdf"},"headline":"Catalu\u00f1a, l\u00edder en producci\u00f3n virtual","datePublished":"2024-12-10T10:10:56+00:00","dateModified":"2025-01-08T12:56:20+00:00","mainEntityOfPage":{"@id":"https:\/\/www.clusteraudiovisual.cat\/es\/podcast-produccion-virtual\/"},"wordCount":524,"image":{"@id":"https:\/\/www.clusteraudiovisual.cat\/es\/podcast-produccion-virtual\/#primaryimage"},"thumbnailUrl":"https:\/\/www.clusteraudiovisual.cat\/wp-content\/uploads\/2024\/12\/2024_Podcast_Catalunya-virtual-production_2.jpg","articleSection":["Actualidad"],"inLanguage":"es"},{"@type":"WebPage","@id":"https:\/\/www.clusteraudiovisual.cat\/es\/podcast-produccion-virtual\/","url":"https:\/\/www.clusteraudiovisual.cat\/es\/podcast-produccion-virtual\/","name":"Catalu\u00f1a, l\u00edder en producci\u00f3n virtual - Cl\u00faster Audiovisual","isPartOf":{"@id":"https:\/\/www.clusteraudiovisual.cat\/es\/#website"},"primaryImageOfPage":{"@id":"https:\/\/www.clusteraudiovisual.cat\/es\/podcast-produccion-virtual\/#primaryimage"},"image":{"@id":"https:\/\/www.clusteraudiovisual.cat\/es\/podcast-produccion-virtual\/#primaryimage"},"thumbnailUrl":"https:\/\/www.clusteraudiovisual.cat\/wp-content\/uploads\/2024\/12\/2024_Podcast_Catalunya-virtual-production_2.jpg","datePublished":"2024-12-10T10:10:56+00:00","dateModified":"2025-01-08T12:56:20+00:00","author":{"@id":"https:\/\/www.clusteraudiovisual.cat\/es\/#\/schema\/person\/f584bbf31325897c0bb1c87583f62bdf"},"inLanguage":"es","potentialAction":[{"@type":"ReadAction","target":["https:\/\/www.clusteraudiovisual.cat\/es\/podcast-produccion-virtual\/"]}]},{"@type":"ImageObject","inLanguage":"es","@id":"https:\/\/www.clusteraudiovisual.cat\/es\/podcast-produccion-virtual\/#primaryimage","url":"https:\/\/www.clusteraudiovisual.cat\/wp-content\/uploads\/2024\/12\/2024_Podcast_Catalunya-virtual-production_2.jpg","contentUrl":"https:\/\/www.clusteraudiovisual.cat\/wp-content\/uploads\/2024\/12\/2024_Podcast_Catalunya-virtual-production_2.jpg","width":1200,"height":675},{"@type":"WebSite","@id":"https:\/\/www.clusteraudiovisual.cat\/es\/#website","url":"https:\/\/www.clusteraudiovisual.cat\/es\/","name":"Cl\u00faster Audiovisual","description":"Associaci\u00f3 d&#039;empreses que integren el sector audiovisual.","potentialAction":[{"@type":"SearchAction","target":{"@type":"EntryPoint","urlTemplate":"https:\/\/www.clusteraudiovisual.cat\/es\/?s={search_term_string}"},"query-input":{"@type":"PropertyValueSpecification","valueRequired":true,"valueName":"search_term_string"}}],"inLanguage":"es"},{"@type":"Person","@id":"https:\/\/www.clusteraudiovisual.cat\/es\/#\/schema\/person\/f584bbf31325897c0bb1c87583f62bdf","name":"ngrinyo","url":"https:\/\/www.clusteraudiovisual.cat\/es\/author\/ngrinyo\/"}]}},"_links":{"self":[{"href":"https:\/\/www.clusteraudiovisual.cat\/es\/wp-json\/wp\/v2\/posts\/45421","targetHints":{"allow":["GET"]}}],"collection":[{"href":"https:\/\/www.clusteraudiovisual.cat\/es\/wp-json\/wp\/v2\/posts"}],"about":[{"href":"https:\/\/www.clusteraudiovisual.cat\/es\/wp-json\/wp\/v2\/types\/post"}],"author":[{"embeddable":true,"href":"https:\/\/www.clusteraudiovisual.cat\/es\/wp-json\/wp\/v2\/users\/10"}],"replies":[{"embeddable":true,"href":"https:\/\/www.clusteraudiovisual.cat\/es\/wp-json\/wp\/v2\/comments?post=45421"}],"version-history":[{"count":12,"href":"https:\/\/www.clusteraudiovisual.cat\/es\/wp-json\/wp\/v2\/posts\/45421\/revisions"}],"predecessor-version":[{"id":46201,"href":"https:\/\/www.clusteraudiovisual.cat\/es\/wp-json\/wp\/v2\/posts\/45421\/revisions\/46201"}],"wp:featuredmedia":[{"embeddable":true,"href":"https:\/\/www.clusteraudiovisual.cat\/es\/wp-json\/wp\/v2\/media\/45459"}],"wp:attachment":[{"href":"https:\/\/www.clusteraudiovisual.cat\/es\/wp-json\/wp\/v2\/media?parent=45421"}],"wp:term":[{"taxonomy":"category","embeddable":true,"href":"https:\/\/www.clusteraudiovisual.cat\/es\/wp-json\/wp\/v2\/categories?post=45421"},{"taxonomy":"post_tag","embeddable":true,"href":"https:\/\/www.clusteraudiovisual.cat\/es\/wp-json\/wp\/v2\/tags?post=45421"}],"curies":[{"name":"wp","href":"https:\/\/api.w.org\/{rel}","templated":true}]}}