{"id":41729,"date":"2024-05-14T12:06:39","date_gmt":"2024-05-14T10:06:39","guid":{"rendered":"https:\/\/www.clusteraudiovisual.cat\/?p=41729"},"modified":"2024-08-27T12:09:27","modified_gmt":"2024-08-27T10:09:27","slug":"buenas-practicas-de-colaboracion-audiovisual-vino-la-region-argentina-de-mendoza","status":"publish","type":"post","link":"https:\/\/www.clusteraudiovisual.cat\/es\/buenas-practicas-de-colaboracion-audiovisual-vino-la-region-argentina-de-mendoza\/","title":{"rendered":"Buenas pr\u00e1cticas de colaboraci\u00f3n audiovisual-vino: la regi\u00f3n argentina de Mendoza"},"content":{"rendered":"<p><em>Creaci\u00f3n de <strong>SIN<\/strong>ergias entre las cadenas de valor <strong>A<\/strong>udiovisual y <strong>VI<\/strong>tivin\u00edcola<\/em> para acercar la cultura del vino catal\u00e1n a los j\u00f3venes es el t\u00edtulo de un proyecto de colaboraci\u00f3n en el que los clusters Audiovisual de Catalu\u00f1a e INNOVI est\u00e1n trabajando conjuntamente desde el a\u00f1o pasado. Con el acr\u00f3nimo SINAVI, se trata de un proyecto con foco en la comunicaci\u00f3n, donde se quiere poner de relieve la importancia de transmitir al p\u00fablico la cultura del vino y los proyectos de peque\u00f1as bodegas a trav\u00e9s de f\u00f3rmulas audiovisuales innovadoras.<\/p>\n<p>El proyecto incluye una mirada necesaria en la activaci\u00f3n de una nueva forma de trabajar la cultura del vino desde el punto de vista comunicativo. Y lo hace proponiendo acciones y planteamientos de internacionalizaci\u00f3n del proyecto. Una de las m\u00e1s destacadas ha sido posible gracias al contexto que ha proporcionado el festival Festival Internacional de Cine del Vino y el Cava MOST en oto\u00f1o de 2023. En una jornada intercl\u00faster que form\u00f3 parte del programa del certamen, se pudo entrar en contacto con FilmAndes (cluster audiovisual) y Fondo Vitivin\u00edcola de Mendoza (cluster del vino), invitados del festival. Adem\u00e1s de exponer prioridades estrat\u00e9gicas y de intercambio de informaci\u00f3n, compartieron algunos ejemplos de buenas pr\u00e1cticas sobre la comunicaci\u00f3n audiovisual de la cultura del vino de su zona.<\/p>\n<p>Con m\u00e1s de 20 a\u00f1os de continuidad, la campa\u00f1a <em>El vino nos une<\/em> es toda una experiencia de referencia. Se lanz\u00f3 la marca en 2025 con un primer anuncio comercial para los medios de comunicaci\u00f3n masivos.<\/p>\n<div class='avia-iframe-wrap'><iframe loading=\"lazy\" title=\"Vino para todo el mundo (2005)\" width=\"1333\" height=\"1000\" src=\"https:\/\/www.youtube.com\/embed\/dkzcIV2NoLw?feature=oembed\" frameborder=\"0\" allow=\"accelerometer; autoplay; clipboard-write; encrypted-media; gyroscope; picture-in-picture; web-share\" referrerpolicy=\"strict-origin-when-cross-origin\" allowfullscreen><\/iframe><\/div>\n<p>&nbsp;<\/p>\n<p>Otra referencia interesante fue la campa\u00f1a <em>Te quiero tanto<\/em>, una producci\u00f3n que uni\u00f3 a dos de las grandes pasiones del pa\u00eds: f\u00fatbol y vino.<\/p>\n<div class='avia-iframe-wrap'><iframe loading=\"lazy\" title=\"Te quiero tanto (versi\u00f3n 35&quot;)\" width=\"1500\" height=\"844\" src=\"https:\/\/www.youtube.com\/embed\/8OUuly8n0XY?feature=oembed\" frameborder=\"0\" allow=\"accelerometer; autoplay; clipboard-write; encrypted-media; gyroscope; picture-in-picture; web-share\" referrerpolicy=\"strict-origin-when-cross-origin\" allowfullscreen><\/iframe><\/div>\n<p>Resulta especialmente interesante la serie documental <em>Las voces del vino<\/em>.<\/p>\n<div class='avia-iframe-wrap'><iframe loading=\"lazy\" title=\"Trailer  Las Voces del Vino\" width=\"1500\" height=\"844\" src=\"https:\/\/www.youtube.com\/embed\/9hdmf0hSw9k?feature=oembed\" frameborder=\"0\" allow=\"accelerometer; autoplay; clipboard-write; encrypted-media; gyroscope; picture-in-picture; web-share\" referrerpolicy=\"strict-origin-when-cross-origin\" allowfullscreen><\/iframe><\/div>\n<p><em>La vuelta al vino en dos minutos<\/em> es una ser de microdocumentales donde se abordan cinco tem\u00e1ticas de inter\u00e9s para consumidores e interesados: la producci\u00f3n de vinos biodin\u00e1micos y org\u00e1nicos, las variedades criollas, los espumosos y la innovaci\u00f3n en envases y formatos.<\/p>\n<div class='avia-iframe-wrap'><iframe loading=\"lazy\" title=\"La vuelta al vino en 2 minutos - Vinos Biodin\u00e1micos\" width=\"1500\" height=\"844\" src=\"https:\/\/www.youtube.com\/embed\/pSa3bst55nQ?feature=oembed\" frameborder=\"0\" allow=\"accelerometer; autoplay; clipboard-write; encrypted-media; gyroscope; picture-in-picture; web-share\" referrerpolicy=\"strict-origin-when-cross-origin\" allowfullscreen><\/iframe><\/div>\n<p>&nbsp;<\/p>\n<p><strong>FilmAndes<\/strong>, el cluster audiovisual de Mendoza, integra 40 empresas entre productoras audiovisuales, empresas proveedoras de servicios y universidades. En la actualidad se est\u00e1 expandiendo estrat\u00e9gicamente para incorporar tambi\u00e9n a empresas de industrias creativas. Tiene 4 ejes prioritarios: internacionalizaci\u00f3n, producci\u00f3n y coproducci\u00f3n, formaci\u00f3n y capacitaci\u00f3n, e innovaci\u00f3n e investigaci\u00f3n. Gestiona un set de 1.500m2 en el Distrito de la Innovaci\u00f3n de la ciudad de Mendoza, gestiona un museo interactivo de audiovisual e impulsa el Programa Mendoza Audiovisual para promover inversiones que ya ha logrado sacar adelante cerca de una treintena de producciones. Tambi\u00e9n es responsable de la asociaci\u00f3n de clusters audiovisuales argentinos.<\/p>\n<p>El <strong>Fondo Vitivin\u00edcola de Mendoza<\/strong> fue creado en 1994 con la misi\u00f3n de promover el consumo del vino en Argentina, la difusi\u00f3n de su cultura y el crecimiento de toda la actividad, mediante estrategias y acciones de comunicaci\u00f3n. Su pol\u00edtica de promoci\u00f3n se basa en una fuerte apuesta por la calidad de los vinos argentinos. Dise\u00f1a y pone en marcha campa\u00f1as publicitarias multimedia que buscan posicionar el vino subrayando sus atributos positivos. Ha recibido varios premios argentinos por campa\u00f1as publicitarias y documentales sobre la cultura del vino.<\/p>\n","protected":false},"excerpt":{"rendered":"<p>Creaci\u00f3n de SINergias entre las cadenas de valor Audiovisual y VItivin\u00edcola para acercar la cultura del vino catal\u00e1n a los j\u00f3venes es el t\u00edtulo de un proyecto de colaboraci\u00f3n en [&hellip;]<\/p>\n","protected":false},"author":10,"featured_media":41716,"comment_status":"closed","ping_status":"closed","sticky":false,"template":"","format":"standard","meta":{"_acf_changed":false,"footnotes":""},"categories":[21],"tags":[],"class_list":["post-41729","post","type-post","status-publish","format-standard","has-post-thumbnail","hentry","category-actualidad"],"acf":[],"yoast_head":"<!-- This site is optimized with the Yoast SEO plugin v27.0 - https:\/\/yoast.com\/product\/yoast-seo-wordpress\/ -->\n<title>Buenas pr\u00e1cticas de colaboraci\u00f3n audiovisual-vino: la regi\u00f3n argentina de Mendoza - Cl\u00faster Audiovisual<\/title>\n<meta name=\"robots\" content=\"index, follow, max-snippet:-1, max-image-preview:large, max-video-preview:-1\" \/>\n<link rel=\"canonical\" href=\"https:\/\/www.clusteraudiovisual.cat\/es\/buenas-practicas-de-colaboracion-audiovisual-vino-la-region-argentina-de-mendoza\/\" \/>\n<meta property=\"og:locale\" content=\"es_ES\" \/>\n<meta property=\"og:type\" content=\"article\" \/>\n<meta property=\"og:title\" content=\"Buenas pr\u00e1cticas de colaboraci\u00f3n audiovisual-vino: la regi\u00f3n argentina de Mendoza - Cl\u00faster Audiovisual\" \/>\n<meta property=\"og:description\" content=\"Creaci\u00f3n de SINergias entre las cadenas de valor Audiovisual y VItivin\u00edcola para acercar la cultura del vino catal\u00e1n a los j\u00f3venes es el t\u00edtulo de un proyecto de colaboraci\u00f3n en [&hellip;]\" \/>\n<meta property=\"og:url\" content=\"https:\/\/www.clusteraudiovisual.cat\/es\/buenas-practicas-de-colaboracion-audiovisual-vino-la-region-argentina-de-mendoza\/\" \/>\n<meta property=\"og:site_name\" content=\"Cl\u00faster Audiovisual\" \/>\n<meta property=\"article:published_time\" content=\"2024-05-14T10:06:39+00:00\" \/>\n<meta property=\"article:modified_time\" content=\"2024-08-27T10:09:27+00:00\" \/>\n<meta property=\"og:image\" content=\"https:\/\/www.clusteraudiovisual.cat\/wp-content\/uploads\/2024\/08\/2024_Actualitat_vi-argenti.jpg\" \/>\n\t<meta property=\"og:image:width\" content=\"1018\" \/>\n\t<meta property=\"og:image:height\" content=\"511\" \/>\n\t<meta property=\"og:image:type\" content=\"image\/jpeg\" \/>\n<meta name=\"author\" content=\"ngrinyo\" \/>\n<meta name=\"twitter:card\" content=\"summary_large_image\" \/>\n<meta name=\"twitter:label1\" content=\"Escrito por\" \/>\n\t<meta name=\"twitter:data1\" content=\"ngrinyo\" \/>\n\t<meta name=\"twitter:label2\" content=\"Tiempo de lectura\" \/>\n\t<meta name=\"twitter:data2\" content=\"3 minutos\" \/>\n<script type=\"application\/ld+json\" class=\"yoast-schema-graph\">{\"@context\":\"https:\/\/schema.org\",\"@graph\":[{\"@type\":\"Article\",\"@id\":\"https:\/\/www.clusteraudiovisual.cat\/es\/buenas-practicas-de-colaboracion-audiovisual-vino-la-region-argentina-de-mendoza\/#article\",\"isPartOf\":{\"@id\":\"https:\/\/www.clusteraudiovisual.cat\/es\/buenas-practicas-de-colaboracion-audiovisual-vino-la-region-argentina-de-mendoza\/\"},\"author\":{\"name\":\"ngrinyo\",\"@id\":\"https:\/\/www.clusteraudiovisual.cat\/es\/#\/schema\/person\/f584bbf31325897c0bb1c87583f62bdf\"},\"headline\":\"Buenas pr\u00e1cticas de colaboraci\u00f3n audiovisual-vino: la regi\u00f3n argentina de Mendoza\",\"datePublished\":\"2024-05-14T10:06:39+00:00\",\"dateModified\":\"2024-08-27T10:09:27+00:00\",\"mainEntityOfPage\":{\"@id\":\"https:\/\/www.clusteraudiovisual.cat\/es\/buenas-practicas-de-colaboracion-audiovisual-vino-la-region-argentina-de-mendoza\/\"},\"wordCount\":627,\"image\":{\"@id\":\"https:\/\/www.clusteraudiovisual.cat\/es\/buenas-practicas-de-colaboracion-audiovisual-vino-la-region-argentina-de-mendoza\/#primaryimage\"},\"thumbnailUrl\":\"https:\/\/www.clusteraudiovisual.cat\/wp-content\/uploads\/2024\/08\/2024_Actualitat_vi-argenti.jpg\",\"articleSection\":[\"Actualidad\"],\"inLanguage\":\"es\"},{\"@type\":\"WebPage\",\"@id\":\"https:\/\/www.clusteraudiovisual.cat\/es\/buenas-practicas-de-colaboracion-audiovisual-vino-la-region-argentina-de-mendoza\/\",\"url\":\"https:\/\/www.clusteraudiovisual.cat\/es\/buenas-practicas-de-colaboracion-audiovisual-vino-la-region-argentina-de-mendoza\/\",\"name\":\"Buenas pr\u00e1cticas de colaboraci\u00f3n audiovisual-vino: la regi\u00f3n argentina de Mendoza - Cl\u00faster Audiovisual\",\"isPartOf\":{\"@id\":\"https:\/\/www.clusteraudiovisual.cat\/es\/#website\"},\"primaryImageOfPage\":{\"@id\":\"https:\/\/www.clusteraudiovisual.cat\/es\/buenas-practicas-de-colaboracion-audiovisual-vino-la-region-argentina-de-mendoza\/#primaryimage\"},\"image\":{\"@id\":\"https:\/\/www.clusteraudiovisual.cat\/es\/buenas-practicas-de-colaboracion-audiovisual-vino-la-region-argentina-de-mendoza\/#primaryimage\"},\"thumbnailUrl\":\"https:\/\/www.clusteraudiovisual.cat\/wp-content\/uploads\/2024\/08\/2024_Actualitat_vi-argenti.jpg\",\"datePublished\":\"2024-05-14T10:06:39+00:00\",\"dateModified\":\"2024-08-27T10:09:27+00:00\",\"author\":{\"@id\":\"https:\/\/www.clusteraudiovisual.cat\/es\/#\/schema\/person\/f584bbf31325897c0bb1c87583f62bdf\"},\"inLanguage\":\"es\",\"potentialAction\":[{\"@type\":\"ReadAction\",\"target\":[\"https:\/\/www.clusteraudiovisual.cat\/es\/buenas-practicas-de-colaboracion-audiovisual-vino-la-region-argentina-de-mendoza\/\"]}]},{\"@type\":\"ImageObject\",\"inLanguage\":\"es\",\"@id\":\"https:\/\/www.clusteraudiovisual.cat\/es\/buenas-practicas-de-colaboracion-audiovisual-vino-la-region-argentina-de-mendoza\/#primaryimage\",\"url\":\"https:\/\/www.clusteraudiovisual.cat\/wp-content\/uploads\/2024\/08\/2024_Actualitat_vi-argenti.jpg\",\"contentUrl\":\"https:\/\/www.clusteraudiovisual.cat\/wp-content\/uploads\/2024\/08\/2024_Actualitat_vi-argenti.jpg\",\"width\":1018,\"height\":511},{\"@type\":\"WebSite\",\"@id\":\"https:\/\/www.clusteraudiovisual.cat\/es\/#website\",\"url\":\"https:\/\/www.clusteraudiovisual.cat\/es\/\",\"name\":\"Cl\u00faster Audiovisual\",\"description\":\"Associaci\u00f3 d&#039;empreses que integren el sector audiovisual.\",\"potentialAction\":[{\"@type\":\"SearchAction\",\"target\":{\"@type\":\"EntryPoint\",\"urlTemplate\":\"https:\/\/www.clusteraudiovisual.cat\/es\/?s={search_term_string}\"},\"query-input\":{\"@type\":\"PropertyValueSpecification\",\"valueRequired\":true,\"valueName\":\"search_term_string\"}}],\"inLanguage\":\"es\"},{\"@type\":\"Person\",\"@id\":\"https:\/\/www.clusteraudiovisual.cat\/es\/#\/schema\/person\/f584bbf31325897c0bb1c87583f62bdf\",\"name\":\"ngrinyo\",\"url\":\"https:\/\/www.clusteraudiovisual.cat\/es\/author\/ngrinyo\/\"}]}<\/script>\n<!-- \/ Yoast SEO plugin. -->","yoast_head_json":{"title":"Buenas pr\u00e1cticas de colaboraci\u00f3n audiovisual-vino: la regi\u00f3n argentina de Mendoza - Cl\u00faster Audiovisual","robots":{"index":"index","follow":"follow","max-snippet":"max-snippet:-1","max-image-preview":"max-image-preview:large","max-video-preview":"max-video-preview:-1"},"canonical":"https:\/\/www.clusteraudiovisual.cat\/es\/buenas-practicas-de-colaboracion-audiovisual-vino-la-region-argentina-de-mendoza\/","og_locale":"es_ES","og_type":"article","og_title":"Buenas pr\u00e1cticas de colaboraci\u00f3n audiovisual-vino: la regi\u00f3n argentina de Mendoza - Cl\u00faster Audiovisual","og_description":"Creaci\u00f3n de SINergias entre las cadenas de valor Audiovisual y VItivin\u00edcola para acercar la cultura del vino catal\u00e1n a los j\u00f3venes es el t\u00edtulo de un proyecto de colaboraci\u00f3n en [&hellip;]","og_url":"https:\/\/www.clusteraudiovisual.cat\/es\/buenas-practicas-de-colaboracion-audiovisual-vino-la-region-argentina-de-mendoza\/","og_site_name":"Cl\u00faster Audiovisual","article_published_time":"2024-05-14T10:06:39+00:00","article_modified_time":"2024-08-27T10:09:27+00:00","og_image":[{"width":1018,"height":511,"url":"https:\/\/www.clusteraudiovisual.cat\/wp-content\/uploads\/2024\/08\/2024_Actualitat_vi-argenti.jpg","type":"image\/jpeg"}],"author":"ngrinyo","twitter_card":"summary_large_image","twitter_misc":{"Escrito por":"ngrinyo","Tiempo de lectura":"3 minutos"},"schema":{"@context":"https:\/\/schema.org","@graph":[{"@type":"Article","@id":"https:\/\/www.clusteraudiovisual.cat\/es\/buenas-practicas-de-colaboracion-audiovisual-vino-la-region-argentina-de-mendoza\/#article","isPartOf":{"@id":"https:\/\/www.clusteraudiovisual.cat\/es\/buenas-practicas-de-colaboracion-audiovisual-vino-la-region-argentina-de-mendoza\/"},"author":{"name":"ngrinyo","@id":"https:\/\/www.clusteraudiovisual.cat\/es\/#\/schema\/person\/f584bbf31325897c0bb1c87583f62bdf"},"headline":"Buenas pr\u00e1cticas de colaboraci\u00f3n audiovisual-vino: la regi\u00f3n argentina de Mendoza","datePublished":"2024-05-14T10:06:39+00:00","dateModified":"2024-08-27T10:09:27+00:00","mainEntityOfPage":{"@id":"https:\/\/www.clusteraudiovisual.cat\/es\/buenas-practicas-de-colaboracion-audiovisual-vino-la-region-argentina-de-mendoza\/"},"wordCount":627,"image":{"@id":"https:\/\/www.clusteraudiovisual.cat\/es\/buenas-practicas-de-colaboracion-audiovisual-vino-la-region-argentina-de-mendoza\/#primaryimage"},"thumbnailUrl":"https:\/\/www.clusteraudiovisual.cat\/wp-content\/uploads\/2024\/08\/2024_Actualitat_vi-argenti.jpg","articleSection":["Actualidad"],"inLanguage":"es"},{"@type":"WebPage","@id":"https:\/\/www.clusteraudiovisual.cat\/es\/buenas-practicas-de-colaboracion-audiovisual-vino-la-region-argentina-de-mendoza\/","url":"https:\/\/www.clusteraudiovisual.cat\/es\/buenas-practicas-de-colaboracion-audiovisual-vino-la-region-argentina-de-mendoza\/","name":"Buenas pr\u00e1cticas de colaboraci\u00f3n audiovisual-vino: la regi\u00f3n argentina de Mendoza - Cl\u00faster Audiovisual","isPartOf":{"@id":"https:\/\/www.clusteraudiovisual.cat\/es\/#website"},"primaryImageOfPage":{"@id":"https:\/\/www.clusteraudiovisual.cat\/es\/buenas-practicas-de-colaboracion-audiovisual-vino-la-region-argentina-de-mendoza\/#primaryimage"},"image":{"@id":"https:\/\/www.clusteraudiovisual.cat\/es\/buenas-practicas-de-colaboracion-audiovisual-vino-la-region-argentina-de-mendoza\/#primaryimage"},"thumbnailUrl":"https:\/\/www.clusteraudiovisual.cat\/wp-content\/uploads\/2024\/08\/2024_Actualitat_vi-argenti.jpg","datePublished":"2024-05-14T10:06:39+00:00","dateModified":"2024-08-27T10:09:27+00:00","author":{"@id":"https:\/\/www.clusteraudiovisual.cat\/es\/#\/schema\/person\/f584bbf31325897c0bb1c87583f62bdf"},"inLanguage":"es","potentialAction":[{"@type":"ReadAction","target":["https:\/\/www.clusteraudiovisual.cat\/es\/buenas-practicas-de-colaboracion-audiovisual-vino-la-region-argentina-de-mendoza\/"]}]},{"@type":"ImageObject","inLanguage":"es","@id":"https:\/\/www.clusteraudiovisual.cat\/es\/buenas-practicas-de-colaboracion-audiovisual-vino-la-region-argentina-de-mendoza\/#primaryimage","url":"https:\/\/www.clusteraudiovisual.cat\/wp-content\/uploads\/2024\/08\/2024_Actualitat_vi-argenti.jpg","contentUrl":"https:\/\/www.clusteraudiovisual.cat\/wp-content\/uploads\/2024\/08\/2024_Actualitat_vi-argenti.jpg","width":1018,"height":511},{"@type":"WebSite","@id":"https:\/\/www.clusteraudiovisual.cat\/es\/#website","url":"https:\/\/www.clusteraudiovisual.cat\/es\/","name":"Cl\u00faster Audiovisual","description":"Associaci\u00f3 d&#039;empreses que integren el sector audiovisual.","potentialAction":[{"@type":"SearchAction","target":{"@type":"EntryPoint","urlTemplate":"https:\/\/www.clusteraudiovisual.cat\/es\/?s={search_term_string}"},"query-input":{"@type":"PropertyValueSpecification","valueRequired":true,"valueName":"search_term_string"}}],"inLanguage":"es"},{"@type":"Person","@id":"https:\/\/www.clusteraudiovisual.cat\/es\/#\/schema\/person\/f584bbf31325897c0bb1c87583f62bdf","name":"ngrinyo","url":"https:\/\/www.clusteraudiovisual.cat\/es\/author\/ngrinyo\/"}]}},"_links":{"self":[{"href":"https:\/\/www.clusteraudiovisual.cat\/es\/wp-json\/wp\/v2\/posts\/41729","targetHints":{"allow":["GET"]}}],"collection":[{"href":"https:\/\/www.clusteraudiovisual.cat\/es\/wp-json\/wp\/v2\/posts"}],"about":[{"href":"https:\/\/www.clusteraudiovisual.cat\/es\/wp-json\/wp\/v2\/types\/post"}],"author":[{"embeddable":true,"href":"https:\/\/www.clusteraudiovisual.cat\/es\/wp-json\/wp\/v2\/users\/10"}],"replies":[{"embeddable":true,"href":"https:\/\/www.clusteraudiovisual.cat\/es\/wp-json\/wp\/v2\/comments?post=41729"}],"version-history":[{"count":2,"href":"https:\/\/www.clusteraudiovisual.cat\/es\/wp-json\/wp\/v2\/posts\/41729\/revisions"}],"predecessor-version":[{"id":41734,"href":"https:\/\/www.clusteraudiovisual.cat\/es\/wp-json\/wp\/v2\/posts\/41729\/revisions\/41734"}],"wp:featuredmedia":[{"embeddable":true,"href":"https:\/\/www.clusteraudiovisual.cat\/es\/wp-json\/wp\/v2\/media\/41716"}],"wp:attachment":[{"href":"https:\/\/www.clusteraudiovisual.cat\/es\/wp-json\/wp\/v2\/media?parent=41729"}],"wp:term":[{"taxonomy":"category","embeddable":true,"href":"https:\/\/www.clusteraudiovisual.cat\/es\/wp-json\/wp\/v2\/categories?post=41729"},{"taxonomy":"post_tag","embeddable":true,"href":"https:\/\/www.clusteraudiovisual.cat\/es\/wp-json\/wp\/v2\/tags?post=41729"}],"curies":[{"name":"wp","href":"https:\/\/api.w.org\/{rel}","templated":true}]}}