{"id":41616,"date":"2024-07-10T18:50:51","date_gmt":"2024-07-10T16:50:51","guid":{"rendered":"https:\/\/www.clusteraudiovisual.cat\/?p=41616"},"modified":"2024-07-23T12:52:28","modified_gmt":"2024-07-23T10:52:28","slug":"la-industria-audiovisual-catalana-lidera-el-sector-con-el-mayor-cluster-audiovisual-de-europa-que-ya-integra-204-empresas","status":"publish","type":"post","link":"https:\/\/www.clusteraudiovisual.cat\/es\/la-industria-audiovisual-catalana-lidera-el-sector-con-el-mayor-cluster-audiovisual-de-europa-que-ya-integra-204-empresas\/","title":{"rendered":"La industria audiovisual catalana lidera el sector con el mayor cl\u00faster audiovisual de Europa, que ya integra 204 empresas"},"content":{"rendered":"<p>El Cl\u00faster Audiovisual de Catalunya ha sumado en esta primera mitad del a\u00f1o una treintena de nuevos socios, cifra que consolida a la entidad como la m\u00e1s potente de Europa en n\u00famero de empresas e instituciones. Con 204 compa\u00f1\u00edas socias catalanas, el Cl\u00faster Audiovisual de Catalunya se sit\u00faa por delante de los cl\u00fasteres de referencia en el continente como los suecos, los franceses o los belgas. Entre las nuevas compa\u00f1\u00edas y entidades asociadas se encuentran Rakuten, Sonar, CCCB, KPMG, Selecta Vision, Triodos Bank, Cines Texas, Sonilab, Algam Ib\u00e9rica y Blanco y negro. El Cl\u00faster ha celebrado hoy su Asamblea de socios y socias para hacer balance del a\u00f1o y presentar las nuevas incorporaciones y su rol en el panorama audiovisual.<\/p>\n<p>El Cl\u00faster Audiovisual de Catalunya se ha convertido en el agente de referencia de la industria audiovisual catalana. La entidad impulsa estrategias de internacionalizaci\u00f3n para posicionar el audiovisual catal\u00e1n en Europa y en el mundo, a la vez que promueve la atracci\u00f3n de inversi\u00f3n extranjera para fortalecer el ecosistema local. El Cl\u00faster potencia las conexiones y la generaci\u00f3n de oportunidades entre las empresas de la industria a trav\u00e9s de sesiones sobre las \u00faltimas tendencias tecnol\u00f3gicas e iniciativas como la Semana del Talento, que en 2024 celebra 10 a\u00f1os. La agrupaci\u00f3n act\u00faa como un agente activo y relevante en los grandes eventos e iniciativas de la ciudad, como el congreso ISE o el proyecto de las Tres Xemeneies. Con el objetivo de convertir a Catalu\u00f1a en el hub audiovisual del sur de Europa el Cl\u00faster tiene un papel relevante como interlocutor con la Administraci\u00f3n P\u00fablica.<\/p>\n<p>Miquel Rutllant, presidente del Cl\u00faster Audiovisual de Catalu\u00f1a: \u201cEn nuestra trayectoria como cl\u00faster del audiovisual y con la incorporaci\u00f3n de empresas de primer nivel, constatamos que la industria audiovisual catalana es cada vez m\u00e1s potente tanto a nivel nacional como internacional. Y esto demuestra que el sector audiovisual es estrat\u00e9gico como motor econ\u00f3mico para el pa\u00eds. El audiovisual es entretenimiento y cultura y transversal otros sectores. Ya est\u00e1 presente tambi\u00e9n en los centros de arte, museos o festivales de m\u00fasica\u201d.<\/p>\n<p>&nbsp;<\/p>\n<p><strong>La internacionalizaci\u00f3n del audiovisual catal\u00e1n<\/strong><\/p>\n<p>Este 2024, el Cl\u00faster Audiovisual de Catalu\u00f1a, el partner local del ISE, la mayor feria mundial del audiovisual y sistemas de integraci\u00f3n, ha dado un paso m\u00e1s all\u00e1 para impulsar estrategias de internacionalizaci\u00f3n del audiovisual catal\u00e1n.<\/p>\n<p>Este a\u00f1o, la entidad ha organizado en colaboraci\u00f3n con ACCI\u00d3 una misi\u00f3n en Estados Unidos para que los socios conozcan de primera mano las tendencias audiovisuales y posicionar el audiovisual catal\u00e1n en el extranjero. Los estudios de Hollywood y el NAB Show de Las Vegas abrieron sus puertas a los miembros del Cl\u00faster Audiovisual de Catalunya. Los socios del cl\u00faster visitaron empresas referentes del sector como Sony, Disney o Universal y pisaron los famosos plat\u00f3s virtuales donde se han rodado producciones de impacto mundial como Mandalorian, Barbie o House of Dragons en las instalaciones de Lux Machina.<\/p>\n<p>En Las Vegas, los representantes del cl\u00faster visitaron el Sphere y el NAB Show, la mayor convenci\u00f3n del mundo dedicada a las industrias de la comunicaci\u00f3n, el entretenimiento y el broadcast.<\/p>\n<p>A ra\u00edz de esta misi\u00f3n en Estados Unidos, el cl\u00faster se ha reunido con Sony Pixomondo, especializada en plat\u00f3s virtuales y que est\u00e1 interesada en la industria audiovisual catalana. Tras el \u00e9xito de esta misi\u00f3n, el cl\u00faster tiene previsto realizar otra en Reino Unido el pr\u00f3ximo mes de abril.<\/p>\n<p>Con el objetivo de fortalecer el ecosistema audiovisual, el Cl\u00faster colabora con el Departamento de Cultura de la Generalitat y el Ayuntamiento de Barcelona, \u200b\u200by forma parte del Catalonia Cluster de ACCI\u00d3 (Departamento de Empresa y Trabajo). Pr\u00f3ximamente tiene previstos contactos con empresas y agentes relevantes de Estados Unidos y Europa para atraer a empresas e inversiones a nuestro territorio.<\/p>\n<p>&nbsp;<\/p>\n<p><strong>Impulso al hub audiovisual catal\u00e1n<\/strong><\/p>\n<p>El Cl\u00faster Audiovisual de Catalunya tambi\u00e9n apuesta por convertir Catalunya en el hub audiovisual del sur de Europa. En este sentido, tiene especial relevancia el proyecto Catalunya M\u00e8dia City, que pondr\u00e1 en el mapa europeo el audiovisual catal\u00e1n. La Generalitat aprob\u00f3 en abril la partida de puja de la primera fase del proyecto. Miquel Rutllant: \u201cEstamos orgullosos de ver c\u00f3mo el proyecto de las Tres Xemeneies avanza. Este proyecto de pa\u00eds ayudar\u00e1 a posicionar a nuestra industria audiovisual a nivel internacional y supondr\u00e1 un importante impulso a la innovaci\u00f3n y el talento. Aqu\u00ed los cl\u00fasteres podemos ser de gran ayuda para fomentar acciones que reviertan en este impulso\u201d.<\/p>\n<p>Adem\u00e1s, durante los pr\u00f3ximos dos a\u00f1os, el Cl\u00faster Audiovisual de Catalunya ostentar\u00e1 la presidencia de la Red Espa\u00f1ola de Cl\u00fasteres Audiovisuales (REDCAU), que act\u00faa como representante nacional frente a las instituciones.<\/p>\n<p>Para generar oportunidades, el Cl\u00faster organiza anualmente la Semana del Talento, que este a\u00f1o llega a su 10\u00aa edici\u00f3n. Esta Semana del Talento, que se celebra en noviembre, conecta el talento emergente de las universidades con la industria para innovar y encontrar nuevos formatos. Durante estos d\u00edas el cl\u00faster organiza din\u00e1micas de networking, sesiones con expertos y actividades pensadas para facilitar a las empresas del sector audiovisual el contacto con j\u00f3venes talentos que buscan una oportunidad laboral. Adem\u00e1s, los estudiantes realizan un pitch frente a empresas referentes para presentar sus proyectos. A lo largo de estos 10 a\u00f1os, m\u00e1s de 400 alumnos de 36 centros universitarios catalanes, espa\u00f1oles y europeos han participado en estas sesiones de pitching.<\/p>\n<p><strong>\u00a0<\/strong><\/p>\n<p><strong>Sobre el Cl\u00faster Audiovisual de Catalu\u00f1a<\/strong><\/p>\n<p>El Cl\u00faster Audiovisual de Catalunya es la entidad que agrupa a 204 de las principales empresas e instituciones de la industria audiovisual catalana. Estas empresas pertenecen a 12 segmentos de la industria: producci\u00f3n, servicios de producci\u00f3n, postproducci\u00f3n, plat\u00f3s y parques audiovisuales y tecnol\u00f3gicos, distribuci\u00f3n y exhibici\u00f3n, televisi\u00f3n y radio y podcast, experiencias inmersivas (VR, XR, AR, metaverso y mapping), tecnolog\u00eda, comunicaci\u00f3n y publicidad, videojuegos, formaci\u00f3n, y eventos y sistemas integrados. El Cl\u00faster trabaja para situar a las empresas catalanas en el centro del desarrollo econ\u00f3mico y cultural. Su misi\u00f3n es actuar como elemento vertebrador y dinamizador para situar a la industria en el centro de la estrategia cultural del pa\u00eds.<\/p>\n","protected":false},"excerpt":{"rendered":"<p>El Cl\u00faster Audiovisual de Catalunya ha sumado en esta primera mitad del a\u00f1o una treintena de nuevos socios, cifra que consolida a la entidad como la m\u00e1s potente de Europa [&hellip;]<\/p>\n","protected":false},"author":10,"featured_media":41475,"comment_status":"closed","ping_status":"closed","sticky":false,"template":"","format":"standard","meta":{"_acf_changed":false,"footnotes":""},"categories":[21],"tags":[],"class_list":["post-41616","post","type-post","status-publish","format-standard","has-post-thumbnail","hentry","category-actualidad"],"acf":[],"yoast_head":"<!-- This site is optimized with the Yoast SEO plugin v27.0 - https:\/\/yoast.com\/product\/yoast-seo-wordpress\/ -->\n<title>La industria audiovisual catalana lidera el sector con el mayor cl\u00faster audiovisual de Europa, que ya integra 204 empresas - Cl\u00faster Audiovisual<\/title>\n<meta name=\"robots\" content=\"index, follow, max-snippet:-1, max-image-preview:large, max-video-preview:-1\" \/>\n<link rel=\"canonical\" href=\"https:\/\/www.clusteraudiovisual.cat\/es\/la-industria-audiovisual-catalana-lidera-el-sector-con-el-mayor-cluster-audiovisual-de-europa-que-ya-integra-204-empresas\/\" \/>\n<meta property=\"og:locale\" content=\"es_ES\" \/>\n<meta property=\"og:type\" content=\"article\" \/>\n<meta property=\"og:title\" content=\"La industria audiovisual catalana lidera el sector con el mayor cl\u00faster audiovisual de Europa, que ya integra 204 empresas - Cl\u00faster Audiovisual\" \/>\n<meta property=\"og:description\" content=\"El Cl\u00faster Audiovisual de Catalunya ha sumado en esta primera mitad del a\u00f1o una treintena de nuevos socios, cifra que consolida a la entidad como la m\u00e1s potente de Europa [&hellip;]\" \/>\n<meta property=\"og:url\" content=\"https:\/\/www.clusteraudiovisual.cat\/es\/la-industria-audiovisual-catalana-lidera-el-sector-con-el-mayor-cluster-audiovisual-de-europa-que-ya-integra-204-empresas\/\" \/>\n<meta property=\"og:site_name\" content=\"Cl\u00faster Audiovisual\" \/>\n<meta property=\"article:published_time\" content=\"2024-07-10T16:50:51+00:00\" \/>\n<meta property=\"article:modified_time\" content=\"2024-07-23T10:52:28+00:00\" \/>\n<meta property=\"og:image\" content=\"https:\/\/www.clusteraudiovisual.cat\/wp-content\/uploads\/2024\/07\/2024_Noticia_Cluster-200-empreses.jpg\" \/>\n\t<meta property=\"og:image:width\" content=\"1200\" \/>\n\t<meta property=\"og:image:height\" content=\"675\" \/>\n\t<meta property=\"og:image:type\" content=\"image\/jpeg\" \/>\n<meta name=\"author\" content=\"ngrinyo\" \/>\n<meta name=\"twitter:card\" content=\"summary_large_image\" \/>\n<meta name=\"twitter:label1\" content=\"Escrito por\" \/>\n\t<meta name=\"twitter:data1\" content=\"ngrinyo\" \/>\n\t<meta name=\"twitter:label2\" content=\"Tiempo de lectura\" \/>\n\t<meta name=\"twitter:data2\" content=\"6 minutos\" \/>\n<script type=\"application\/ld+json\" class=\"yoast-schema-graph\">{\"@context\":\"https:\/\/schema.org\",\"@graph\":[{\"@type\":\"Article\",\"@id\":\"https:\/\/www.clusteraudiovisual.cat\/es\/la-industria-audiovisual-catalana-lidera-el-sector-con-el-mayor-cluster-audiovisual-de-europa-que-ya-integra-204-empresas\/#article\",\"isPartOf\":{\"@id\":\"https:\/\/www.clusteraudiovisual.cat\/es\/la-industria-audiovisual-catalana-lidera-el-sector-con-el-mayor-cluster-audiovisual-de-europa-que-ya-integra-204-empresas\/\"},\"author\":{\"name\":\"ngrinyo\",\"@id\":\"https:\/\/www.clusteraudiovisual.cat\/es\/#\/schema\/person\/f584bbf31325897c0bb1c87583f62bdf\"},\"headline\":\"La industria audiovisual catalana lidera el sector con el mayor cl\u00faster audiovisual de Europa, que ya integra 204 empresas\",\"datePublished\":\"2024-07-10T16:50:51+00:00\",\"dateModified\":\"2024-07-23T10:52:28+00:00\",\"mainEntityOfPage\":{\"@id\":\"https:\/\/www.clusteraudiovisual.cat\/es\/la-industria-audiovisual-catalana-lidera-el-sector-con-el-mayor-cluster-audiovisual-de-europa-que-ya-integra-204-empresas\/\"},\"wordCount\":1120,\"image\":{\"@id\":\"https:\/\/www.clusteraudiovisual.cat\/es\/la-industria-audiovisual-catalana-lidera-el-sector-con-el-mayor-cluster-audiovisual-de-europa-que-ya-integra-204-empresas\/#primaryimage\"},\"thumbnailUrl\":\"https:\/\/www.clusteraudiovisual.cat\/wp-content\/uploads\/2024\/07\/2024_Noticia_Cluster-200-empreses.jpg\",\"articleSection\":[\"Actualidad\"],\"inLanguage\":\"es\"},{\"@type\":\"WebPage\",\"@id\":\"https:\/\/www.clusteraudiovisual.cat\/es\/la-industria-audiovisual-catalana-lidera-el-sector-con-el-mayor-cluster-audiovisual-de-europa-que-ya-integra-204-empresas\/\",\"url\":\"https:\/\/www.clusteraudiovisual.cat\/es\/la-industria-audiovisual-catalana-lidera-el-sector-con-el-mayor-cluster-audiovisual-de-europa-que-ya-integra-204-empresas\/\",\"name\":\"La industria audiovisual catalana lidera el sector con el mayor cl\u00faster audiovisual de Europa, que ya integra 204 empresas - Cl\u00faster Audiovisual\",\"isPartOf\":{\"@id\":\"https:\/\/www.clusteraudiovisual.cat\/es\/#website\"},\"primaryImageOfPage\":{\"@id\":\"https:\/\/www.clusteraudiovisual.cat\/es\/la-industria-audiovisual-catalana-lidera-el-sector-con-el-mayor-cluster-audiovisual-de-europa-que-ya-integra-204-empresas\/#primaryimage\"},\"image\":{\"@id\":\"https:\/\/www.clusteraudiovisual.cat\/es\/la-industria-audiovisual-catalana-lidera-el-sector-con-el-mayor-cluster-audiovisual-de-europa-que-ya-integra-204-empresas\/#primaryimage\"},\"thumbnailUrl\":\"https:\/\/www.clusteraudiovisual.cat\/wp-content\/uploads\/2024\/07\/2024_Noticia_Cluster-200-empreses.jpg\",\"datePublished\":\"2024-07-10T16:50:51+00:00\",\"dateModified\":\"2024-07-23T10:52:28+00:00\",\"author\":{\"@id\":\"https:\/\/www.clusteraudiovisual.cat\/es\/#\/schema\/person\/f584bbf31325897c0bb1c87583f62bdf\"},\"inLanguage\":\"es\",\"potentialAction\":[{\"@type\":\"ReadAction\",\"target\":[\"https:\/\/www.clusteraudiovisual.cat\/es\/la-industria-audiovisual-catalana-lidera-el-sector-con-el-mayor-cluster-audiovisual-de-europa-que-ya-integra-204-empresas\/\"]}]},{\"@type\":\"ImageObject\",\"inLanguage\":\"es\",\"@id\":\"https:\/\/www.clusteraudiovisual.cat\/es\/la-industria-audiovisual-catalana-lidera-el-sector-con-el-mayor-cluster-audiovisual-de-europa-que-ya-integra-204-empresas\/#primaryimage\",\"url\":\"https:\/\/www.clusteraudiovisual.cat\/wp-content\/uploads\/2024\/07\/2024_Noticia_Cluster-200-empreses.jpg\",\"contentUrl\":\"https:\/\/www.clusteraudiovisual.cat\/wp-content\/uploads\/2024\/07\/2024_Noticia_Cluster-200-empreses.jpg\",\"width\":1200,\"height\":675},{\"@type\":\"WebSite\",\"@id\":\"https:\/\/www.clusteraudiovisual.cat\/es\/#website\",\"url\":\"https:\/\/www.clusteraudiovisual.cat\/es\/\",\"name\":\"Cl\u00faster Audiovisual\",\"description\":\"Associaci\u00f3 d&#039;empreses que integren el sector audiovisual.\",\"potentialAction\":[{\"@type\":\"SearchAction\",\"target\":{\"@type\":\"EntryPoint\",\"urlTemplate\":\"https:\/\/www.clusteraudiovisual.cat\/es\/?s={search_term_string}\"},\"query-input\":{\"@type\":\"PropertyValueSpecification\",\"valueRequired\":true,\"valueName\":\"search_term_string\"}}],\"inLanguage\":\"es\"},{\"@type\":\"Person\",\"@id\":\"https:\/\/www.clusteraudiovisual.cat\/es\/#\/schema\/person\/f584bbf31325897c0bb1c87583f62bdf\",\"name\":\"ngrinyo\",\"url\":\"https:\/\/www.clusteraudiovisual.cat\/es\/author\/ngrinyo\/\"}]}<\/script>\n<!-- \/ Yoast SEO plugin. -->","yoast_head_json":{"title":"La industria audiovisual catalana lidera el sector con el mayor cl\u00faster audiovisual de Europa, que ya integra 204 empresas - Cl\u00faster Audiovisual","robots":{"index":"index","follow":"follow","max-snippet":"max-snippet:-1","max-image-preview":"max-image-preview:large","max-video-preview":"max-video-preview:-1"},"canonical":"https:\/\/www.clusteraudiovisual.cat\/es\/la-industria-audiovisual-catalana-lidera-el-sector-con-el-mayor-cluster-audiovisual-de-europa-que-ya-integra-204-empresas\/","og_locale":"es_ES","og_type":"article","og_title":"La industria audiovisual catalana lidera el sector con el mayor cl\u00faster audiovisual de Europa, que ya integra 204 empresas - Cl\u00faster Audiovisual","og_description":"El Cl\u00faster Audiovisual de Catalunya ha sumado en esta primera mitad del a\u00f1o una treintena de nuevos socios, cifra que consolida a la entidad como la m\u00e1s potente de Europa [&hellip;]","og_url":"https:\/\/www.clusteraudiovisual.cat\/es\/la-industria-audiovisual-catalana-lidera-el-sector-con-el-mayor-cluster-audiovisual-de-europa-que-ya-integra-204-empresas\/","og_site_name":"Cl\u00faster Audiovisual","article_published_time":"2024-07-10T16:50:51+00:00","article_modified_time":"2024-07-23T10:52:28+00:00","og_image":[{"width":1200,"height":675,"url":"https:\/\/www.clusteraudiovisual.cat\/wp-content\/uploads\/2024\/07\/2024_Noticia_Cluster-200-empreses.jpg","type":"image\/jpeg"}],"author":"ngrinyo","twitter_card":"summary_large_image","twitter_misc":{"Escrito por":"ngrinyo","Tiempo de lectura":"6 minutos"},"schema":{"@context":"https:\/\/schema.org","@graph":[{"@type":"Article","@id":"https:\/\/www.clusteraudiovisual.cat\/es\/la-industria-audiovisual-catalana-lidera-el-sector-con-el-mayor-cluster-audiovisual-de-europa-que-ya-integra-204-empresas\/#article","isPartOf":{"@id":"https:\/\/www.clusteraudiovisual.cat\/es\/la-industria-audiovisual-catalana-lidera-el-sector-con-el-mayor-cluster-audiovisual-de-europa-que-ya-integra-204-empresas\/"},"author":{"name":"ngrinyo","@id":"https:\/\/www.clusteraudiovisual.cat\/es\/#\/schema\/person\/f584bbf31325897c0bb1c87583f62bdf"},"headline":"La industria audiovisual catalana lidera el sector con el mayor cl\u00faster audiovisual de Europa, que ya integra 204 empresas","datePublished":"2024-07-10T16:50:51+00:00","dateModified":"2024-07-23T10:52:28+00:00","mainEntityOfPage":{"@id":"https:\/\/www.clusteraudiovisual.cat\/es\/la-industria-audiovisual-catalana-lidera-el-sector-con-el-mayor-cluster-audiovisual-de-europa-que-ya-integra-204-empresas\/"},"wordCount":1120,"image":{"@id":"https:\/\/www.clusteraudiovisual.cat\/es\/la-industria-audiovisual-catalana-lidera-el-sector-con-el-mayor-cluster-audiovisual-de-europa-que-ya-integra-204-empresas\/#primaryimage"},"thumbnailUrl":"https:\/\/www.clusteraudiovisual.cat\/wp-content\/uploads\/2024\/07\/2024_Noticia_Cluster-200-empreses.jpg","articleSection":["Actualidad"],"inLanguage":"es"},{"@type":"WebPage","@id":"https:\/\/www.clusteraudiovisual.cat\/es\/la-industria-audiovisual-catalana-lidera-el-sector-con-el-mayor-cluster-audiovisual-de-europa-que-ya-integra-204-empresas\/","url":"https:\/\/www.clusteraudiovisual.cat\/es\/la-industria-audiovisual-catalana-lidera-el-sector-con-el-mayor-cluster-audiovisual-de-europa-que-ya-integra-204-empresas\/","name":"La industria audiovisual catalana lidera el sector con el mayor cl\u00faster audiovisual de Europa, que ya integra 204 empresas - Cl\u00faster Audiovisual","isPartOf":{"@id":"https:\/\/www.clusteraudiovisual.cat\/es\/#website"},"primaryImageOfPage":{"@id":"https:\/\/www.clusteraudiovisual.cat\/es\/la-industria-audiovisual-catalana-lidera-el-sector-con-el-mayor-cluster-audiovisual-de-europa-que-ya-integra-204-empresas\/#primaryimage"},"image":{"@id":"https:\/\/www.clusteraudiovisual.cat\/es\/la-industria-audiovisual-catalana-lidera-el-sector-con-el-mayor-cluster-audiovisual-de-europa-que-ya-integra-204-empresas\/#primaryimage"},"thumbnailUrl":"https:\/\/www.clusteraudiovisual.cat\/wp-content\/uploads\/2024\/07\/2024_Noticia_Cluster-200-empreses.jpg","datePublished":"2024-07-10T16:50:51+00:00","dateModified":"2024-07-23T10:52:28+00:00","author":{"@id":"https:\/\/www.clusteraudiovisual.cat\/es\/#\/schema\/person\/f584bbf31325897c0bb1c87583f62bdf"},"inLanguage":"es","potentialAction":[{"@type":"ReadAction","target":["https:\/\/www.clusteraudiovisual.cat\/es\/la-industria-audiovisual-catalana-lidera-el-sector-con-el-mayor-cluster-audiovisual-de-europa-que-ya-integra-204-empresas\/"]}]},{"@type":"ImageObject","inLanguage":"es","@id":"https:\/\/www.clusteraudiovisual.cat\/es\/la-industria-audiovisual-catalana-lidera-el-sector-con-el-mayor-cluster-audiovisual-de-europa-que-ya-integra-204-empresas\/#primaryimage","url":"https:\/\/www.clusteraudiovisual.cat\/wp-content\/uploads\/2024\/07\/2024_Noticia_Cluster-200-empreses.jpg","contentUrl":"https:\/\/www.clusteraudiovisual.cat\/wp-content\/uploads\/2024\/07\/2024_Noticia_Cluster-200-empreses.jpg","width":1200,"height":675},{"@type":"WebSite","@id":"https:\/\/www.clusteraudiovisual.cat\/es\/#website","url":"https:\/\/www.clusteraudiovisual.cat\/es\/","name":"Cl\u00faster Audiovisual","description":"Associaci\u00f3 d&#039;empreses que integren el sector audiovisual.","potentialAction":[{"@type":"SearchAction","target":{"@type":"EntryPoint","urlTemplate":"https:\/\/www.clusteraudiovisual.cat\/es\/?s={search_term_string}"},"query-input":{"@type":"PropertyValueSpecification","valueRequired":true,"valueName":"search_term_string"}}],"inLanguage":"es"},{"@type":"Person","@id":"https:\/\/www.clusteraudiovisual.cat\/es\/#\/schema\/person\/f584bbf31325897c0bb1c87583f62bdf","name":"ngrinyo","url":"https:\/\/www.clusteraudiovisual.cat\/es\/author\/ngrinyo\/"}]}},"_links":{"self":[{"href":"https:\/\/www.clusteraudiovisual.cat\/es\/wp-json\/wp\/v2\/posts\/41616","targetHints":{"allow":["GET"]}}],"collection":[{"href":"https:\/\/www.clusteraudiovisual.cat\/es\/wp-json\/wp\/v2\/posts"}],"about":[{"href":"https:\/\/www.clusteraudiovisual.cat\/es\/wp-json\/wp\/v2\/types\/post"}],"author":[{"embeddable":true,"href":"https:\/\/www.clusteraudiovisual.cat\/es\/wp-json\/wp\/v2\/users\/10"}],"replies":[{"embeddable":true,"href":"https:\/\/www.clusteraudiovisual.cat\/es\/wp-json\/wp\/v2\/comments?post=41616"}],"version-history":[{"count":2,"href":"https:\/\/www.clusteraudiovisual.cat\/es\/wp-json\/wp\/v2\/posts\/41616\/revisions"}],"predecessor-version":[{"id":41619,"href":"https:\/\/www.clusteraudiovisual.cat\/es\/wp-json\/wp\/v2\/posts\/41616\/revisions\/41619"}],"wp:featuredmedia":[{"embeddable":true,"href":"https:\/\/www.clusteraudiovisual.cat\/es\/wp-json\/wp\/v2\/media\/41475"}],"wp:attachment":[{"href":"https:\/\/www.clusteraudiovisual.cat\/es\/wp-json\/wp\/v2\/media?parent=41616"}],"wp:term":[{"taxonomy":"category","embeddable":true,"href":"https:\/\/www.clusteraudiovisual.cat\/es\/wp-json\/wp\/v2\/categories?post=41616"},{"taxonomy":"post_tag","embeddable":true,"href":"https:\/\/www.clusteraudiovisual.cat\/es\/wp-json\/wp\/v2\/tags?post=41616"}],"curies":[{"name":"wp","href":"https:\/\/api.w.org\/{rel}","templated":true}]}}