{"id":40282,"date":"2024-03-27T10:33:29","date_gmt":"2024-03-27T09:33:29","guid":{"rendered":"https:\/\/www.clusteraudiovisual.cat\/?p=40282"},"modified":"2024-03-27T10:33:29","modified_gmt":"2024-03-27T09:33:29","slug":"el-cluster-presenta-la-diferencia-multiplica-el-nuevo-plan-de-accion-para-aumentar-la-visibilidad-de-las-mujeres-en-el-cluster-y-en-el-sector","status":"publish","type":"post","link":"https:\/\/www.clusteraudiovisual.cat\/es\/el-cluster-presenta-la-diferencia-multiplica-el-nuevo-plan-de-accion-para-aumentar-la-visibilidad-de-las-mujeres-en-el-cluster-y-en-el-sector\/","title":{"rendered":"El Cl\u00faster presenta \u201cLa diferencia multiplica\u201d, el nuevo plan de acci\u00f3n para aumentar la visibilidad de las mujeres en el cl\u00faster y en el sector"},"content":{"rendered":"<p>El pasado mi\u00e9rcoles 20 de marzo tuvo lugar, en la sede de la SGAE, la sesi\u00f3n de lanzamiento de \u201c<strong>La Diferencia multiplica<\/strong>\u201d, el nuevo plan de acci\u00f3n del Cl\u00faster Audiovisual, creado con el objetivo de <strong>aumentar la visibilidad y presencia de las mujeres en el sector audiovisual y en el \u00e1mbito empresarial<\/strong>.<\/p>\n<p>Este plan es un paso m\u00e1s en el compromiso del cl\u00faster para promover el <strong>posicionamiento de los valores en la estrategia de crecimiento<\/strong> de las empresas del negocio audiovisual. La defensa de la igualdad de oportunidades y la presencia femenina en el sector son uno de los elementos clave de la <strong>agenda de valor compartido<\/strong> del cl\u00faster para los pr\u00f3ximos a\u00f1os.<\/p>\n<p>Los tres retos principales del plan propuesto son: <strong>aumentar la representatividad<\/strong> de las mujeres en el Cl\u00faster y en sus actividades, fomentar la <strong>incorporaci\u00f3n de mujeres con perfiles t\u00e9cnicos<\/strong> en el audiovisual y fomentar la incorporaci\u00f3n de mujeres a <strong>cargos de responsabilidad<\/strong>.<\/p>\n<p>Por otra parte, las acciones planificadas para este 2024, estar\u00e1n centradas en velar por el equilibrio de g\u00e9nero entre las ponentes en todas las sesiones organizadas por el clu\u00faster, la planificaci\u00f3n de una <strong>conferencia anual<\/strong> que tenga como foco en el rol de la mujer en el sector y la creaci\u00f3n de una nueva tipolog\u00eda de encuentros inspiracionales llamados \u201c<strong>Un mos amb&#8230;<\/strong>\u201d (\u00abUn bocado con&#8230;\u00bb), donde se propondr\u00e1 un espacio de <em>networking<\/em> para profesionales con una invitada referente.<\/p>\n<p>Como l\u00edder del programa, realiz\u00f3 la presentaci\u00f3n <strong>Vanesa Alarc\u00f3n<\/strong>, abogada y socia del bufete ECIJA. \u00abLa diversidad de g\u00e9neros, como cualquier tipo de diversidad, es enriquecedora para todos\u00bb, dijo.<\/p>\n<p>Una vez explicados los detalles, Vanesa Alarc\u00f3n convers\u00f3 con <strong>Meritxell Bautista<\/strong>, presidenta ejecutiva de Manix Capital y fundadora de Fibracat y Fibracat TV. Fue un espacio de reflexi\u00f3n sobre el plan de acci\u00f3n propuesto y pudo escucharse la experiencia de esta profesional, tambi\u00e9n como activista social, tanto a nivel de sector como a nivel global. Como empresaria piensa que \u00absi tener m\u00e1s diversidad y valores en nuestras empresas nos hace funcionar mejor y ganar m\u00e1s dinero, el que no lo haga se estar\u00e1 equivocando\u00bb.<\/p>\n<p>Por \u00faltimo, los socios y socias presentes pudieron dirigir sus <strong>preguntas y reflexiones<\/strong> a las dos ponentes y formular sus opiniones sobre el nuevo plan de acci\u00f3n y posibles mejoras.<\/p>\n","protected":false},"excerpt":{"rendered":"<p>El pasado mi\u00e9rcoles 20 de marzo tuvo lugar, en la sede de la SGAE, la sesi\u00f3n de lanzamiento de \u201cLa Diferencia multiplica\u201d, el nuevo plan de acci\u00f3n del Cl\u00faster Audiovisual, [&hellip;]<\/p>\n","protected":false},"author":10,"featured_media":40275,"comment_status":"closed","ping_status":"closed","sticky":false,"template":"","format":"standard","meta":{"_acf_changed":false,"footnotes":""},"categories":[21],"tags":[],"class_list":["post-40282","post","type-post","status-publish","format-standard","has-post-thumbnail","hentry","category-actualidad"],"acf":[],"yoast_head":"<!-- This site is optimized with the Yoast SEO plugin v27.0 - https:\/\/yoast.com\/product\/yoast-seo-wordpress\/ -->\n<title>El Cl\u00faster presenta \u201cLa diferencia multiplica\u201d, el nuevo plan de acci\u00f3n para aumentar la visibilidad de las mujeres en el cl\u00faster y en el sector - Cl\u00faster Audiovisual<\/title>\n<meta name=\"robots\" content=\"index, follow, max-snippet:-1, max-image-preview:large, max-video-preview:-1\" \/>\n<link rel=\"canonical\" href=\"https:\/\/www.clusteraudiovisual.cat\/es\/el-cluster-presenta-la-diferencia-multiplica-el-nuevo-plan-de-accion-para-aumentar-la-visibilidad-de-las-mujeres-en-el-cluster-y-en-el-sector\/\" \/>\n<meta property=\"og:locale\" content=\"es_ES\" \/>\n<meta property=\"og:type\" content=\"article\" \/>\n<meta property=\"og:title\" content=\"El Cl\u00faster presenta \u201cLa diferencia multiplica\u201d, el nuevo plan de acci\u00f3n para aumentar la visibilidad de las mujeres en el cl\u00faster y en el sector - Cl\u00faster Audiovisual\" \/>\n<meta property=\"og:description\" content=\"El pasado mi\u00e9rcoles 20 de marzo tuvo lugar, en la sede de la SGAE, la sesi\u00f3n de lanzamiento de \u201cLa Diferencia multiplica\u201d, el nuevo plan de acci\u00f3n del Cl\u00faster Audiovisual, [&hellip;]\" \/>\n<meta property=\"og:url\" content=\"https:\/\/www.clusteraudiovisual.cat\/es\/el-cluster-presenta-la-diferencia-multiplica-el-nuevo-plan-de-accion-para-aumentar-la-visibilidad-de-las-mujeres-en-el-cluster-y-en-el-sector\/\" \/>\n<meta property=\"og:site_name\" content=\"Cl\u00faster Audiovisual\" \/>\n<meta property=\"article:published_time\" content=\"2024-03-27T09:33:29+00:00\" \/>\n<meta property=\"og:image\" content=\"https:\/\/www.clusteraudiovisual.cat\/wp-content\/uploads\/2024\/03\/2024_Noticia_LaDiferenciaMultiplica.jpg\" \/>\n\t<meta property=\"og:image:width\" content=\"900\" \/>\n\t<meta property=\"og:image:height\" content=\"675\" \/>\n\t<meta property=\"og:image:type\" content=\"image\/jpeg\" \/>\n<meta name=\"author\" content=\"ngrinyo\" \/>\n<meta name=\"twitter:card\" content=\"summary_large_image\" \/>\n<meta name=\"twitter:label1\" content=\"Escrito por\" \/>\n\t<meta name=\"twitter:data1\" content=\"ngrinyo\" \/>\n\t<meta name=\"twitter:label2\" content=\"Tiempo de lectura\" \/>\n\t<meta name=\"twitter:data2\" content=\"3 minutos\" \/>\n<script type=\"application\/ld+json\" class=\"yoast-schema-graph\">{\"@context\":\"https:\/\/schema.org\",\"@graph\":[{\"@type\":\"Article\",\"@id\":\"https:\/\/www.clusteraudiovisual.cat\/es\/el-cluster-presenta-la-diferencia-multiplica-el-nuevo-plan-de-accion-para-aumentar-la-visibilidad-de-las-mujeres-en-el-cluster-y-en-el-sector\/#article\",\"isPartOf\":{\"@id\":\"https:\/\/www.clusteraudiovisual.cat\/es\/el-cluster-presenta-la-diferencia-multiplica-el-nuevo-plan-de-accion-para-aumentar-la-visibilidad-de-las-mujeres-en-el-cluster-y-en-el-sector\/\"},\"author\":{\"name\":\"ngrinyo\",\"@id\":\"https:\/\/www.clusteraudiovisual.cat\/es\/#\/schema\/person\/f584bbf31325897c0bb1c87583f62bdf\"},\"headline\":\"El Cl\u00faster presenta \u201cLa diferencia multiplica\u201d, el nuevo plan de acci\u00f3n para aumentar la visibilidad de las mujeres en el cl\u00faster y en el sector\",\"datePublished\":\"2024-03-27T09:33:29+00:00\",\"mainEntityOfPage\":{\"@id\":\"https:\/\/www.clusteraudiovisual.cat\/es\/el-cluster-presenta-la-diferencia-multiplica-el-nuevo-plan-de-accion-para-aumentar-la-visibilidad-de-las-mujeres-en-el-cluster-y-en-el-sector\/\"},\"wordCount\":432,\"image\":{\"@id\":\"https:\/\/www.clusteraudiovisual.cat\/es\/el-cluster-presenta-la-diferencia-multiplica-el-nuevo-plan-de-accion-para-aumentar-la-visibilidad-de-las-mujeres-en-el-cluster-y-en-el-sector\/#primaryimage\"},\"thumbnailUrl\":\"https:\/\/www.clusteraudiovisual.cat\/wp-content\/uploads\/2024\/03\/2024_Noticia_LaDiferenciaMultiplica.jpg\",\"articleSection\":[\"Actualidad\"],\"inLanguage\":\"es\"},{\"@type\":\"WebPage\",\"@id\":\"https:\/\/www.clusteraudiovisual.cat\/es\/el-cluster-presenta-la-diferencia-multiplica-el-nuevo-plan-de-accion-para-aumentar-la-visibilidad-de-las-mujeres-en-el-cluster-y-en-el-sector\/\",\"url\":\"https:\/\/www.clusteraudiovisual.cat\/es\/el-cluster-presenta-la-diferencia-multiplica-el-nuevo-plan-de-accion-para-aumentar-la-visibilidad-de-las-mujeres-en-el-cluster-y-en-el-sector\/\",\"name\":\"El Cl\u00faster presenta \u201cLa diferencia multiplica\u201d, el nuevo plan de acci\u00f3n para aumentar la visibilidad de las mujeres en el cl\u00faster y en el sector - Cl\u00faster Audiovisual\",\"isPartOf\":{\"@id\":\"https:\/\/www.clusteraudiovisual.cat\/es\/#website\"},\"primaryImageOfPage\":{\"@id\":\"https:\/\/www.clusteraudiovisual.cat\/es\/el-cluster-presenta-la-diferencia-multiplica-el-nuevo-plan-de-accion-para-aumentar-la-visibilidad-de-las-mujeres-en-el-cluster-y-en-el-sector\/#primaryimage\"},\"image\":{\"@id\":\"https:\/\/www.clusteraudiovisual.cat\/es\/el-cluster-presenta-la-diferencia-multiplica-el-nuevo-plan-de-accion-para-aumentar-la-visibilidad-de-las-mujeres-en-el-cluster-y-en-el-sector\/#primaryimage\"},\"thumbnailUrl\":\"https:\/\/www.clusteraudiovisual.cat\/wp-content\/uploads\/2024\/03\/2024_Noticia_LaDiferenciaMultiplica.jpg\",\"datePublished\":\"2024-03-27T09:33:29+00:00\",\"author\":{\"@id\":\"https:\/\/www.clusteraudiovisual.cat\/es\/#\/schema\/person\/f584bbf31325897c0bb1c87583f62bdf\"},\"inLanguage\":\"es\",\"potentialAction\":[{\"@type\":\"ReadAction\",\"target\":[\"https:\/\/www.clusteraudiovisual.cat\/es\/el-cluster-presenta-la-diferencia-multiplica-el-nuevo-plan-de-accion-para-aumentar-la-visibilidad-de-las-mujeres-en-el-cluster-y-en-el-sector\/\"]}]},{\"@type\":\"ImageObject\",\"inLanguage\":\"es\",\"@id\":\"https:\/\/www.clusteraudiovisual.cat\/es\/el-cluster-presenta-la-diferencia-multiplica-el-nuevo-plan-de-accion-para-aumentar-la-visibilidad-de-las-mujeres-en-el-cluster-y-en-el-sector\/#primaryimage\",\"url\":\"https:\/\/www.clusteraudiovisual.cat\/wp-content\/uploads\/2024\/03\/2024_Noticia_LaDiferenciaMultiplica.jpg\",\"contentUrl\":\"https:\/\/www.clusteraudiovisual.cat\/wp-content\/uploads\/2024\/03\/2024_Noticia_LaDiferenciaMultiplica.jpg\",\"width\":900,\"height\":675},{\"@type\":\"WebSite\",\"@id\":\"https:\/\/www.clusteraudiovisual.cat\/es\/#website\",\"url\":\"https:\/\/www.clusteraudiovisual.cat\/es\/\",\"name\":\"Cl\u00faster Audiovisual\",\"description\":\"Associaci\u00f3 d&#039;empreses que integren el sector audiovisual.\",\"potentialAction\":[{\"@type\":\"SearchAction\",\"target\":{\"@type\":\"EntryPoint\",\"urlTemplate\":\"https:\/\/www.clusteraudiovisual.cat\/es\/?s={search_term_string}\"},\"query-input\":{\"@type\":\"PropertyValueSpecification\",\"valueRequired\":true,\"valueName\":\"search_term_string\"}}],\"inLanguage\":\"es\"},{\"@type\":\"Person\",\"@id\":\"https:\/\/www.clusteraudiovisual.cat\/es\/#\/schema\/person\/f584bbf31325897c0bb1c87583f62bdf\",\"name\":\"ngrinyo\",\"url\":\"https:\/\/www.clusteraudiovisual.cat\/es\/author\/ngrinyo\/\"}]}<\/script>\n<!-- \/ Yoast SEO plugin. -->","yoast_head_json":{"title":"El Cl\u00faster presenta \u201cLa diferencia multiplica\u201d, el nuevo plan de acci\u00f3n para aumentar la visibilidad de las mujeres en el cl\u00faster y en el sector - Cl\u00faster Audiovisual","robots":{"index":"index","follow":"follow","max-snippet":"max-snippet:-1","max-image-preview":"max-image-preview:large","max-video-preview":"max-video-preview:-1"},"canonical":"https:\/\/www.clusteraudiovisual.cat\/es\/el-cluster-presenta-la-diferencia-multiplica-el-nuevo-plan-de-accion-para-aumentar-la-visibilidad-de-las-mujeres-en-el-cluster-y-en-el-sector\/","og_locale":"es_ES","og_type":"article","og_title":"El Cl\u00faster presenta \u201cLa diferencia multiplica\u201d, el nuevo plan de acci\u00f3n para aumentar la visibilidad de las mujeres en el cl\u00faster y en el sector - Cl\u00faster Audiovisual","og_description":"El pasado mi\u00e9rcoles 20 de marzo tuvo lugar, en la sede de la SGAE, la sesi\u00f3n de lanzamiento de \u201cLa Diferencia multiplica\u201d, el nuevo plan de acci\u00f3n del Cl\u00faster Audiovisual, [&hellip;]","og_url":"https:\/\/www.clusteraudiovisual.cat\/es\/el-cluster-presenta-la-diferencia-multiplica-el-nuevo-plan-de-accion-para-aumentar-la-visibilidad-de-las-mujeres-en-el-cluster-y-en-el-sector\/","og_site_name":"Cl\u00faster Audiovisual","article_published_time":"2024-03-27T09:33:29+00:00","og_image":[{"width":900,"height":675,"url":"https:\/\/www.clusteraudiovisual.cat\/wp-content\/uploads\/2024\/03\/2024_Noticia_LaDiferenciaMultiplica.jpg","type":"image\/jpeg"}],"author":"ngrinyo","twitter_card":"summary_large_image","twitter_misc":{"Escrito por":"ngrinyo","Tiempo de lectura":"3 minutos"},"schema":{"@context":"https:\/\/schema.org","@graph":[{"@type":"Article","@id":"https:\/\/www.clusteraudiovisual.cat\/es\/el-cluster-presenta-la-diferencia-multiplica-el-nuevo-plan-de-accion-para-aumentar-la-visibilidad-de-las-mujeres-en-el-cluster-y-en-el-sector\/#article","isPartOf":{"@id":"https:\/\/www.clusteraudiovisual.cat\/es\/el-cluster-presenta-la-diferencia-multiplica-el-nuevo-plan-de-accion-para-aumentar-la-visibilidad-de-las-mujeres-en-el-cluster-y-en-el-sector\/"},"author":{"name":"ngrinyo","@id":"https:\/\/www.clusteraudiovisual.cat\/es\/#\/schema\/person\/f584bbf31325897c0bb1c87583f62bdf"},"headline":"El Cl\u00faster presenta \u201cLa diferencia multiplica\u201d, el nuevo plan de acci\u00f3n para aumentar la visibilidad de las mujeres en el cl\u00faster y en el sector","datePublished":"2024-03-27T09:33:29+00:00","mainEntityOfPage":{"@id":"https:\/\/www.clusteraudiovisual.cat\/es\/el-cluster-presenta-la-diferencia-multiplica-el-nuevo-plan-de-accion-para-aumentar-la-visibilidad-de-las-mujeres-en-el-cluster-y-en-el-sector\/"},"wordCount":432,"image":{"@id":"https:\/\/www.clusteraudiovisual.cat\/es\/el-cluster-presenta-la-diferencia-multiplica-el-nuevo-plan-de-accion-para-aumentar-la-visibilidad-de-las-mujeres-en-el-cluster-y-en-el-sector\/#primaryimage"},"thumbnailUrl":"https:\/\/www.clusteraudiovisual.cat\/wp-content\/uploads\/2024\/03\/2024_Noticia_LaDiferenciaMultiplica.jpg","articleSection":["Actualidad"],"inLanguage":"es"},{"@type":"WebPage","@id":"https:\/\/www.clusteraudiovisual.cat\/es\/el-cluster-presenta-la-diferencia-multiplica-el-nuevo-plan-de-accion-para-aumentar-la-visibilidad-de-las-mujeres-en-el-cluster-y-en-el-sector\/","url":"https:\/\/www.clusteraudiovisual.cat\/es\/el-cluster-presenta-la-diferencia-multiplica-el-nuevo-plan-de-accion-para-aumentar-la-visibilidad-de-las-mujeres-en-el-cluster-y-en-el-sector\/","name":"El Cl\u00faster presenta \u201cLa diferencia multiplica\u201d, el nuevo plan de acci\u00f3n para aumentar la visibilidad de las mujeres en el cl\u00faster y en el sector - Cl\u00faster Audiovisual","isPartOf":{"@id":"https:\/\/www.clusteraudiovisual.cat\/es\/#website"},"primaryImageOfPage":{"@id":"https:\/\/www.clusteraudiovisual.cat\/es\/el-cluster-presenta-la-diferencia-multiplica-el-nuevo-plan-de-accion-para-aumentar-la-visibilidad-de-las-mujeres-en-el-cluster-y-en-el-sector\/#primaryimage"},"image":{"@id":"https:\/\/www.clusteraudiovisual.cat\/es\/el-cluster-presenta-la-diferencia-multiplica-el-nuevo-plan-de-accion-para-aumentar-la-visibilidad-de-las-mujeres-en-el-cluster-y-en-el-sector\/#primaryimage"},"thumbnailUrl":"https:\/\/www.clusteraudiovisual.cat\/wp-content\/uploads\/2024\/03\/2024_Noticia_LaDiferenciaMultiplica.jpg","datePublished":"2024-03-27T09:33:29+00:00","author":{"@id":"https:\/\/www.clusteraudiovisual.cat\/es\/#\/schema\/person\/f584bbf31325897c0bb1c87583f62bdf"},"inLanguage":"es","potentialAction":[{"@type":"ReadAction","target":["https:\/\/www.clusteraudiovisual.cat\/es\/el-cluster-presenta-la-diferencia-multiplica-el-nuevo-plan-de-accion-para-aumentar-la-visibilidad-de-las-mujeres-en-el-cluster-y-en-el-sector\/"]}]},{"@type":"ImageObject","inLanguage":"es","@id":"https:\/\/www.clusteraudiovisual.cat\/es\/el-cluster-presenta-la-diferencia-multiplica-el-nuevo-plan-de-accion-para-aumentar-la-visibilidad-de-las-mujeres-en-el-cluster-y-en-el-sector\/#primaryimage","url":"https:\/\/www.clusteraudiovisual.cat\/wp-content\/uploads\/2024\/03\/2024_Noticia_LaDiferenciaMultiplica.jpg","contentUrl":"https:\/\/www.clusteraudiovisual.cat\/wp-content\/uploads\/2024\/03\/2024_Noticia_LaDiferenciaMultiplica.jpg","width":900,"height":675},{"@type":"WebSite","@id":"https:\/\/www.clusteraudiovisual.cat\/es\/#website","url":"https:\/\/www.clusteraudiovisual.cat\/es\/","name":"Cl\u00faster Audiovisual","description":"Associaci\u00f3 d&#039;empreses que integren el sector audiovisual.","potentialAction":[{"@type":"SearchAction","target":{"@type":"EntryPoint","urlTemplate":"https:\/\/www.clusteraudiovisual.cat\/es\/?s={search_term_string}"},"query-input":{"@type":"PropertyValueSpecification","valueRequired":true,"valueName":"search_term_string"}}],"inLanguage":"es"},{"@type":"Person","@id":"https:\/\/www.clusteraudiovisual.cat\/es\/#\/schema\/person\/f584bbf31325897c0bb1c87583f62bdf","name":"ngrinyo","url":"https:\/\/www.clusteraudiovisual.cat\/es\/author\/ngrinyo\/"}]}},"_links":{"self":[{"href":"https:\/\/www.clusteraudiovisual.cat\/es\/wp-json\/wp\/v2\/posts\/40282","targetHints":{"allow":["GET"]}}],"collection":[{"href":"https:\/\/www.clusteraudiovisual.cat\/es\/wp-json\/wp\/v2\/posts"}],"about":[{"href":"https:\/\/www.clusteraudiovisual.cat\/es\/wp-json\/wp\/v2\/types\/post"}],"author":[{"embeddable":true,"href":"https:\/\/www.clusteraudiovisual.cat\/es\/wp-json\/wp\/v2\/users\/10"}],"replies":[{"embeddable":true,"href":"https:\/\/www.clusteraudiovisual.cat\/es\/wp-json\/wp\/v2\/comments?post=40282"}],"version-history":[{"count":2,"href":"https:\/\/www.clusteraudiovisual.cat\/es\/wp-json\/wp\/v2\/posts\/40282\/revisions"}],"predecessor-version":[{"id":40285,"href":"https:\/\/www.clusteraudiovisual.cat\/es\/wp-json\/wp\/v2\/posts\/40282\/revisions\/40285"}],"wp:featuredmedia":[{"embeddable":true,"href":"https:\/\/www.clusteraudiovisual.cat\/es\/wp-json\/wp\/v2\/media\/40275"}],"wp:attachment":[{"href":"https:\/\/www.clusteraudiovisual.cat\/es\/wp-json\/wp\/v2\/media?parent=40282"}],"wp:term":[{"taxonomy":"category","embeddable":true,"href":"https:\/\/www.clusteraudiovisual.cat\/es\/wp-json\/wp\/v2\/categories?post=40282"},{"taxonomy":"post_tag","embeddable":true,"href":"https:\/\/www.clusteraudiovisual.cat\/es\/wp-json\/wp\/v2\/tags?post=40282"}],"curies":[{"name":"wp","href":"https:\/\/api.w.org\/{rel}","templated":true}]}}