{"id":39738,"date":"2024-01-26T12:29:34","date_gmt":"2024-01-26T11:29:34","guid":{"rendered":"https:\/\/www.clusteraudiovisual.cat\/?p=39738"},"modified":"2024-01-30T12:37:59","modified_gmt":"2024-01-30T11:37:59","slug":"las-empresas-socias-y-el-cluster-presentes-en-la-feria-ise-2024","status":"publish","type":"post","link":"https:\/\/www.clusteraudiovisual.cat\/es\/las-empresas-socias-y-el-cluster-presentes-en-la-feria-ise-2024\/","title":{"rendered":"Las empresas socias y el Cl\u00faster presentes en la Feria ISE 2024"},"content":{"rendered":"<p>La feria audiovisual m\u00e1s grande del mundo, se celebra su vig\u00e9simo aniversario en esta edici\u00f3n que tendr\u00e1 lugar del 30 de enero al 2 de febrero en Fira Barcelona Gran Via. El Cl\u00faster Audiovisual de Catalunya colabora con ISE desde el a\u00f1o 2019, cuando la feria se traslad\u00f3 a Barcelona procedente de \u00c1msterdam. El Cl\u00faster act\u00faa como agente conector de la feria con la industria y las instituciones catalanas.<\/p>\n<p>Este a\u00f1o, el Cl\u00faster Audiovisual de Catalu\u00f1a est\u00e1 presente en la feria en el marco del Catalonia Pavilion de la Generalidad de Catalu\u00f1a (CS100 &#8211; Congress Square) y en el stand compartido con el Ayuntamiento de Barcelona\u00a0Barcelona (CS224 &#8211; Congress Square).<\/p>\n<p>&nbsp;<\/p>\n<p>Algunas empresas socias del Cl\u00faster exponen experiencias y soluciones audiovisuales \u00fanicas, como:<\/p>\n<p><strong><a href=\"https:\/\/www.sono.es\/\">Sono<\/a> <\/strong>(4D330 &#8211; Pabell\u00f3n 4): con sede en Barcelona, Sono es la empresa de referencia en servicios audiovisuales, con soluciones integrales para eventos, proyectos de integraci\u00f3n y muse\u00edsticos, escenarios e instalaciones audiovisuales permanentes. En la edici\u00f3n 2024 del ISE, Sono presenta la instalaci\u00f3n estrella del vig\u00e9simo aniversario de la feria: la mayor pantalla LED invisible de Europa. Con 193 metros cuadrados, esta pantalla estar\u00e1 situada en el Acceso Sur de Fira de Barcelona Gran V\u00eda y se convertir\u00e1 en una instalaci\u00f3n permanente. Entre otros, la pantalla emitir\u00e1 el espect\u00e1culo <em>Bee Barcelona<\/em>, del artista digital Jeroen van der Most. Ser\u00e1 el mi\u00e9rcoles 31 de enero a las 12:30 ya las 19:00 en el acceso Sur de la Fira.<\/p>\n<p><strong><a href=\"https:\/\/www.epson.eu\/verticals\/installation-projectors\">Epson<\/a> <\/strong>(3J100 &#8211; Pabell\u00f3n 3): el mayor fabricante mundial de proyectores presentar\u00e1 una proyecci\u00f3n inmersiva desarrollada a partir de la \u00faltima tecnolog\u00eda de la compa\u00f1\u00eda. En la proyecci\u00f3n, un enorme paraguas se despliega para dar lugar a una cascada multicolor, que quiere recordar algunas de las festividades m\u00e1s ic\u00f3nicas del mundo (las fiestas de Gr\u00e0cia en Barcelona; el A\u00f1o Nuevo chino; los festivales japoneses Tango No Sekku, Kodomo -no-hi (D\u00eda del Ni\u00f1o) y Cherry Blossom; el festival portugu\u00e9s Agit\u00c1gueda Art; el festival de fuegos artificiales de Busan; o el festival tailand\u00e9s Yi Peng &amp; Loy Krathong). Adem\u00e1s, Epson mostrar\u00e1 c\u00f3mo utiliza su tecnolog\u00eda para impulsar todo el potencial transformador de la proyecci\u00f3n en educaci\u00f3n, retail o \u00e1mbito corporativo.<\/p>\n<p><strong><a href=\"https:\/\/eyesbergstudio.com\/\">Eyesberg<\/a> <\/strong>(CS100 &#8211; Catalonia Pavilion): estudio de arte multimedia con sede en Barcelona especializado en la transformaci\u00f3n de entornos en obras de arte interactivas e inmersivas. Presentan <em>1,5 grados<\/em>, una adaptaci\u00f3n de una experiencia inmersiva que quiere hacer reflexionar sobre el cambio clim\u00e1tico y la importancia de los glaciares, de los que depende la estabilidad que necesita la vida en la Tierra. Eyesberg ha colaborado con La Fura dels Baus en varias ocasiones as\u00ed como con el Gran Teatro del Liceo en la producci\u00f3n <em>Turandot<\/em>.<\/p>\n<p><strong><a href=\"https:\/\/eu.connect.panasonic.com\/gb\/en\/product-groups\/visual-system-solutions-projectors\">Panasonic<\/a> <\/strong>(3J500 &#8211; Pabell\u00f3n 3): Panasonic Connect Europe es una divisi\u00f3n del Grupo Panasonic centrada en las transacciones comerciales entre empresas (B2B). Invitan a los visitantes a viajar por el cosmos en una experiencia inmersiva con contenido en 4K, donde podr\u00e1n explorar galaxias gracias a sus proyectores ya un globo terr\u00e1queo interactivo. Adem\u00e1s, Panasonic presentar\u00e1 una sala de reuniones inmersiva con proyecci\u00f3n para impulsar la colaboraci\u00f3n, la formaci\u00f3n y el aprendizaje en empresas y la educaci\u00f3n superior.<\/p>\n<p><strong><a href=\"https:\/\/lang-iberia.com\/es\/\">Lang<\/a> <\/strong>(3H500 &#8211; Pabell\u00f3n 3): Lang Iberia es un distribuidor germano-espa\u00f1ol de tecnolog\u00eda para presentaciones visuales. Muestran una amplia gama de productos nuevos e innovadores, incluyendo pantallas, aplicaciones innovadoras en procesamiento de im\u00e1genes as\u00ed como novedades en el campo de los drones. En el Drone Arena (pabell\u00f3n 6), los asistentes podr\u00e1n tener una experiencia pr\u00e1ctica haciendo volar un dron.<\/p>\n<p><strong><a href=\"https:\/\/www.infiled.com\/\">INFiLED<\/a> <\/strong>(3C100 &#8211; Pabell\u00f3n 3): el fabricante global de pantallas LED celebra este a\u00f1o su 15 aniversario y en Barcelona lo hace los d\u00edas 31 de enero y 1 de febrero a las 19h en el INFiLED Barcelona Experience Center (Avenida Diagonal 361, Local 2). En el ISE, adem\u00e1s, la compa\u00f1\u00eda ofrece la posibilidad de experimentar las \u00faltimas innovaciones en tecnolog\u00eda de pantallas LED. Esto incluye demostraciones del portfolio de productos de INFiLED, que incluye los productos m\u00e1s recientes as\u00ed como Infinite Colors y CBSF Technology para ofrecer experiencias visuales incomparables.<\/p>\n<p><br class=\"avia-permanent-lb\" \/>Empresas socias con <strong>stand propio<\/strong>:<\/p>\n<p><strong><a href=\"https:\/\/www.dbaudio.com\/global\/es\/\" target=\"_blank\" rel=\"noopener\">d&amp;b audiotechnik<\/a><\/strong> (7E150 &#8211; Pabell\u00f3n 7 y Audio Demo Rooms E7 &#8211; Pabell\u00f3n 8): presentan una gama de soluciones de audio de nueva generaci\u00f3n, todas debajo de la bandera del est\u00e1ndar MILAN. Estos nuevos productos demuestran la dedicaci\u00f3n de d&amp;b a impulsar la industria con una tecnolog\u00eda a prueba de futuro. Adem\u00e1s, en la Audio Demo Room E7 del pabell\u00f3n 8, los visitantes pueden escuchar de la mano de expertos del sector c\u00f3mo est\u00e1n innovando y explorando el poder del sonido en distintos tipos de proyectos y en un amplio abanico de sectores.<\/p>\n<p><strong><a href=\"https:\/\/www.espronceda.net\/es\/proyectos\/immensiva\/\" target=\"_blank\" rel=\"noopener\">Espronceda<\/a> <\/strong>(4D200 &#8211; Pabell\u00f3n 4): presentan IMMENSIVA, una plataforma internacional para artistas y creativos que trabajan con tecnolog\u00edas avanzadas como VR, AR, AI, sensores y otros muchos.<\/p>\n<p><strong><a href=\"https:\/\/www.watchity.com\/es\/\" target=\"_blank\" rel=\"noopener\">Watchity<\/a> &amp; <a href=\"https:\/\/ebantic.com\/\" target=\"_blank\" rel=\"noopener\">Ebantic<\/a><\/strong> (4H820 &#8211; Pabell\u00f3n 4): Watchity presenta su plataforma de v\u00eddeo engagement, con m\u00e1s funcionalidades y prestaciones orientadas a la comunicaci\u00f3n audiovisual profesional de empresas y entidades. Ebantic presenta las nuevas funcionalidades que incorporan los programas que componen la Suite DAM4cloud. Con especial atenci\u00f3n a Newsportal, un portal web, dise\u00f1ado espec\u00edficamente para medios de comunicaci\u00f3n y empresas que necesitan publicar noticias y eventos de forma din\u00e1mica.<\/p>\n<p><br class=\"avia-permanent-lb\" \/>Empresas socias en el marco del <strong>stand del Ayuntamiento de Barcelona compartido con el Cl\u00faster<\/strong> (CS224 &#8211; Congress Square):<\/p>\n<p><a href=\"https:\/\/blit.studio\/\" target=\"_blank\" rel=\"noopener\"><strong>blit-studio<\/strong><\/a>: Presentan la creaci\u00f3n de contenidos en 3D para pantallas outdoor, \u201cNaked eye 3D advertisements\u201d y c\u00f3mo trabajan la publicidad 3D anam\u00f3rfica.<\/p>\n<p><a href=\"https:\/\/www.lowkeymoves.com\/\" target=\"_blank\" rel=\"noopener\"><strong>LOWKEYMOVES<\/strong><\/a>: presentan su nueva soluci\u00f3n tecnol\u00f3gica, los &#8216;AI Digital Avatars&#8217;, humanos digitales conectados a una IA conversacional capaces de interactuar con los usuarios a trav\u00e9s de la voz en tiempo real, resolviendo sus necesidades de forma eficiente gracias al poder de la Inteligencia Artificial.<\/p>\n<p><strong>OnInOff<\/strong>: <a href=\"https:\/\/www.onionlab.com\/es\/\" target=\"_blank\" rel=\"noopener\">Onionlab<\/a> presenta OnInOff,\u00a0una soluci\u00f3n potente y escalable para dise\u00f1ar interactividad en espacios. Simplifica la captura de objetos y personas en configuraciones de m\u00faltiples c\u00e1maras, permiti\u00e9ndote enfocarte en la creatividad a trav\u00e9s de diversas plataformas de software.<\/p>\n<p><br class=\"avia-permanent-lb\" \/>Empresas socias en el marco del estand del <strong>Catalonia Pavilion<\/strong> (CS100 &#8211; Congress Square):<\/p>\n<p><strong><a href=\"https:\/\/www.blackfish.tv\/\" target=\"_blank\" rel=\"noopener\">Blackfish<\/a><\/strong>: especializados en soluciones t\u00e9cnicas innovadoras, Blackfish ofrece una completa gama de servicios que abastecen desde realizaciones y streamings hasta el montaje y gesti\u00f3n de pantallas LED, mappings, proyecciones e integraci\u00f3n de realidad extendida y aumentada.<\/p>\n<p><a href=\"https:\/\/www.cvc.uab.es\/\" target=\"_blank\" rel=\"noopener\"><strong>Centro de Visi\u00f3n por Computador<\/strong><\/a>: presentan sus proyectos y capacidades de investigaci\u00f3n en visi\u00f3n por computador aplicada a la industria audiovisual.<\/p>\n<p class=\"cvGsUA direction-ltr align-start para-style-body\"><a href=\"https:\/\/egm.studio\/about\/\" target=\"_blank\" rel=\"noopener\"><strong>EGM<\/strong><strong> Studio<\/strong><\/a>:<span data-sheets-root=\"1\" data-sheets-value=\"{&quot;1&quot;:2,&quot;2&quot;:&quot;Es presenten com a empresa creadora de continguts visuals per a grans formats, ho porten fent des de fa anys i ho volen promocionar. Generaci\u00f3 3D, Animaci\u00f3 2D\/3D, Producci\u00f3 i Post-Producci\u00f3 Audiovisual i Realitat Augmentada. Falta m\u00e9s informaci\u00f3.&quot;}\" data-sheets-userformat=\"{&quot;2&quot;:1,&quot;3&quot;:{&quot;1&quot;:0}}\"> empresa creadora de contenidos visuales para grandes formatos. Se puede ver c\u00f3mo trabajan la Generaci\u00f3n 3D, Animaci\u00f3n 2D\/3D, Producci\u00f3n y Post-Producci\u00f3n Audiovisual y Realidad Aumentada.<\/span><\/p>\n<p class=\"cvGsUA direction-ltr align-start para-style-body\"><a href=\"https:\/\/eurecat.org\/\" target=\"_blank\" rel=\"noopener\"><strong>Eurecat<\/strong><\/a>: trabajan en tecnolog\u00edas como la aplicaci\u00f3n de la sensoria para mejorar la sostenibilidad y la conservaci\u00f3n de las estructuras, la inteligencia artificial y la rob\u00f3tica.<\/p>\n<p><a href=\"https:\/\/fluendo.com\/es\/\" target=\"_blank\" rel=\"noopener\"><strong>Fluendo<\/strong><\/a>: presentan sus \u00faltimos desarrollos, entre los que destacan los servicios de consultor\u00eda y el Fluendo Lab, donde se desarrollan sus proyectos de I+D+i. Presentar\u00e1n soluciones innovadoras basadas en el procesamiento de v\u00eddeo, la creaci\u00f3n de contenido interactivo y la mejora de audio, utilizando visi\u00f3n por ordenador basada en IA, c\u00f3decs de nueva generaci\u00f3n y marcos multimedia para dispositivos de punta.<\/p>\n<p class=\"cvGsUA direction-ltr align-start para-style-body\"><a href=\"https:\/\/nrd.es\/\" target=\"_blank\" rel=\"noopener\"><strong>NRDmultimedia<\/strong><\/a>: presentan las soluciones de Vector3, la marca de soluciones de NRD para la automatizaci\u00f3n de televisiones y medios de comunicaci\u00f3n. Destacan las soluciones automatizadas para la producci\u00f3n de contenidos, ingestas y playout multicanal.<\/p>\n<p class=\"cvGsUA direction-ltr align-start para-style-body\"><a href=\"https:\/\/windowsight.com\/\" target=\"_blank\" rel=\"noopener\"><strong>Window<\/strong><strong>S<\/strong><strong>ight<\/strong><\/a>: presentan la soluci\u00f3n para integrar su plataforma en distintos softwares de signage y tienen una instalaci\u00f3n en la Catering Area del Hall 6 con varias pantallas.<\/p>\n<p>&nbsp;<\/p>\n","protected":false},"excerpt":{"rendered":"<p>La feria audiovisual m\u00e1s grande del mundo, se celebra su vig\u00e9simo aniversario en esta edici\u00f3n que tendr\u00e1 lugar del 30 de enero al 2 de febrero en Fira Barcelona Gran [&hellip;]<\/p>\n","protected":false},"author":10,"featured_media":39698,"comment_status":"closed","ping_status":"closed","sticky":false,"template":"","format":"standard","meta":{"_acf_changed":false,"footnotes":""},"categories":[21],"tags":[],"class_list":["post-39738","post","type-post","status-publish","format-standard","has-post-thumbnail","hentry","category-actualidad"],"acf":[],"yoast_head":"<!-- This site is optimized with the Yoast SEO plugin v27.0 - https:\/\/yoast.com\/product\/yoast-seo-wordpress\/ -->\n<title>Las empresas socias y el Cl\u00faster presentes en la Feria ISE 2024 - Cl\u00faster Audiovisual<\/title>\n<meta name=\"robots\" content=\"index, follow, max-snippet:-1, max-image-preview:large, max-video-preview:-1\" \/>\n<link rel=\"canonical\" href=\"https:\/\/www.clusteraudiovisual.cat\/es\/las-empresas-socias-y-el-cluster-presentes-en-la-feria-ise-2024\/\" \/>\n<meta property=\"og:locale\" content=\"es_ES\" \/>\n<meta property=\"og:type\" content=\"article\" \/>\n<meta property=\"og:title\" content=\"Las empresas socias y el Cl\u00faster presentes en la Feria ISE 2024 - Cl\u00faster Audiovisual\" \/>\n<meta property=\"og:description\" content=\"La feria audiovisual m\u00e1s grande del mundo, se celebra su vig\u00e9simo aniversario en esta edici\u00f3n que tendr\u00e1 lugar del 30 de enero al 2 de febrero en Fira Barcelona Gran [&hellip;]\" \/>\n<meta property=\"og:url\" content=\"https:\/\/www.clusteraudiovisual.cat\/es\/las-empresas-socias-y-el-cluster-presentes-en-la-feria-ise-2024\/\" \/>\n<meta property=\"og:site_name\" content=\"Cl\u00faster Audiovisual\" \/>\n<meta property=\"article:published_time\" content=\"2024-01-26T11:29:34+00:00\" \/>\n<meta property=\"article:modified_time\" content=\"2024-01-30T11:37:59+00:00\" \/>\n<meta property=\"og:image\" content=\"https:\/\/www.clusteraudiovisual.cat\/wp-content\/uploads\/2024\/01\/ISE2024_Noticia_Empreses-presents.jpg\" \/>\n\t<meta property=\"og:image:width\" content=\"1200\" \/>\n\t<meta property=\"og:image:height\" content=\"811\" \/>\n\t<meta property=\"og:image:type\" content=\"image\/jpeg\" \/>\n<meta name=\"author\" content=\"ngrinyo\" \/>\n<meta name=\"twitter:card\" content=\"summary_large_image\" \/>\n<meta name=\"twitter:label1\" content=\"Escrito por\" \/>\n\t<meta name=\"twitter:data1\" content=\"ngrinyo\" \/>\n\t<meta name=\"twitter:label2\" content=\"Tiempo de lectura\" \/>\n\t<meta name=\"twitter:data2\" content=\"7 minutos\" \/>\n<script type=\"application\/ld+json\" class=\"yoast-schema-graph\">{\"@context\":\"https:\/\/schema.org\",\"@graph\":[{\"@type\":\"Article\",\"@id\":\"https:\/\/www.clusteraudiovisual.cat\/es\/las-empresas-socias-y-el-cluster-presentes-en-la-feria-ise-2024\/#article\",\"isPartOf\":{\"@id\":\"https:\/\/www.clusteraudiovisual.cat\/es\/las-empresas-socias-y-el-cluster-presentes-en-la-feria-ise-2024\/\"},\"author\":{\"name\":\"ngrinyo\",\"@id\":\"https:\/\/www.clusteraudiovisual.cat\/es\/#\/schema\/person\/f584bbf31325897c0bb1c87583f62bdf\"},\"headline\":\"Las empresas socias y el Cl\u00faster presentes en la Feria ISE 2024\",\"datePublished\":\"2024-01-26T11:29:34+00:00\",\"dateModified\":\"2024-01-30T11:37:59+00:00\",\"mainEntityOfPage\":{\"@id\":\"https:\/\/www.clusteraudiovisual.cat\/es\/las-empresas-socias-y-el-cluster-presentes-en-la-feria-ise-2024\/\"},\"wordCount\":1360,\"image\":{\"@id\":\"https:\/\/www.clusteraudiovisual.cat\/es\/las-empresas-socias-y-el-cluster-presentes-en-la-feria-ise-2024\/#primaryimage\"},\"thumbnailUrl\":\"https:\/\/www.clusteraudiovisual.cat\/wp-content\/uploads\/2024\/01\/ISE2024_Noticia_Empreses-presents.jpg\",\"articleSection\":[\"Actualidad\"],\"inLanguage\":\"es\"},{\"@type\":\"WebPage\",\"@id\":\"https:\/\/www.clusteraudiovisual.cat\/es\/las-empresas-socias-y-el-cluster-presentes-en-la-feria-ise-2024\/\",\"url\":\"https:\/\/www.clusteraudiovisual.cat\/es\/las-empresas-socias-y-el-cluster-presentes-en-la-feria-ise-2024\/\",\"name\":\"Las empresas socias y el Cl\u00faster presentes en la Feria ISE 2024 - Cl\u00faster Audiovisual\",\"isPartOf\":{\"@id\":\"https:\/\/www.clusteraudiovisual.cat\/es\/#website\"},\"primaryImageOfPage\":{\"@id\":\"https:\/\/www.clusteraudiovisual.cat\/es\/las-empresas-socias-y-el-cluster-presentes-en-la-feria-ise-2024\/#primaryimage\"},\"image\":{\"@id\":\"https:\/\/www.clusteraudiovisual.cat\/es\/las-empresas-socias-y-el-cluster-presentes-en-la-feria-ise-2024\/#primaryimage\"},\"thumbnailUrl\":\"https:\/\/www.clusteraudiovisual.cat\/wp-content\/uploads\/2024\/01\/ISE2024_Noticia_Empreses-presents.jpg\",\"datePublished\":\"2024-01-26T11:29:34+00:00\",\"dateModified\":\"2024-01-30T11:37:59+00:00\",\"author\":{\"@id\":\"https:\/\/www.clusteraudiovisual.cat\/es\/#\/schema\/person\/f584bbf31325897c0bb1c87583f62bdf\"},\"inLanguage\":\"es\",\"potentialAction\":[{\"@type\":\"ReadAction\",\"target\":[\"https:\/\/www.clusteraudiovisual.cat\/es\/las-empresas-socias-y-el-cluster-presentes-en-la-feria-ise-2024\/\"]}]},{\"@type\":\"ImageObject\",\"inLanguage\":\"es\",\"@id\":\"https:\/\/www.clusteraudiovisual.cat\/es\/las-empresas-socias-y-el-cluster-presentes-en-la-feria-ise-2024\/#primaryimage\",\"url\":\"https:\/\/www.clusteraudiovisual.cat\/wp-content\/uploads\/2024\/01\/ISE2024_Noticia_Empreses-presents.jpg\",\"contentUrl\":\"https:\/\/www.clusteraudiovisual.cat\/wp-content\/uploads\/2024\/01\/ISE2024_Noticia_Empreses-presents.jpg\",\"width\":1200,\"height\":811},{\"@type\":\"WebSite\",\"@id\":\"https:\/\/www.clusteraudiovisual.cat\/es\/#website\",\"url\":\"https:\/\/www.clusteraudiovisual.cat\/es\/\",\"name\":\"Cl\u00faster Audiovisual\",\"description\":\"Associaci\u00f3 d&#039;empreses que integren el sector audiovisual.\",\"potentialAction\":[{\"@type\":\"SearchAction\",\"target\":{\"@type\":\"EntryPoint\",\"urlTemplate\":\"https:\/\/www.clusteraudiovisual.cat\/es\/?s={search_term_string}\"},\"query-input\":{\"@type\":\"PropertyValueSpecification\",\"valueRequired\":true,\"valueName\":\"search_term_string\"}}],\"inLanguage\":\"es\"},{\"@type\":\"Person\",\"@id\":\"https:\/\/www.clusteraudiovisual.cat\/es\/#\/schema\/person\/f584bbf31325897c0bb1c87583f62bdf\",\"name\":\"ngrinyo\",\"url\":\"https:\/\/www.clusteraudiovisual.cat\/es\/author\/ngrinyo\/\"}]}<\/script>\n<!-- \/ Yoast SEO plugin. -->","yoast_head_json":{"title":"Las empresas socias y el Cl\u00faster presentes en la Feria ISE 2024 - Cl\u00faster Audiovisual","robots":{"index":"index","follow":"follow","max-snippet":"max-snippet:-1","max-image-preview":"max-image-preview:large","max-video-preview":"max-video-preview:-1"},"canonical":"https:\/\/www.clusteraudiovisual.cat\/es\/las-empresas-socias-y-el-cluster-presentes-en-la-feria-ise-2024\/","og_locale":"es_ES","og_type":"article","og_title":"Las empresas socias y el Cl\u00faster presentes en la Feria ISE 2024 - Cl\u00faster Audiovisual","og_description":"La feria audiovisual m\u00e1s grande del mundo, se celebra su vig\u00e9simo aniversario en esta edici\u00f3n que tendr\u00e1 lugar del 30 de enero al 2 de febrero en Fira Barcelona Gran [&hellip;]","og_url":"https:\/\/www.clusteraudiovisual.cat\/es\/las-empresas-socias-y-el-cluster-presentes-en-la-feria-ise-2024\/","og_site_name":"Cl\u00faster Audiovisual","article_published_time":"2024-01-26T11:29:34+00:00","article_modified_time":"2024-01-30T11:37:59+00:00","og_image":[{"width":1200,"height":811,"url":"https:\/\/www.clusteraudiovisual.cat\/wp-content\/uploads\/2024\/01\/ISE2024_Noticia_Empreses-presents.jpg","type":"image\/jpeg"}],"author":"ngrinyo","twitter_card":"summary_large_image","twitter_misc":{"Escrito por":"ngrinyo","Tiempo de lectura":"7 minutos"},"schema":{"@context":"https:\/\/schema.org","@graph":[{"@type":"Article","@id":"https:\/\/www.clusteraudiovisual.cat\/es\/las-empresas-socias-y-el-cluster-presentes-en-la-feria-ise-2024\/#article","isPartOf":{"@id":"https:\/\/www.clusteraudiovisual.cat\/es\/las-empresas-socias-y-el-cluster-presentes-en-la-feria-ise-2024\/"},"author":{"name":"ngrinyo","@id":"https:\/\/www.clusteraudiovisual.cat\/es\/#\/schema\/person\/f584bbf31325897c0bb1c87583f62bdf"},"headline":"Las empresas socias y el Cl\u00faster presentes en la Feria ISE 2024","datePublished":"2024-01-26T11:29:34+00:00","dateModified":"2024-01-30T11:37:59+00:00","mainEntityOfPage":{"@id":"https:\/\/www.clusteraudiovisual.cat\/es\/las-empresas-socias-y-el-cluster-presentes-en-la-feria-ise-2024\/"},"wordCount":1360,"image":{"@id":"https:\/\/www.clusteraudiovisual.cat\/es\/las-empresas-socias-y-el-cluster-presentes-en-la-feria-ise-2024\/#primaryimage"},"thumbnailUrl":"https:\/\/www.clusteraudiovisual.cat\/wp-content\/uploads\/2024\/01\/ISE2024_Noticia_Empreses-presents.jpg","articleSection":["Actualidad"],"inLanguage":"es"},{"@type":"WebPage","@id":"https:\/\/www.clusteraudiovisual.cat\/es\/las-empresas-socias-y-el-cluster-presentes-en-la-feria-ise-2024\/","url":"https:\/\/www.clusteraudiovisual.cat\/es\/las-empresas-socias-y-el-cluster-presentes-en-la-feria-ise-2024\/","name":"Las empresas socias y el Cl\u00faster presentes en la Feria ISE 2024 - Cl\u00faster Audiovisual","isPartOf":{"@id":"https:\/\/www.clusteraudiovisual.cat\/es\/#website"},"primaryImageOfPage":{"@id":"https:\/\/www.clusteraudiovisual.cat\/es\/las-empresas-socias-y-el-cluster-presentes-en-la-feria-ise-2024\/#primaryimage"},"image":{"@id":"https:\/\/www.clusteraudiovisual.cat\/es\/las-empresas-socias-y-el-cluster-presentes-en-la-feria-ise-2024\/#primaryimage"},"thumbnailUrl":"https:\/\/www.clusteraudiovisual.cat\/wp-content\/uploads\/2024\/01\/ISE2024_Noticia_Empreses-presents.jpg","datePublished":"2024-01-26T11:29:34+00:00","dateModified":"2024-01-30T11:37:59+00:00","author":{"@id":"https:\/\/www.clusteraudiovisual.cat\/es\/#\/schema\/person\/f584bbf31325897c0bb1c87583f62bdf"},"inLanguage":"es","potentialAction":[{"@type":"ReadAction","target":["https:\/\/www.clusteraudiovisual.cat\/es\/las-empresas-socias-y-el-cluster-presentes-en-la-feria-ise-2024\/"]}]},{"@type":"ImageObject","inLanguage":"es","@id":"https:\/\/www.clusteraudiovisual.cat\/es\/las-empresas-socias-y-el-cluster-presentes-en-la-feria-ise-2024\/#primaryimage","url":"https:\/\/www.clusteraudiovisual.cat\/wp-content\/uploads\/2024\/01\/ISE2024_Noticia_Empreses-presents.jpg","contentUrl":"https:\/\/www.clusteraudiovisual.cat\/wp-content\/uploads\/2024\/01\/ISE2024_Noticia_Empreses-presents.jpg","width":1200,"height":811},{"@type":"WebSite","@id":"https:\/\/www.clusteraudiovisual.cat\/es\/#website","url":"https:\/\/www.clusteraudiovisual.cat\/es\/","name":"Cl\u00faster Audiovisual","description":"Associaci\u00f3 d&#039;empreses que integren el sector audiovisual.","potentialAction":[{"@type":"SearchAction","target":{"@type":"EntryPoint","urlTemplate":"https:\/\/www.clusteraudiovisual.cat\/es\/?s={search_term_string}"},"query-input":{"@type":"PropertyValueSpecification","valueRequired":true,"valueName":"search_term_string"}}],"inLanguage":"es"},{"@type":"Person","@id":"https:\/\/www.clusteraudiovisual.cat\/es\/#\/schema\/person\/f584bbf31325897c0bb1c87583f62bdf","name":"ngrinyo","url":"https:\/\/www.clusteraudiovisual.cat\/es\/author\/ngrinyo\/"}]}},"_links":{"self":[{"href":"https:\/\/www.clusteraudiovisual.cat\/es\/wp-json\/wp\/v2\/posts\/39738","targetHints":{"allow":["GET"]}}],"collection":[{"href":"https:\/\/www.clusteraudiovisual.cat\/es\/wp-json\/wp\/v2\/posts"}],"about":[{"href":"https:\/\/www.clusteraudiovisual.cat\/es\/wp-json\/wp\/v2\/types\/post"}],"author":[{"embeddable":true,"href":"https:\/\/www.clusteraudiovisual.cat\/es\/wp-json\/wp\/v2\/users\/10"}],"replies":[{"embeddable":true,"href":"https:\/\/www.clusteraudiovisual.cat\/es\/wp-json\/wp\/v2\/comments?post=39738"}],"version-history":[{"count":3,"href":"https:\/\/www.clusteraudiovisual.cat\/es\/wp-json\/wp\/v2\/posts\/39738\/revisions"}],"predecessor-version":[{"id":39741,"href":"https:\/\/www.clusteraudiovisual.cat\/es\/wp-json\/wp\/v2\/posts\/39738\/revisions\/39741"}],"wp:featuredmedia":[{"embeddable":true,"href":"https:\/\/www.clusteraudiovisual.cat\/es\/wp-json\/wp\/v2\/media\/39698"}],"wp:attachment":[{"href":"https:\/\/www.clusteraudiovisual.cat\/es\/wp-json\/wp\/v2\/media?parent=39738"}],"wp:term":[{"taxonomy":"category","embeddable":true,"href":"https:\/\/www.clusteraudiovisual.cat\/es\/wp-json\/wp\/v2\/categories?post=39738"},{"taxonomy":"post_tag","embeddable":true,"href":"https:\/\/www.clusteraudiovisual.cat\/es\/wp-json\/wp\/v2\/tags?post=39738"}],"curies":[{"name":"wp","href":"https:\/\/api.w.org\/{rel}","templated":true}]}}