{"id":12847,"date":"2021-04-12T14:20:36","date_gmt":"2021-04-12T14:20:36","guid":{"rendered":"https:\/\/www.clusteraudiovisual.cat\/?p=12847"},"modified":"2022-09-01T12:07:46","modified_gmt":"2022-09-01T12:07:46","slug":"pitching-internacional-talento-abierto","status":"publish","type":"post","link":"https:\/\/www.clusteraudiovisual.cat\/es\/pitching-internacional-talento-abierto\/","title":{"rendered":"Pitching Internacional Talento Abierto"},"content":{"rendered":"<p>El pasado lunes d\u00eda 22 de marzo el Cl\u00faster Audiovisual de Catalu\u00f1a celebr\u00f3 el primer Pitching Internacional Talent Abierto en formato h\u00edbrido, emitido en streaming desde Barcelona y con la participaci\u00f3n de profesionales y productoras audiovisuales de B\u00e9lgica, Canad\u00e1, Italia, Reino Unido y Francia . Entre ellas destacan algunas como Kinomada (Qu\u00e9bec) o ALIEF Films (Reino Unido), responsables de obras de autor seleccionadas a varios festivales reconocidos a nivel mundial, tales como SXSW, el Festival de M\u00e1laga, el TIFF (Festival de Cine Internacional de Toronto), o el Festival de Sitges. El acto fue <strong>moderado por David Matamoros,<\/strong> conocido productor ganador de varios Oscar y tambi\u00e9n mentor del programa.<\/p>\n<p>Los proyectos presentados provienen de 4 universidades diferentes (La Salle, UAB, UPF y Blanquerna) y compitieron previamente en el Pitching Audiovisual Universidad-Industria en las categor\u00edas de ficci\u00f3n (dos de imagen real y dos de animaci\u00f3n), no ficci\u00f3n y formatos de televisi\u00f3n. As\u00ed pues, los y las j\u00f3venes responsables de los l<strong>os proyectos Tripple Nipple, El escudo de Sherwood, 11, Identidad Digital, Ergas\u00eda, Part of You y Meet the Star<\/strong> los expusieron ante este panel de productoras audiovisuales internacionales. Los profesionales participantes establecieron v\u00ednculos con proyectos similares en sus respectivos pa\u00edses de origen y coincidieron en destacar el alt\u00edsimo nivel de las presentaciones y su inter\u00e9s para la industria internacional, dando lugar a una valoraci\u00f3n general muy positiva.<\/p>\n<p>Talento Abierto es un programa de mentorizaci\u00f3n para proyectos participantes del Pitching Audiovisual Universidad &#8211; Industria con especial potencial para los mercados nacional e internacional. Despu\u00e9s de un proceso de formaci\u00f3n para la mejora de dichos proyectos, el programa concluye con el Pitching Internacional, hasta ahora celebrado de forma presencial en los plat\u00f3s de las corresponsal\u00edas internacionales en Bruselas, que este a\u00f1o alcanza una mayor proyecci\u00f3n gracias a las tecnolog\u00edas digitales.<\/p>\n<p>Con el apoyo de:<\/p>\n<p><img loading=\"lazy\" decoding=\"async\" class=\"alignnone size-medium wp-image-12747\" src=\"https:\/\/www.clusteraudiovisual.cat\/wp-content\/uploads\/2021\/03\/Logo-Accio-1-300x97.jpg\" alt=\"\" width=\"300\" height=\"97\" srcset=\"https:\/\/www.clusteraudiovisual.cat\/wp-content\/uploads\/2021\/03\/Logo-Accio-1-300x97.jpg 300w, https:\/\/www.clusteraudiovisual.cat\/wp-content\/uploads\/2021\/03\/Logo-Accio-1.jpg 621w\" sizes=\"auto, (max-width: 300px) 100vw, 300px\" \/><\/p>\n","protected":false},"excerpt":{"rendered":"<p>El pasado lunes d\u00eda 22 de marzo el Cl\u00faster Audiovisual de Catalu\u00f1a celebr\u00f3 el primer Pitching Internacional Talent Abierto en formato h\u00edbrido, emitido en streaming desde Barcelona y con la [&hellip;]<\/p>\n","protected":false},"author":5,"featured_media":24012,"comment_status":"closed","ping_status":"open","sticky":false,"template":"","format":"standard","meta":{"_acf_changed":false,"footnotes":""},"categories":[21],"tags":[],"class_list":["post-12847","post","type-post","status-publish","format-standard","has-post-thumbnail","hentry","category-actualidad"],"acf":[],"yoast_head":"<!-- This site is optimized with the Yoast SEO plugin v27.0 - https:\/\/yoast.com\/product\/yoast-seo-wordpress\/ -->\n<title>Pitching Internacional Talento Abierto - Cl\u00faster Audiovisual<\/title>\n<meta name=\"robots\" content=\"index, follow, max-snippet:-1, max-image-preview:large, max-video-preview:-1\" \/>\n<link rel=\"canonical\" href=\"https:\/\/www.clusteraudiovisual.cat\/es\/pitching-internacional-talento-abierto\/\" \/>\n<meta property=\"og:locale\" content=\"es_ES\" \/>\n<meta property=\"og:type\" content=\"article\" \/>\n<meta property=\"og:title\" content=\"Pitching Internacional Talento Abierto - Cl\u00faster Audiovisual\" \/>\n<meta property=\"og:description\" content=\"El pasado lunes d\u00eda 22 de marzo el Cl\u00faster Audiovisual de Catalu\u00f1a celebr\u00f3 el primer Pitching Internacional Talent Abierto en formato h\u00edbrido, emitido en streaming desde Barcelona y con la [&hellip;]\" \/>\n<meta property=\"og:url\" content=\"https:\/\/www.clusteraudiovisual.cat\/es\/pitching-internacional-talento-abierto\/\" \/>\n<meta property=\"og:site_name\" content=\"Cl\u00faster Audiovisual\" \/>\n<meta property=\"article:published_time\" content=\"2021-04-12T14:20:36+00:00\" \/>\n<meta property=\"article:modified_time\" content=\"2022-09-01T12:07:46+00:00\" \/>\n<meta property=\"og:image\" content=\"https:\/\/www.clusteraudiovisual.cat\/wp-content\/uploads\/2021\/03\/Noticia_2021_PitchingInternacionalTalentObert.jpg\" \/>\n\t<meta property=\"og:image:width\" content=\"1200\" \/>\n\t<meta property=\"og:image:height\" content=\"650\" \/>\n\t<meta property=\"og:image:type\" content=\"image\/jpeg\" \/>\n<meta name=\"author\" content=\"evillacampa\" \/>\n<meta name=\"twitter:card\" content=\"summary_large_image\" \/>\n<meta name=\"twitter:label1\" content=\"Escrito por\" \/>\n\t<meta name=\"twitter:data1\" content=\"evillacampa\" \/>\n\t<meta name=\"twitter:label2\" content=\"Tiempo de lectura\" \/>\n\t<meta name=\"twitter:data2\" content=\"2 minutos\" \/>\n<script type=\"application\/ld+json\" class=\"yoast-schema-graph\">{\"@context\":\"https:\/\/schema.org\",\"@graph\":[{\"@type\":\"Article\",\"@id\":\"https:\/\/www.clusteraudiovisual.cat\/es\/pitching-internacional-talento-abierto\/#article\",\"isPartOf\":{\"@id\":\"https:\/\/www.clusteraudiovisual.cat\/es\/pitching-internacional-talento-abierto\/\"},\"author\":{\"name\":\"evillacampa\",\"@id\":\"https:\/\/www.clusteraudiovisual.cat\/es\/#\/schema\/person\/69fae4e6162ee64b05e3d1ccd968a866\"},\"headline\":\"Pitching Internacional Talento Abierto\",\"datePublished\":\"2021-04-12T14:20:36+00:00\",\"dateModified\":\"2022-09-01T12:07:46+00:00\",\"mainEntityOfPage\":{\"@id\":\"https:\/\/www.clusteraudiovisual.cat\/es\/pitching-internacional-talento-abierto\/\"},\"wordCount\":329,\"image\":{\"@id\":\"https:\/\/www.clusteraudiovisual.cat\/es\/pitching-internacional-talento-abierto\/#primaryimage\"},\"thumbnailUrl\":\"https:\/\/www.clusteraudiovisual.cat\/wp-content\/uploads\/2021\/03\/Noticia_2021_PitchingInternacionalTalentObert.jpg\",\"articleSection\":[\"Actualidad\"],\"inLanguage\":\"es\"},{\"@type\":\"WebPage\",\"@id\":\"https:\/\/www.clusteraudiovisual.cat\/es\/pitching-internacional-talento-abierto\/\",\"url\":\"https:\/\/www.clusteraudiovisual.cat\/es\/pitching-internacional-talento-abierto\/\",\"name\":\"Pitching Internacional Talento Abierto - Cl\u00faster Audiovisual\",\"isPartOf\":{\"@id\":\"https:\/\/www.clusteraudiovisual.cat\/es\/#website\"},\"primaryImageOfPage\":{\"@id\":\"https:\/\/www.clusteraudiovisual.cat\/es\/pitching-internacional-talento-abierto\/#primaryimage\"},\"image\":{\"@id\":\"https:\/\/www.clusteraudiovisual.cat\/es\/pitching-internacional-talento-abierto\/#primaryimage\"},\"thumbnailUrl\":\"https:\/\/www.clusteraudiovisual.cat\/wp-content\/uploads\/2021\/03\/Noticia_2021_PitchingInternacionalTalentObert.jpg\",\"datePublished\":\"2021-04-12T14:20:36+00:00\",\"dateModified\":\"2022-09-01T12:07:46+00:00\",\"author\":{\"@id\":\"https:\/\/www.clusteraudiovisual.cat\/es\/#\/schema\/person\/69fae4e6162ee64b05e3d1ccd968a866\"},\"inLanguage\":\"es\",\"potentialAction\":[{\"@type\":\"ReadAction\",\"target\":[\"https:\/\/www.clusteraudiovisual.cat\/es\/pitching-internacional-talento-abierto\/\"]}]},{\"@type\":\"ImageObject\",\"inLanguage\":\"es\",\"@id\":\"https:\/\/www.clusteraudiovisual.cat\/es\/pitching-internacional-talento-abierto\/#primaryimage\",\"url\":\"https:\/\/www.clusteraudiovisual.cat\/wp-content\/uploads\/2021\/03\/Noticia_2021_PitchingInternacionalTalentObert.jpg\",\"contentUrl\":\"https:\/\/www.clusteraudiovisual.cat\/wp-content\/uploads\/2021\/03\/Noticia_2021_PitchingInternacionalTalentObert.jpg\",\"width\":1200,\"height\":650},{\"@type\":\"WebSite\",\"@id\":\"https:\/\/www.clusteraudiovisual.cat\/es\/#website\",\"url\":\"https:\/\/www.clusteraudiovisual.cat\/es\/\",\"name\":\"Cl\u00faster Audiovisual\",\"description\":\"Associaci\u00f3 d&#039;empreses que integren el sector audiovisual.\",\"potentialAction\":[{\"@type\":\"SearchAction\",\"target\":{\"@type\":\"EntryPoint\",\"urlTemplate\":\"https:\/\/www.clusteraudiovisual.cat\/es\/?s={search_term_string}\"},\"query-input\":{\"@type\":\"PropertyValueSpecification\",\"valueRequired\":true,\"valueName\":\"search_term_string\"}}],\"inLanguage\":\"es\"},{\"@type\":\"Person\",\"@id\":\"https:\/\/www.clusteraudiovisual.cat\/es\/#\/schema\/person\/69fae4e6162ee64b05e3d1ccd968a866\",\"name\":\"evillacampa\",\"url\":\"https:\/\/www.clusteraudiovisual.cat\/es\/author\/evillacampa\/\"}]}<\/script>\n<!-- \/ Yoast SEO plugin. -->","yoast_head_json":{"title":"Pitching Internacional Talento Abierto - Cl\u00faster Audiovisual","robots":{"index":"index","follow":"follow","max-snippet":"max-snippet:-1","max-image-preview":"max-image-preview:large","max-video-preview":"max-video-preview:-1"},"canonical":"https:\/\/www.clusteraudiovisual.cat\/es\/pitching-internacional-talento-abierto\/","og_locale":"es_ES","og_type":"article","og_title":"Pitching Internacional Talento Abierto - Cl\u00faster Audiovisual","og_description":"El pasado lunes d\u00eda 22 de marzo el Cl\u00faster Audiovisual de Catalu\u00f1a celebr\u00f3 el primer Pitching Internacional Talent Abierto en formato h\u00edbrido, emitido en streaming desde Barcelona y con la [&hellip;]","og_url":"https:\/\/www.clusteraudiovisual.cat\/es\/pitching-internacional-talento-abierto\/","og_site_name":"Cl\u00faster Audiovisual","article_published_time":"2021-04-12T14:20:36+00:00","article_modified_time":"2022-09-01T12:07:46+00:00","og_image":[{"width":1200,"height":650,"url":"https:\/\/www.clusteraudiovisual.cat\/wp-content\/uploads\/2021\/03\/Noticia_2021_PitchingInternacionalTalentObert.jpg","type":"image\/jpeg"}],"author":"evillacampa","twitter_card":"summary_large_image","twitter_misc":{"Escrito por":"evillacampa","Tiempo de lectura":"2 minutos"},"schema":{"@context":"https:\/\/schema.org","@graph":[{"@type":"Article","@id":"https:\/\/www.clusteraudiovisual.cat\/es\/pitching-internacional-talento-abierto\/#article","isPartOf":{"@id":"https:\/\/www.clusteraudiovisual.cat\/es\/pitching-internacional-talento-abierto\/"},"author":{"name":"evillacampa","@id":"https:\/\/www.clusteraudiovisual.cat\/es\/#\/schema\/person\/69fae4e6162ee64b05e3d1ccd968a866"},"headline":"Pitching Internacional Talento Abierto","datePublished":"2021-04-12T14:20:36+00:00","dateModified":"2022-09-01T12:07:46+00:00","mainEntityOfPage":{"@id":"https:\/\/www.clusteraudiovisual.cat\/es\/pitching-internacional-talento-abierto\/"},"wordCount":329,"image":{"@id":"https:\/\/www.clusteraudiovisual.cat\/es\/pitching-internacional-talento-abierto\/#primaryimage"},"thumbnailUrl":"https:\/\/www.clusteraudiovisual.cat\/wp-content\/uploads\/2021\/03\/Noticia_2021_PitchingInternacionalTalentObert.jpg","articleSection":["Actualidad"],"inLanguage":"es"},{"@type":"WebPage","@id":"https:\/\/www.clusteraudiovisual.cat\/es\/pitching-internacional-talento-abierto\/","url":"https:\/\/www.clusteraudiovisual.cat\/es\/pitching-internacional-talento-abierto\/","name":"Pitching Internacional Talento Abierto - Cl\u00faster Audiovisual","isPartOf":{"@id":"https:\/\/www.clusteraudiovisual.cat\/es\/#website"},"primaryImageOfPage":{"@id":"https:\/\/www.clusteraudiovisual.cat\/es\/pitching-internacional-talento-abierto\/#primaryimage"},"image":{"@id":"https:\/\/www.clusteraudiovisual.cat\/es\/pitching-internacional-talento-abierto\/#primaryimage"},"thumbnailUrl":"https:\/\/www.clusteraudiovisual.cat\/wp-content\/uploads\/2021\/03\/Noticia_2021_PitchingInternacionalTalentObert.jpg","datePublished":"2021-04-12T14:20:36+00:00","dateModified":"2022-09-01T12:07:46+00:00","author":{"@id":"https:\/\/www.clusteraudiovisual.cat\/es\/#\/schema\/person\/69fae4e6162ee64b05e3d1ccd968a866"},"inLanguage":"es","potentialAction":[{"@type":"ReadAction","target":["https:\/\/www.clusteraudiovisual.cat\/es\/pitching-internacional-talento-abierto\/"]}]},{"@type":"ImageObject","inLanguage":"es","@id":"https:\/\/www.clusteraudiovisual.cat\/es\/pitching-internacional-talento-abierto\/#primaryimage","url":"https:\/\/www.clusteraudiovisual.cat\/wp-content\/uploads\/2021\/03\/Noticia_2021_PitchingInternacionalTalentObert.jpg","contentUrl":"https:\/\/www.clusteraudiovisual.cat\/wp-content\/uploads\/2021\/03\/Noticia_2021_PitchingInternacionalTalentObert.jpg","width":1200,"height":650},{"@type":"WebSite","@id":"https:\/\/www.clusteraudiovisual.cat\/es\/#website","url":"https:\/\/www.clusteraudiovisual.cat\/es\/","name":"Cl\u00faster Audiovisual","description":"Associaci\u00f3 d&#039;empreses que integren el sector audiovisual.","potentialAction":[{"@type":"SearchAction","target":{"@type":"EntryPoint","urlTemplate":"https:\/\/www.clusteraudiovisual.cat\/es\/?s={search_term_string}"},"query-input":{"@type":"PropertyValueSpecification","valueRequired":true,"valueName":"search_term_string"}}],"inLanguage":"es"},{"@type":"Person","@id":"https:\/\/www.clusteraudiovisual.cat\/es\/#\/schema\/person\/69fae4e6162ee64b05e3d1ccd968a866","name":"evillacampa","url":"https:\/\/www.clusteraudiovisual.cat\/es\/author\/evillacampa\/"}]}},"_links":{"self":[{"href":"https:\/\/www.clusteraudiovisual.cat\/es\/wp-json\/wp\/v2\/posts\/12847","targetHints":{"allow":["GET"]}}],"collection":[{"href":"https:\/\/www.clusteraudiovisual.cat\/es\/wp-json\/wp\/v2\/posts"}],"about":[{"href":"https:\/\/www.clusteraudiovisual.cat\/es\/wp-json\/wp\/v2\/types\/post"}],"author":[{"embeddable":true,"href":"https:\/\/www.clusteraudiovisual.cat\/es\/wp-json\/wp\/v2\/users\/5"}],"replies":[{"embeddable":true,"href":"https:\/\/www.clusteraudiovisual.cat\/es\/wp-json\/wp\/v2\/comments?post=12847"}],"version-history":[{"count":0,"href":"https:\/\/www.clusteraudiovisual.cat\/es\/wp-json\/wp\/v2\/posts\/12847\/revisions"}],"wp:featuredmedia":[{"embeddable":true,"href":"https:\/\/www.clusteraudiovisual.cat\/es\/wp-json\/wp\/v2\/media\/24012"}],"wp:attachment":[{"href":"https:\/\/www.clusteraudiovisual.cat\/es\/wp-json\/wp\/v2\/media?parent=12847"}],"wp:term":[{"taxonomy":"category","embeddable":true,"href":"https:\/\/www.clusteraudiovisual.cat\/es\/wp-json\/wp\/v2\/categories?post=12847"},{"taxonomy":"post_tag","embeddable":true,"href":"https:\/\/www.clusteraudiovisual.cat\/es\/wp-json\/wp\/v2\/tags?post=12847"}],"curies":[{"name":"wp","href":"https:\/\/api.w.org\/{rel}","templated":true}]}}