{"id":5901,"date":"2014-07-03T15:42:18","date_gmt":"2014-07-03T15:42:18","guid":{"rendered":"https:\/\/www.clusteraudiovisual.cat\/conveni-amb-la-fundacio-universitaria-balmes\/"},"modified":"2014-07-03T15:42:18","modified_gmt":"2014-07-03T15:42:18","slug":"conveni-amb-la-fundacio-universitaria-balmes","status":"publish","type":"post","link":"https:\/\/www.clusteraudiovisual.cat\/en\/conveni-amb-la-fundacio-universitaria-balmes\/","title":{"rendered":"Collaboration With the Balmes University Foundation"},"content":{"rendered":"<p>The Catalan Audio-Visual Cluster has signed a collaboration framework agreement with the Balmes University Foundation, owner of the <a href=\"http:\/\/teknos.cat\/\">Tekn\u00f3s centre<\/a>\u00a0and the <a href=\"http:\/\/www.uvic.es\/\">Vic-UCC<\/a> University, aimed at encouraging collaboration in teaching, research, transfer, technology and innovation.<\/p>\n<p>The agreement comes just a few months after last May\u2019s inauguration, in the city of Vic, of the Tekn\u00f3s Training Centre in Technology and Communication and it formalizes the opening of new channels for cooperation between the university and businesses in the audio-visual sector.<\/p>\n<p>Through the Faculty of Business and Communication and the Polytechnic School, the University of Vic-Central University of Catalonia joins the group of academic institutions connected to the Audio-Visual Cluster.<\/p>\n<p>This agreement promotes the establishment of collaborative academic and research activities, the development of collaborative studies, and the execution of projects of mutual interest. Moreover, it strengthens the training of Vic-UCC University students by providing students with work experience, development of undergratuate and Master\u2019s projects, and the profesional training of the Tekn\u00f3s students in companies that form part of the Cluster.<\/p>\n<p>Present at the signing event were Josep Terradellas, the FUB general secretary, acting on behalf of general manager Joan Turr\u00f3; Xavier Guitart, president of the Catalan Audio-Visual Cluster; Joan Ros\u00e9s, Cluster manager, and Jordi Monta\u00f1a, rector of\u00a0 Uvic-UCC. Also present at the signing were N\u00faria Barniol, manager of the Profesional Careers Service, Merc\u00e8 Chac\u00f3n, the Tekn\u00f3s coordinator, and Anna Paloma, coordinator of the FEC communication studies.<\/p>\n<p>During the signing, rector Jordi Monta\u00f1a urged Tekn\u00f3s, the Faculty of Business and Communication, and the Polytechnic School to work closely with the Cluster, since they offer academic programs related to the audio-visual and technological field. In turn, Xavier Guitart declared that \u201cone of Cluster\u2019s priorities is to strengthen contact with universities\u201d, and added that \u201cat this moment the audio-visual sector is undergoing spectacular growth, since it must provide the entire digital realm with new content and technology, and therefore the relationship with young, trained, and specialized university and pre-university students, is extremely strategic.\u201d<\/p>\n","protected":false},"excerpt":{"rendered":"<p>The Catalan Audio-Visual Cluster has signed a collaboration framework agreement with the Balmes University Foundation, owner of the Tekn\u00f3s&#8230;<\/p>\n","protected":false},"author":1,"featured_media":3952,"comment_status":"open","ping_status":"open","sticky":false,"template":"","format":"standard","meta":{"_acf_changed":false,"footnotes":""},"categories":[20],"tags":[],"class_list":["post-5901","post","type-post","status-publish","format-standard","has-post-thumbnail","hentry","category-whatsnew"],"acf":[],"yoast_head":"<!-- This site is optimized with the Yoast SEO plugin v27.0 - https:\/\/yoast.com\/product\/yoast-seo-wordpress\/ -->\n<title>Collaboration With the Balmes University Foundation - Cl\u00faster Audiovisual<\/title>\n<meta name=\"robots\" content=\"index, follow, max-snippet:-1, max-image-preview:large, max-video-preview:-1\" \/>\n<link rel=\"canonical\" href=\"https:\/\/www.clusteraudiovisual.cat\/en\/conveni-amb-la-fundacio-universitaria-balmes\/\" \/>\n<meta property=\"og:locale\" content=\"en_US\" \/>\n<meta property=\"og:type\" content=\"article\" \/>\n<meta property=\"og:title\" content=\"Collaboration With the Balmes University Foundation - Cl\u00faster Audiovisual\" \/>\n<meta property=\"og:description\" content=\"The Catalan Audio-Visual Cluster has signed a collaboration framework agreement with the Balmes University Foundation, owner of the Tekn\u00f3s...\" \/>\n<meta property=\"og:url\" content=\"https:\/\/www.clusteraudiovisual.cat\/en\/conveni-amb-la-fundacio-universitaria-balmes\/\" \/>\n<meta property=\"og:site_name\" content=\"Cl\u00faster Audiovisual\" \/>\n<meta property=\"article:published_time\" content=\"2014-07-03T15:42:18+00:00\" \/>\n<meta property=\"og:image\" content=\"https:\/\/www.clusteraudiovisual.cat\/wp-content\/uploads\/2021\/02\/Conveni_VIC_03_07_2014_x380alt.jpg\" \/>\n\t<meta property=\"og:image:width\" content=\"570\" \/>\n\t<meta property=\"og:image:height\" content=\"380\" \/>\n\t<meta property=\"og:image:type\" content=\"image\/jpeg\" \/>\n<meta name=\"author\" content=\"admin\" \/>\n<meta name=\"twitter:card\" content=\"summary_large_image\" \/>\n<meta name=\"twitter:label1\" content=\"Written by\" \/>\n\t<meta name=\"twitter:data1\" content=\"admin\" \/>\n\t<meta name=\"twitter:label2\" content=\"Est. reading time\" \/>\n\t<meta name=\"twitter:data2\" content=\"2 minutes\" \/>\n<script type=\"application\/ld+json\" class=\"yoast-schema-graph\">{\"@context\":\"https:\/\/schema.org\",\"@graph\":[{\"@type\":\"Article\",\"@id\":\"https:\/\/www.clusteraudiovisual.cat\/en\/conveni-amb-la-fundacio-universitaria-balmes\/#article\",\"isPartOf\":{\"@id\":\"https:\/\/www.clusteraudiovisual.cat\/en\/conveni-amb-la-fundacio-universitaria-balmes\/\"},\"author\":{\"name\":\"admin\",\"@id\":\"https:\/\/www.clusteraudiovisual.cat\/en\/#\/schema\/person\/23e1e732da72779cfc4fd7842583d17d\"},\"headline\":\"Collaboration With the Balmes University Foundation\",\"datePublished\":\"2014-07-03T15:42:18+00:00\",\"mainEntityOfPage\":{\"@id\":\"https:\/\/www.clusteraudiovisual.cat\/en\/conveni-amb-la-fundacio-universitaria-balmes\/\"},\"wordCount\":348,\"commentCount\":0,\"image\":{\"@id\":\"https:\/\/www.clusteraudiovisual.cat\/en\/conveni-amb-la-fundacio-universitaria-balmes\/#primaryimage\"},\"thumbnailUrl\":\"https:\/\/www.clusteraudiovisual.cat\/wp-content\/uploads\/2021\/02\/Conveni_VIC_03_07_2014_x380alt.jpg\",\"articleSection\":[\"WhatsNew\"],\"inLanguage\":\"en-US\",\"potentialAction\":[{\"@type\":\"CommentAction\",\"name\":\"Comment\",\"target\":[\"https:\/\/www.clusteraudiovisual.cat\/en\/conveni-amb-la-fundacio-universitaria-balmes\/#respond\"]}]},{\"@type\":\"WebPage\",\"@id\":\"https:\/\/www.clusteraudiovisual.cat\/en\/conveni-amb-la-fundacio-universitaria-balmes\/\",\"url\":\"https:\/\/www.clusteraudiovisual.cat\/en\/conveni-amb-la-fundacio-universitaria-balmes\/\",\"name\":\"Collaboration With the Balmes University Foundation - Cl\u00faster Audiovisual\",\"isPartOf\":{\"@id\":\"https:\/\/www.clusteraudiovisual.cat\/en\/#website\"},\"primaryImageOfPage\":{\"@id\":\"https:\/\/www.clusteraudiovisual.cat\/en\/conveni-amb-la-fundacio-universitaria-balmes\/#primaryimage\"},\"image\":{\"@id\":\"https:\/\/www.clusteraudiovisual.cat\/en\/conveni-amb-la-fundacio-universitaria-balmes\/#primaryimage\"},\"thumbnailUrl\":\"https:\/\/www.clusteraudiovisual.cat\/wp-content\/uploads\/2021\/02\/Conveni_VIC_03_07_2014_x380alt.jpg\",\"datePublished\":\"2014-07-03T15:42:18+00:00\",\"author\":{\"@id\":\"https:\/\/www.clusteraudiovisual.cat\/en\/#\/schema\/person\/23e1e732da72779cfc4fd7842583d17d\"},\"inLanguage\":\"en-US\",\"potentialAction\":[{\"@type\":\"ReadAction\",\"target\":[\"https:\/\/www.clusteraudiovisual.cat\/en\/conveni-amb-la-fundacio-universitaria-balmes\/\"]}]},{\"@type\":\"ImageObject\",\"inLanguage\":\"en-US\",\"@id\":\"https:\/\/www.clusteraudiovisual.cat\/en\/conveni-amb-la-fundacio-universitaria-balmes\/#primaryimage\",\"url\":\"https:\/\/www.clusteraudiovisual.cat\/wp-content\/uploads\/2021\/02\/Conveni_VIC_03_07_2014_x380alt.jpg\",\"contentUrl\":\"https:\/\/www.clusteraudiovisual.cat\/wp-content\/uploads\/2021\/02\/Conveni_VIC_03_07_2014_x380alt.jpg\",\"width\":570,\"height\":380},{\"@type\":\"WebSite\",\"@id\":\"https:\/\/www.clusteraudiovisual.cat\/en\/#website\",\"url\":\"https:\/\/www.clusteraudiovisual.cat\/en\/\",\"name\":\"Cl\u00faster Audiovisual\",\"description\":\"Associaci\u00f3 d&#039;empreses que integren el sector audiovisual.\",\"potentialAction\":[{\"@type\":\"SearchAction\",\"target\":{\"@type\":\"EntryPoint\",\"urlTemplate\":\"https:\/\/www.clusteraudiovisual.cat\/en\/?s={search_term_string}\"},\"query-input\":{\"@type\":\"PropertyValueSpecification\",\"valueRequired\":true,\"valueName\":\"search_term_string\"}}],\"inLanguage\":\"en-US\"},{\"@type\":\"Person\",\"@id\":\"https:\/\/www.clusteraudiovisual.cat\/en\/#\/schema\/person\/23e1e732da72779cfc4fd7842583d17d\",\"name\":\"admin\",\"sameAs\":[\"https:\/\/www.clusteraudiovisual.cat\"],\"url\":\"https:\/\/www.clusteraudiovisual.cat\/en\/author\/admin\/\"}]}<\/script>\n<!-- \/ Yoast SEO plugin. -->","yoast_head_json":{"title":"Collaboration With the Balmes University Foundation - Cl\u00faster Audiovisual","robots":{"index":"index","follow":"follow","max-snippet":"max-snippet:-1","max-image-preview":"max-image-preview:large","max-video-preview":"max-video-preview:-1"},"canonical":"https:\/\/www.clusteraudiovisual.cat\/en\/conveni-amb-la-fundacio-universitaria-balmes\/","og_locale":"en_US","og_type":"article","og_title":"Collaboration With the Balmes University Foundation - Cl\u00faster Audiovisual","og_description":"The Catalan Audio-Visual Cluster has signed a collaboration framework agreement with the Balmes University Foundation, owner of the Tekn\u00f3s...","og_url":"https:\/\/www.clusteraudiovisual.cat\/en\/conveni-amb-la-fundacio-universitaria-balmes\/","og_site_name":"Cl\u00faster Audiovisual","article_published_time":"2014-07-03T15:42:18+00:00","og_image":[{"width":570,"height":380,"url":"https:\/\/www.clusteraudiovisual.cat\/wp-content\/uploads\/2021\/02\/Conveni_VIC_03_07_2014_x380alt.jpg","type":"image\/jpeg"}],"author":"admin","twitter_card":"summary_large_image","twitter_misc":{"Written by":"admin","Est. reading time":"2 minutes"},"schema":{"@context":"https:\/\/schema.org","@graph":[{"@type":"Article","@id":"https:\/\/www.clusteraudiovisual.cat\/en\/conveni-amb-la-fundacio-universitaria-balmes\/#article","isPartOf":{"@id":"https:\/\/www.clusteraudiovisual.cat\/en\/conveni-amb-la-fundacio-universitaria-balmes\/"},"author":{"name":"admin","@id":"https:\/\/www.clusteraudiovisual.cat\/en\/#\/schema\/person\/23e1e732da72779cfc4fd7842583d17d"},"headline":"Collaboration With the Balmes University Foundation","datePublished":"2014-07-03T15:42:18+00:00","mainEntityOfPage":{"@id":"https:\/\/www.clusteraudiovisual.cat\/en\/conveni-amb-la-fundacio-universitaria-balmes\/"},"wordCount":348,"commentCount":0,"image":{"@id":"https:\/\/www.clusteraudiovisual.cat\/en\/conveni-amb-la-fundacio-universitaria-balmes\/#primaryimage"},"thumbnailUrl":"https:\/\/www.clusteraudiovisual.cat\/wp-content\/uploads\/2021\/02\/Conveni_VIC_03_07_2014_x380alt.jpg","articleSection":["WhatsNew"],"inLanguage":"en-US","potentialAction":[{"@type":"CommentAction","name":"Comment","target":["https:\/\/www.clusteraudiovisual.cat\/en\/conveni-amb-la-fundacio-universitaria-balmes\/#respond"]}]},{"@type":"WebPage","@id":"https:\/\/www.clusteraudiovisual.cat\/en\/conveni-amb-la-fundacio-universitaria-balmes\/","url":"https:\/\/www.clusteraudiovisual.cat\/en\/conveni-amb-la-fundacio-universitaria-balmes\/","name":"Collaboration With the Balmes University Foundation - Cl\u00faster Audiovisual","isPartOf":{"@id":"https:\/\/www.clusteraudiovisual.cat\/en\/#website"},"primaryImageOfPage":{"@id":"https:\/\/www.clusteraudiovisual.cat\/en\/conveni-amb-la-fundacio-universitaria-balmes\/#primaryimage"},"image":{"@id":"https:\/\/www.clusteraudiovisual.cat\/en\/conveni-amb-la-fundacio-universitaria-balmes\/#primaryimage"},"thumbnailUrl":"https:\/\/www.clusteraudiovisual.cat\/wp-content\/uploads\/2021\/02\/Conveni_VIC_03_07_2014_x380alt.jpg","datePublished":"2014-07-03T15:42:18+00:00","author":{"@id":"https:\/\/www.clusteraudiovisual.cat\/en\/#\/schema\/person\/23e1e732da72779cfc4fd7842583d17d"},"inLanguage":"en-US","potentialAction":[{"@type":"ReadAction","target":["https:\/\/www.clusteraudiovisual.cat\/en\/conveni-amb-la-fundacio-universitaria-balmes\/"]}]},{"@type":"ImageObject","inLanguage":"en-US","@id":"https:\/\/www.clusteraudiovisual.cat\/en\/conveni-amb-la-fundacio-universitaria-balmes\/#primaryimage","url":"https:\/\/www.clusteraudiovisual.cat\/wp-content\/uploads\/2021\/02\/Conveni_VIC_03_07_2014_x380alt.jpg","contentUrl":"https:\/\/www.clusteraudiovisual.cat\/wp-content\/uploads\/2021\/02\/Conveni_VIC_03_07_2014_x380alt.jpg","width":570,"height":380},{"@type":"WebSite","@id":"https:\/\/www.clusteraudiovisual.cat\/en\/#website","url":"https:\/\/www.clusteraudiovisual.cat\/en\/","name":"Cl\u00faster Audiovisual","description":"Associaci\u00f3 d&#039;empreses que integren el sector audiovisual.","potentialAction":[{"@type":"SearchAction","target":{"@type":"EntryPoint","urlTemplate":"https:\/\/www.clusteraudiovisual.cat\/en\/?s={search_term_string}"},"query-input":{"@type":"PropertyValueSpecification","valueRequired":true,"valueName":"search_term_string"}}],"inLanguage":"en-US"},{"@type":"Person","@id":"https:\/\/www.clusteraudiovisual.cat\/en\/#\/schema\/person\/23e1e732da72779cfc4fd7842583d17d","name":"admin","sameAs":["https:\/\/www.clusteraudiovisual.cat"],"url":"https:\/\/www.clusteraudiovisual.cat\/en\/author\/admin\/"}]}},"_links":{"self":[{"href":"https:\/\/www.clusteraudiovisual.cat\/en\/wp-json\/wp\/v2\/posts\/5901","targetHints":{"allow":["GET"]}}],"collection":[{"href":"https:\/\/www.clusteraudiovisual.cat\/en\/wp-json\/wp\/v2\/posts"}],"about":[{"href":"https:\/\/www.clusteraudiovisual.cat\/en\/wp-json\/wp\/v2\/types\/post"}],"author":[{"embeddable":true,"href":"https:\/\/www.clusteraudiovisual.cat\/en\/wp-json\/wp\/v2\/users\/1"}],"replies":[{"embeddable":true,"href":"https:\/\/www.clusteraudiovisual.cat\/en\/wp-json\/wp\/v2\/comments?post=5901"}],"version-history":[{"count":0,"href":"https:\/\/www.clusteraudiovisual.cat\/en\/wp-json\/wp\/v2\/posts\/5901\/revisions"}],"wp:featuredmedia":[{"embeddable":true,"href":"https:\/\/www.clusteraudiovisual.cat\/en\/wp-json\/wp\/v2\/media\/3952"}],"wp:attachment":[{"href":"https:\/\/www.clusteraudiovisual.cat\/en\/wp-json\/wp\/v2\/media?parent=5901"}],"wp:term":[{"taxonomy":"category","embeddable":true,"href":"https:\/\/www.clusteraudiovisual.cat\/en\/wp-json\/wp\/v2\/categories?post=5901"},{"taxonomy":"post_tag","embeddable":true,"href":"https:\/\/www.clusteraudiovisual.cat\/en\/wp-json\/wp\/v2\/tags?post=5901"}],"curies":[{"name":"wp","href":"https:\/\/api.w.org\/{rel}","templated":true}]}}